{"id":1259052,"date":"2025-07-07T19:59:47","date_gmt":"2025-07-08T01:59:47","guid":{"rendered":"https:\/\/www.acapulcopress.com\/?p=1259052"},"modified":"2025-07-07T20:03:26","modified_gmt":"2025-07-08T02:03:26","slug":"pagos-de-erick-comenzarian-proxima-semana-sheinbaum","status":"publish","type":"post","link":"https:\/\/www.acapulcopress.com\/index.php\/2025\/07\/07\/pagos-de-erick-comenzarian-proxima-semana-sheinbaum\/","title":{"rendered":"Pagos de &#8216;Erick&#8217; comenzar\u00edan pr\u00f3xima semana | Sheinbaum"},"content":{"rendered":"<p>CIUDAD DE M\u00c9XICO * 7 de julio 2025<br \/>\n<em>) <a href=\"https:\/\/soyanasa.blogspot.com\/2025\/07\/paquete-de-noticias-mario-garcia.html\" target=\"_blank\" rel=\"noopener\">ANASA<\/a><br \/>\n<\/em>La presidenta <strong>Claudia Sheinbaum Pardo<\/strong> anunci\u00f3 que, a m\u00e1s tardar la pr\u00f3xima semana, comenzar\u00e1 la entrega de recursos econ\u00f3micos para los damnificados del hurac\u00e1n Erick, ya que est\u00e1n concluyendo el levantamiento del censo.<\/p>\n<p>La semana pasada, el delegado federal de Bienestar en Guerrero inform\u00f3 que el censo de los municipios afectados por el hurac\u00e1n Erick en la regi\u00f3n de Costa Chica ya fue concluido. Asimismo, dio a conocer que el municipio de San Luis Acatl\u00e1n qued\u00f3 fuera del censo y pidi\u00f3 a sus habitantes mostrar madurez ante esta decisi\u00f3n tomada por la Secretar\u00eda de Bienestar.<\/p>\n<p>Se pregunt\u00f3 a la presidenta en qu\u00e9 municipios se realiz\u00f3 el censo y por qu\u00e9 San Luis Acatl\u00e1n no fue incluido, considerando que es uno de los municipios contemplados en la declaratoria de desastre emitida por la gobernadora.<\/p>\n<p>Tambi\u00e9n se le pregunt\u00f3 si, debido a las inconformidades que surgieron con el censo y el pago de apoyos a los municipios afectados por el hurac\u00e1n John, no reconsiderar\u00eda que los pagos se realicen a trav\u00e9s de tarjeta y no en efectivo, con el objetivo de hacerlos m\u00e1s eficientes y seguros.<\/p>\n<p>En su conferencia ma\u00f1anera, Sheinbaum se\u00f1al\u00f3 que no ser\u00e1 necesaria la declaratoria de desastre natural en las zonas impactadas por el fen\u00f3meno meteorol\u00f3gico. Coment\u00f3 que, de cualquier manera, el gobierno federal brindar\u00e1 apoyo para la reconstrucci\u00f3n y rehabilitaci\u00f3n de carreteras, viviendas, as\u00ed como para la reparaci\u00f3n de da\u00f1os en parcelas de las zonas afectadas en Guerrero y Oaxaca.<\/p>\n<p>Explic\u00f3 que la determinaci\u00f3n sobre las zonas donde se realiza el censo corresponde al comit\u00e9 integrado por la Comisi\u00f3n Nacional del Agua y el Sistema Nacional de Protecci\u00f3n Civil. Dicho comit\u00e9 define cu\u00e1les son los municipios afectados y, posteriormente, la Secretar\u00eda de Bienestar, a trav\u00e9s de los servidores de la naci\u00f3n, lleva a cabo el censo casa por casa.<\/p>\n<p>De igual forma, los apoyos se entregan directamente a cada persona damnificada. Reiter\u00f3 que ya no se entregan recursos a trav\u00e9s de organizaciones, ejidos o comunidades, sino de manera directa al afectado.Al respecto, la secretaria del Bienestar, Ariadna Montiel, precis\u00f3 que los pagos se realizan a trav\u00e9s del Banco del Bienestar. Record\u00f3 que, el a\u00f1o pasado en Acapulco, se distribuyeron 15 mil millones de pesos sin que se reportaran p\u00e9rdidas.<\/p>\n<p><em>) acapulcopress.com<\/em><\/p>\n","protected":false},"excerpt":{"rendered":"<p>CIUDAD DE M\u00c9XICO * 7 de julio 2025 ) ANASA La presidenta Claudia Sheinbaum Pardo anunci\u00f3 que, a m\u00e1s tardar la pr\u00f3xima semana, comenzar\u00e1 la entrega de recursos econ\u00f3micos para los damnificados del hurac\u00e1n Erick, ya que est\u00e1n concluyendo el levantamiento del censo. La semana pasada, el delegado federal de Bienestar en Guerrero inform\u00f3 que&#8230;<\/p>\n","protected":false},"author":1,"featured_media":1259053,"comment_status":"closed","ping_status":"open","sticky":false,"template":"","format":"standard","meta":{"footnotes":""},"categories":[18469,2080],"tags":[5853,18503],"class_list":["post-1259052","post","type-post","status-publish","format-standard","has-post-thumbnail","hentry","category-generales","category-regiones-de-guerrero","tag-claudia-sheinbaum-pardo","tag-huracan-erick"],"_links":{"self":[{"href":"https:\/\/www.acapulcopress.com\/index.php\/wp-json\/wp\/v2\/posts\/1259052","targetHints":{"allow":["GET"]}}],"collection":[{"href":"https:\/\/www.acapulcopress.com\/index.php\/wp-json\/wp\/v2\/posts"}],"about":[{"href":"https:\/\/www.acapulcopress.com\/index.php\/wp-json\/wp\/v2\/types\/post"}],"author":[{"embeddable":true,"href":"https:\/\/www.acapulcopress.com\/index.php\/wp-json\/wp\/v2\/users\/1"}],"replies":[{"embeddable":true,"href":"https:\/\/www.acapulcopress.com\/index.php\/wp-json\/wp\/v2\/comments?post=1259052"}],"version-history":[{"count":3,"href":"https:\/\/www.acapulcopress.com\/index.php\/wp-json\/wp\/v2\/posts\/1259052\/revisions"}],"predecessor-version":[{"id":1259056,"href":"https:\/\/www.acapulcopress.com\/index.php\/wp-json\/wp\/v2\/posts\/1259052\/revisions\/1259056"}],"wp:featuredmedia":[{"embeddable":true,"href":"https:\/\/www.acapulcopress.com\/index.php\/wp-json\/wp\/v2\/media\/1259053"}],"wp:attachment":[{"href":"https:\/\/www.acapulcopress.com\/index.php\/wp-json\/wp\/v2\/media?parent=1259052"}],"wp:term":[{"taxonomy":"category","embeddable":true,"href":"https:\/\/www.acapulcopress.com\/index.php\/wp-json\/wp\/v2\/categories?post=1259052"},{"taxonomy":"post_tag","embeddable":true,"href":"https:\/\/www.acapulcopress.com\/index.php\/wp-json\/wp\/v2\/tags?post=1259052"}],"curies":[{"name":"wp","href":"https:\/\/api.w.org\/{rel}","templated":true}]}}