{"id":1259057,"date":"2025-07-08T20:51:55","date_gmt":"2025-07-09T02:51:55","guid":{"rendered":"https:\/\/www.acapulcopress.com\/?p=1259057"},"modified":"2025-07-08T20:51:55","modified_gmt":"2025-07-09T02:51:55","slug":"reitera-evelyn-compromiso-con-la-paz-y-estabilidad-de-los-guerrerenses","status":"publish","type":"post","link":"https:\/\/www.acapulcopress.com\/index.php\/2025\/07\/08\/reitera-evelyn-compromiso-con-la-paz-y-estabilidad-de-los-guerrerenses\/","title":{"rendered":"Reitera #Evelyn compromiso con la paz y estabilidad de los guerrerenses"},"content":{"rendered":"<p>CHILPANCINGO * 8 de julio 2025<br \/>\n<em>) Gobierno de Guerrero<\/em><br \/>\nEl Gobierno del estado de Guerrero reitera su compromiso absoluto con la paz, la seguridad y la estabilidad de las y los guerrerenses, y convoca a las autoridades municipales a priorizar el trabajo coordinado, el di\u00e1logo institucional y la denuncia responsable a trav\u00e9s de los cauces legales establecidos.<\/p>\n<p>El subsecretario de Desarrollo Pol\u00edtico y Social, <strong>Francisco Rodr\u00edguez Cisneros<\/strong>, destac\u00f3 que la gobernadora <strong>Evelyn Salgado Pineda<\/strong> mantiene la postura de enfrentar los desaf\u00edos en materia de seguridad con responsabilidad, legalidad y trabajo conjunto entre los tres niveles de gobierno.<\/p>\n<p>En este sentido, subray\u00f3 que cualquier asunto relacionado con la seguridad p\u00fablica debe ser canalizado por las v\u00edas institucionales, como la presidencia municipal, la sindicatura o el cabildo. Asimismo, cualquier hecho con posibles implicaciones legales debe presentarse ante la <em>Fiscal\u00eda General del Estado<\/em> o, seg\u00fan el caso, ante la Fiscal\u00eda General de la Rep\u00fablica.<\/p>\n<p>\u201cEl Gobierno del Estado mantiene apertura al di\u00e1logo, con estricto apego al marco institucional. La seguridad requiere ser abordada desde la legalidad, con seriedad, no con discursos, sino con acciones y con denuncias formales donde corresponda\u201d, puntualiz\u00f3 Rodr\u00edguez Cisneros.<\/p>\n<p>Asimismo, reconoci\u00f3 los avances alcanzados por la Mesa de Coordinaci\u00f3n para la Construcci\u00f3n de la Paz, en la que participan instituciones como la DEFENSA, la Guardia Nacional y la Secretar\u00eda de Marina, lo que ha permitido reducir los \u00edndices delictivos en municipios clave como Chilpancingo.<\/p>\n<p>El funcionario reiter\u00f3 que la administraci\u00f3n estatal respeta plenamente la autonom\u00eda municipal y llam\u00f3 a las autoridades locales a conducirse con responsabilidad y fortalecer los canales de cooperaci\u00f3n institucional en favor de la ciudadan\u00eda.<\/p>\n<p>\u201cGuerrero necesita autoridades que trabajen, que dialoguen y que denuncien donde corresponde. Esa es la \u00fanica v\u00eda para proteger a nuestra gente y construir un futuro en paz\u201d, concluy\u00f3.<\/p>\n<p><em>) acapulcopress.com<\/em><\/p>\n","protected":false},"excerpt":{"rendered":"<p>CHILPANCINGO * 8 de julio 2025 ) Gobierno de Guerrero El Gobierno del estado de Guerrero reitera su compromiso absoluto con la paz, la seguridad y la estabilidad de las y los guerrerenses, y convoca a las autoridades municipales a priorizar el trabajo coordinado, el di\u00e1logo institucional y la denuncia responsable a trav\u00e9s de los&#8230;<\/p>\n","protected":false},"author":1,"featured_media":1259058,"comment_status":"closed","ping_status":"open","sticky":false,"template":"","format":"standard","meta":{"footnotes":""},"categories":[1997],"tags":[8251,8894,9302],"class_list":["post-1259057","post","type-post","status-publish","format-standard","has-post-thumbnail","hentry","category-noticias-destacadas","tag-evelyn-salgado-pineda","tag-francisco-rodriguez-cisneros","tag-gobierno-de-guerrero"],"_links":{"self":[{"href":"https:\/\/www.acapulcopress.com\/index.php\/wp-json\/wp\/v2\/posts\/1259057","targetHints":{"allow":["GET"]}}],"collection":[{"href":"https:\/\/www.acapulcopress.com\/index.php\/wp-json\/wp\/v2\/posts"}],"about":[{"href":"https:\/\/www.acapulcopress.com\/index.php\/wp-json\/wp\/v2\/types\/post"}],"author":[{"embeddable":true,"href":"https:\/\/www.acapulcopress.com\/index.php\/wp-json\/wp\/v2\/users\/1"}],"replies":[{"embeddable":true,"href":"https:\/\/www.acapulcopress.com\/index.php\/wp-json\/wp\/v2\/comments?post=1259057"}],"version-history":[{"count":1,"href":"https:\/\/www.acapulcopress.com\/index.php\/wp-json\/wp\/v2\/posts\/1259057\/revisions"}],"predecessor-version":[{"id":1259059,"href":"https:\/\/www.acapulcopress.com\/index.php\/wp-json\/wp\/v2\/posts\/1259057\/revisions\/1259059"}],"wp:featuredmedia":[{"embeddable":true,"href":"https:\/\/www.acapulcopress.com\/index.php\/wp-json\/wp\/v2\/media\/1259058"}],"wp:attachment":[{"href":"https:\/\/www.acapulcopress.com\/index.php\/wp-json\/wp\/v2\/media?parent=1259057"}],"wp:term":[{"taxonomy":"category","embeddable":true,"href":"https:\/\/www.acapulcopress.com\/index.php\/wp-json\/wp\/v2\/categories?post=1259057"},{"taxonomy":"post_tag","embeddable":true,"href":"https:\/\/www.acapulcopress.com\/index.php\/wp-json\/wp\/v2\/tags?post=1259057"}],"curies":[{"name":"wp","href":"https:\/\/api.w.org\/{rel}","templated":true}]}}