{"id":1259081,"date":"2025-07-09T14:04:54","date_gmt":"2025-07-09T20:04:54","guid":{"rendered":"https:\/\/www.acapulcopress.com\/?p=1259081"},"modified":"2025-07-09T14:06:09","modified_gmt":"2025-07-09T20:06:09","slug":"innecesaria-declaratoria-de-emergencia-en-caso-de-desastre","status":"publish","type":"post","link":"https:\/\/www.acapulcopress.com\/index.php\/2025\/07\/09\/innecesaria-declaratoria-de-emergencia-en-caso-de-desastre\/","title":{"rendered":"Innecesaria Declaratoria de Emergencia en caso de desastre"},"content":{"rendered":"<p>Marem\u00e1gnum<br \/>\n\u00bb <a href=\"https:\/\/www.facebook.com\/ricardocastill01\" target=\"_blank\" rel=\"noopener\"><strong>RICARDO<\/strong> | <strong>CASTILLO BARRIENTOS<\/strong><\/a><\/p>\n<p>En lo reg\u00edmenes neoliberales del pasado reciente del PRI y PAN, en cada desastre acontecidos en el puerto de Acapulco y otras ciudades de la entidad, el gobierno federal a trav\u00e9s del Fondo de Desastres Naturales (<strong>Fonden<\/strong>), acud\u00eda en auxilio de las familias afectadas por fen\u00f3menos meteorol\u00f3gicos o s\u00edsmicos, con apoyos materiales de bajo valor econ\u00f3mico: despensas, l\u00e1minas y cobertores.<\/p>\n<p>Los funcionarios del famoso <strong>FONDEN<\/strong>, canalizaban las inversiones en la rehabilitaci\u00f3n de infraestructura carretera, hospitales comunitarios, escuelas y otros rubros de menor importancia.<\/p>\n<p>A consecuencia de los huracanes <em>Ingrid y Manuel<\/em> en septiembre de 2013, el Gobierno de la Rep\u00fablica aprob\u00f3 la estratosf\u00e9rica cifra de 60 mil millones de pesos, aplic\u00e1ndose \u00fanicamente 40 mil millones de pesos, en la reparaci\u00f3n de infraestructura p\u00fablica y en la construcci\u00f3n de vivienda popular en Chilpancingo y Acapulco, en zonas de alto riesgo El grueso de los recursos no se aplicaba en beneficio directo de la poblaci\u00f3n.<\/p>\n<p>El <strong>FONDEN<\/strong> fue eliminado durante el gobierno del ex presidente L\u00f3pez Obrador en 2021, con el argumento que los recursos p\u00fablicos se desviaban hacia otros fines y eran objeto de corrupci\u00f3n de funcionales venales.<\/p>\n<p><strong>La Coordinaci\u00f3n Nacional de Protecci\u00f3n Civil<\/strong>, a solicitud de gobiernos estatales, aprobaba la <strong>Declaratoria de Emergencia por Desastre<\/strong>, distribuyendo apoyos materiales a personas damnificadas, a causa de fen\u00f3menos naturales perturbadores que ocasionaron p\u00e9rdidas en viviendas o vidas.<\/p>\n<p>En cambio, con el gobierno del ex presidente L\u00f3pez Obrador, las condiciones de ayuda humanitaria cambiaron radicalmente, con la entrega individual de significativos apoyos econ\u00f3micos, enseres dom\u00e9sticos, despensas y vales, de manera casi generalizada, dejando satisfechos a los damnificados y a otras familias de menor afectaci\u00f3n.<\/p>\n<p>Desde el gobierno del ex presidente L\u00f3pez Obrador desapareci\u00f3 la figura burocr\u00e1tica de la \u201c<strong>Declaratoria de Emergencia<\/strong>\u201d, por esa raz\u00f3n la presidenta Claudia Sheinbaum, consider\u00f3 no necesario continuar con esa pr\u00e1ctica oficial, en virtud de brindarse la atenci\u00f3n y ayuda inmediata a los afectados por el hurac\u00e1n <em>Erick<\/em> de baja intensidad, en los municipios de mayor impacto, en la regi\u00f3n de la Costa Chica.<\/p>\n<p>Algunas voces insisten en el retorno urgente del <strong>FONDEN<\/strong>, aun cuando este instrumento no funcionaba con eficiencia y honestidad; en cambio, ahora se ejercen recursos financieros ilimitados de la Secretar\u00eda del Bienestar, Secretaria de Infraestructura y Comunicaciones y Transportes (<strong>SICT<\/strong>), Comisi\u00f3n Nacional del Agua (<strong>CONAGUA<\/strong>), <strong>SEDENA, MARINA<\/strong> y otras dependencias.<\/p>\n<p>El levantamiento de los censos a cargo de los \u201cServidores de la Naci\u00f3n\u201d, representa un esfuerzo extraordinario; sin embargo, siempre surgen protestas y bloqueos por quienes no alcanzaron a registrarse o no sufrieron da\u00f1os en su patrimonio, e insisten y reclaman su incorporaci\u00f3n al <strong>Censo del Bienestar<\/strong>, a fin recibir los beneficios.<\/p>\n<p>Por tercera ocasi\u00f3n &#8211;<em>Otis, John, Erick<\/em>-, el gobierno de la <strong>Cuarta<\/strong> <strong>Transformaci\u00f3n<\/strong> apoya directamente a miles de familias, como nunca antes, adem\u00e1s de reconstruir la infraestructura oficial da\u00f1ada.<\/p>\n<p><strong>Marea Baja.-<\/strong> De manera repentina se origin\u00f3 el deceso del controvertido pol\u00edtico de Axoxuca, municipio de Tlapa, <strong>\u00c1lvaro Leyva<\/strong> <strong>Reyes<\/strong>, el pasado domingo, en la capital del estado.<\/p>\n<p>Leyva Reyes se caracteriz\u00f3 como un personaje combativo en las filas del PRI, en la \u00e9poca de la Corriente Democr\u00e1tica, formada por Cuauht\u00e9moc C\u00e1rdenas, Porfirio Mu\u00f1oz Ledo, Ifigenia Mart\u00ednez, Rodolfo Gonz\u00e1lez Guevara, Carlos Tello, Ignacio Castillo Mena, Armando Labra y Vicente Fuentes D\u00edas, y a nivel local, <strong>\u00c1lvaro Leyva<\/strong> <strong>Reyes<\/strong>.<\/p>\n<p>El pol\u00edtico de Axoxuca particip\u00f3 en infinidad de movimientos sociales y recientemente estaba entregado en la construcci\u00f3n del partido <strong>Somos M\u00e9xico<\/strong> (ex <strong>Marea Rosa<\/strong>), en coordinaci\u00f3n con el delegado estatal, Ram\u00f3n Sosamontes Herreramoro. Descanse en paz tan entra\u00f1able y combativo amigo.<\/p>\n<p><strong>Marea Alta.-<\/strong> Este d\u00eda mi\u00e9rcoles 9 del actual, a las 17:00 horas, se presentar\u00e1 en el auditorio del IIEPA IMA, el proyecto acad\u00e9mico \u201cLa lucha por la democratizaci\u00f3n desde los m\u00e1rgenes: \u201cCaracterizaci\u00f3n y an\u00e1lisis de los movimiento sociales y populares en Guerrero\u201d, que coordina la doctora Mariela D\u00edaz Sandoval, profesora-investigadora de la <strong>UAGro<\/strong>.<\/p>\n<p>Este di\u00e1logo sobre la izquierda en Guerrero, tiene el objetivo de \u201cpropiciar la reflexi\u00f3n y el debate abierto sobre los alcances de la democracia guerrerense, los escenarios de las luchas electorales que se van configurando, los realineamientos de las facciones pol\u00edticas, y la construcci\u00f3n de un proyecto pol\u00edtico de izquierda, que recupere el esp\u00edritu de las luchas pol\u00edticas por la democratizaci\u00f3n y contra los liderazgos autoritarios en la entidad\u201d.<\/p>\n<p><strong>Maremoto.-<\/strong> Una verdadera tormenta en un vaso de agua se convirti\u00f3 el supuesto cierre de la estaci\u00f3n radiof\u00f3nica universitaria, <strong>XEUAG<\/strong>, con la entrega del transmisor al finado Instituto Federal de Telecomunicaciones (<strong>IFT<\/strong>), por la conjetura de un oficio de ese ex organismo a la direcci\u00f3n jur\u00eddica de la <em>Alma M\u00e1ter<\/em>, documento inexistente confirm\u00f3 el rector Javier Salda\u00f1a Almaz\u00e1n.<\/p>\n<p>Despu\u00e9s de muchos a\u00f1os, <strong>XEUAG<\/strong>, logr\u00f3 incorporarse al Registro P\u00fablico de Concesiones del<strong> IFT<\/strong>, cumpliendo los requisitos establecidos por la ley. Viene a la memoria la \u201c<strong>Operaci\u00f3n Bucanero<\/strong>\u201d, cuando la radio universitaria fue perseguida por el gobierno federal, \u00a0\u00a0\u00a0\u00a0\u00a0-d\u00e9cada 80s- por no contar con la debida concesi\u00f3n, teniendo que transmitir desde la clandestinidad en varios municipios de la entidad.<\/p>\n<p>Del supuesto cierre de la radiodifusora, se se\u00f1al\u00f3 a los senadores F\u00e9lix Salgado Macedonio y Manuel A\u00f1orve Ba\u00f1os, quienes negaron toda intromisi\u00f3n, al contrario, admitieron sus respetos a la libertad de expresi\u00f3n, aun cuando son cuestionados con severidad por los conductores de los noticieros de la radio universitaria.<\/p>\n<p><em>) acapulcopress.com<\/em><\/p>\n","protected":false},"excerpt":{"rendered":"<p>En lo reg\u00edmenes neoliberales del pasado reciente del PRI y PAN, en cada desastre acontecidos en el puerto de Acapulco y otras ciudades <\/p>\n","protected":false},"author":1,"featured_media":1259082,"comment_status":"closed","ping_status":"open","sticky":false,"template":"","format":"standard","meta":{"footnotes":""},"categories":[2071,1991],"tags":[12503,15575],"class_list":["post-1259081","post","type-post","status-publish","format-standard","has-post-thumbnail","hentry","category-opinion-analisis-columnas","category-libertad-de-expresion","tag-maremagnum","tag-ricardo-castillo-barrientos"],"_links":{"self":[{"href":"https:\/\/www.acapulcopress.com\/index.php\/wp-json\/wp\/v2\/posts\/1259081","targetHints":{"allow":["GET"]}}],"collection":[{"href":"https:\/\/www.acapulcopress.com\/index.php\/wp-json\/wp\/v2\/posts"}],"about":[{"href":"https:\/\/www.acapulcopress.com\/index.php\/wp-json\/wp\/v2\/types\/post"}],"author":[{"embeddable":true,"href":"https:\/\/www.acapulcopress.com\/index.php\/wp-json\/wp\/v2\/users\/1"}],"replies":[{"embeddable":true,"href":"https:\/\/www.acapulcopress.com\/index.php\/wp-json\/wp\/v2\/comments?post=1259081"}],"version-history":[{"count":3,"href":"https:\/\/www.acapulcopress.com\/index.php\/wp-json\/wp\/v2\/posts\/1259081\/revisions"}],"predecessor-version":[{"id":1259085,"href":"https:\/\/www.acapulcopress.com\/index.php\/wp-json\/wp\/v2\/posts\/1259081\/revisions\/1259085"}],"wp:featuredmedia":[{"embeddable":true,"href":"https:\/\/www.acapulcopress.com\/index.php\/wp-json\/wp\/v2\/media\/1259082"}],"wp:attachment":[{"href":"https:\/\/www.acapulcopress.com\/index.php\/wp-json\/wp\/v2\/media?parent=1259081"}],"wp:term":[{"taxonomy":"category","embeddable":true,"href":"https:\/\/www.acapulcopress.com\/index.php\/wp-json\/wp\/v2\/categories?post=1259081"},{"taxonomy":"post_tag","embeddable":true,"href":"https:\/\/www.acapulcopress.com\/index.php\/wp-json\/wp\/v2\/tags?post=1259081"}],"curies":[{"name":"wp","href":"https:\/\/api.w.org\/{rel}","templated":true}]}}