{"id":1259086,"date":"2025-07-11T21:41:38","date_gmt":"2025-07-12T03:41:38","guid":{"rendered":"https:\/\/www.acapulcopress.com\/?p=1259086"},"modified":"2025-07-11T21:41:38","modified_gmt":"2025-07-12T03:41:38","slug":"reforzar-la-infraestructura-tecnologica-contra-la-delincuencia","status":"publish","type":"post","link":"https:\/\/www.acapulcopress.com\/index.php\/2025\/07\/11\/reforzar-la-infraestructura-tecnologica-contra-la-delincuencia\/","title":{"rendered":"Reforzar la infraestructura tecnol\u00f3gica contra la delincuencia\u00a0"},"content":{"rendered":"<p>Marem\u00e1gnum<br \/>\n\u00bb <a href=\"https:\/\/www.facebook.com\/ricardocastill01\" target=\"_blank\" rel=\"noopener\"><em><strong>RICARDO<\/strong> |<strong> CASTILLO BARRIENTOS<\/strong><\/em><\/a><\/p>\n<p>Est\u00e1 comprobado que el <strong>Sistema de Seguridad P\u00fablica<\/strong> adolece de deficiencias severas en inteligencia y operatividad, haci\u00e9ndola vulnerable ante los permanentes embates de la delincuencia y el crimen organizado con casi absoluta impunidad.<\/p>\n<p>Los resultados del accionar de las fuerzas p\u00fablicas quedan rebasados ante el cumulo de delitos cometidos de diversa \u00edndole, prevaleciendo los homicidios, las desapariciones, la extorsi\u00f3n, los robos, el tr\u00e1fico de enervantes y las agresiones sexuales.<\/p>\n<p>En las dos \u00faltimas d\u00e9cadas han cobrado auge la instalaci\u00f3n y operaci\u00f3n de los Centros de Comando, Control, C\u00f3mputo, Comunicaciones y Contacto Ciudadano, conocidos como los <strong>C-5<\/strong>, cuya responsabilidad se aboca al monitoreo de la ciudad, por medio de c\u00e1maras de videovigilancia y sistemas de c\u00f3mputo, con el objetivo de prevenir delitos, atender emergencias urbanas y mejorar la atenci\u00f3n ciudadana.<\/p>\n<p>Estos <strong>Centros Inteligentes<\/strong> tienen una funci\u00f3n vital para brindar seguridad y respuestas inmediatas a la poblaci\u00f3n, a trav\u00e9s de una infraestructura tecnol\u00f3gica moderna.<\/p>\n<p>Estos <strong>Centros Operativos<\/strong> han mostrado resultados extraordinarios en algunas ciudades del pa\u00eds y del extranjero porque disponen adem\u00e1s, de herramientas de reconocimiento facial y placas de veh\u00edculos, permitiendo la identificaci\u00f3n de delincuentes y automotores con los que se cometieron il\u00edcitos.<\/p>\n<p>En Guerrero, este <strong>Sistema<\/strong> no ha cumplido con sus fines por la ineficaz operaci\u00f3n de los responsables y la insuficiencia de instrumentos tecnol\u00f3gicos y capacitaci\u00f3n que permitan cubrir puntos estrat\u00e9gicos de videovigilancia, y as\u00ed brindar mayor protecci\u00f3n a la ciudadan\u00eda.<\/p>\n<p>En Acapulco, Chilpancingo e Iguala, mal funcionan los <strong>C-4<\/strong> y en Zihuatanejo y Taxco, los <strong>C-2<\/strong>, estos \u00faltimos est\u00e1n muy limitados en su operaci\u00f3n, a pesar de la importancia tur\u00edsticas de ambas ciudades, que cuentan con pocas c\u00e1maras, sin que funcionen en su totalidad. Uno de estos tipos de Centros dej\u00f3 de operar en Ciudad Altamirano hace varios a\u00f1os. Los Centros han estado a cargo de la Secretar\u00eda de Seguridad P\u00fablica del gobierno estatal. No se cuenta todav\u00eda con un <strong>C-5<\/strong> en Guerrero, siendo necesario escalar los <strong>C-2<\/strong> <strong>y<\/strong> <strong>C-4 a C-5.<\/strong><\/p>\n<p>Ante la creciente ola de criminalidad, la Guarda Nacional dependiente de la Secretar\u00eda de la Defensa Nacional (<strong>SDN<\/strong>), asumi\u00f3 el control de los Centros Operativos, en Acapulco y Chilpancingo, en breve, Zihuatanejo y Taxco, con la finalidad de evitar infiltraciones de malos elementos polic\u00edacos coludidos con el crimen organizado.<\/p>\n<p>Con esta decisi\u00f3n se espera una mayor efectividad y resultados que impacten en la disminuci\u00f3n de delitos y la captura de generadores de violencia y delincuentes comunes, pues el <strong>Ej\u00e9rcito Mexicano<\/strong>, la <strong>MARINA <\/strong>y la <strong>Guardia Nacional<\/strong>, inspiran m\u00e1s confianza que los polic\u00edas locales.<\/p>\n<p><strong>Marea Baja.-<\/strong> Con motivo del \u201c<strong>D\u00eda Mundial del Rock<\/strong>\u201d, ma\u00f1ana s\u00e1bado tendr\u00e1 efecto un magno concierto con la participaci\u00f3n de las bandas; Mevak, Stingray Bullet, Drack Thar, Oranges y Black Jack.<\/p>\n<p>El evento se realizar\u00e1 en la avenida Costera Miguel Alem\u00e1n 1702, local 3, a un costado de la ex Universidad Americana de Acapulco, a partir de las nueve de la noche. La invitaci\u00f3n la formula el <strong>Movimiento<\/strong> <strong>Rockero de Acapulco<\/strong>, que coordina el inefable promotor cultural de la UAGro, Enrique Moreno, mejor conocido como \u201c<strong>Pajarito<\/strong>\u201d.<\/p>\n<p><strong>Marea Alta.-<\/strong> Por fin se puso en marcha el Centro Estatal de Servicios (<strong>CES<\/strong>), en el <strong>Edificio Inteligente<\/strong>, por \u00f3rdenes de la gobernadora Evelyn Salgado Pineda, a fin de aprovechar al m\u00e1ximo esas instalaciones con la reubicaci\u00f3n de las oficinas estatales diseminadas en el puerto.<\/p>\n<p>Con esta medida, el Gobierno del Estado, ahorrar\u00e1 m\u00e1s de 15 millones de pesos anuales, en el pago de rentas que ven\u00edan cubriendo desde hace un buen tiempo.<\/p>\n<p>Con la concentraci\u00f3n de oficinas en este moderno y funcional edifiio, permitir\u00e1 brindar un mejor servicio a los usuarios que acuden a realizar tr\u00e1mites en la Agencia Fiscal No, 2, la delegaci\u00f3n del Registro P\u00fablico de la Propiedad, <strong>SEFOTUR<\/strong>, Fideicomiso para la Promoci\u00f3n Tur\u00edstica de Acapulco (<strong>FIDETUR<\/strong>), Promotora de Playas, y otras m\u00e1s.<\/p>\n<p><strong>Maremoto.-<\/strong> Ayer 10 de julio su cumpli\u00f3 el <strong>96 aniversario <\/strong>del natalicio del inolvidable profesor Genaro V\u00e1zquez Rojas, oriundo de San Luis Acatl\u00e1n, all\u00e1 en la Costa Chica, hecho hist\u00f3rico que pas\u00f3 desapercibido para supuestos camaradas de la izquierda guerrerense.<\/p>\n<p>El comandante guerrillero Genaro V\u00e1zquez, sacudi\u00f3 al sistema pol\u00edtico mexicano, con su levantamiento armado en la sierra de la Costa Grande, enarbolando causas campesinas y democr\u00e1ticas, que le costaron la vida en un supuesto accidente automovil\u00edstico, en el vecino estado de Michoac\u00e1n.<\/p>\n<p>Antes de remontarse a la sierra, form\u00f3 la Asociaci\u00f3n C\u00edvica Guerrerense (<strong>ACG<\/strong>), para luchar por demandas sociales de campesinos explotados por caciques y terratenientes.<\/p>\n<p>\u201cLograr la liberaci\u00f3n de M\u00e9xico y una Patria Nueva o morir por ella\u201d, fue su lema de batalla y as\u00ed muri\u00f3 en 1972, el legendario guerrillero, l\u00edder magisterial y campesino. Existe la propuesta para que los nombres de <strong>Genaro V\u00e1zquez Rojas<\/strong> y <strong>Lucio Caba\u00f1as Barrientos<\/strong>, queden inscritos en el muro de honor del Congreso del Estado y en el Congreso de la Uni\u00f3n.<br \/>\n<em>) acapulcopress.com<\/em><\/p>\n","protected":false},"excerpt":{"rendered":"<p>Est\u00e1 comprobado que el Sistema de Seguridad P\u00fablica adolece de deficiencias severas en inteligencia y operatividad,<\/p>\n","protected":false},"author":1,"featured_media":1259087,"comment_status":"closed","ping_status":"open","sticky":false,"template":"","format":"standard","meta":{"footnotes":""},"categories":[2071,1991],"tags":[12503,15575],"class_list":["post-1259086","post","type-post","status-publish","format-standard","has-post-thumbnail","hentry","category-opinion-analisis-columnas","category-libertad-de-expresion","tag-maremagnum","tag-ricardo-castillo-barrientos"],"_links":{"self":[{"href":"https:\/\/www.acapulcopress.com\/index.php\/wp-json\/wp\/v2\/posts\/1259086","targetHints":{"allow":["GET"]}}],"collection":[{"href":"https:\/\/www.acapulcopress.com\/index.php\/wp-json\/wp\/v2\/posts"}],"about":[{"href":"https:\/\/www.acapulcopress.com\/index.php\/wp-json\/wp\/v2\/types\/post"}],"author":[{"embeddable":true,"href":"https:\/\/www.acapulcopress.com\/index.php\/wp-json\/wp\/v2\/users\/1"}],"replies":[{"embeddable":true,"href":"https:\/\/www.acapulcopress.com\/index.php\/wp-json\/wp\/v2\/comments?post=1259086"}],"version-history":[{"count":1,"href":"https:\/\/www.acapulcopress.com\/index.php\/wp-json\/wp\/v2\/posts\/1259086\/revisions"}],"predecessor-version":[{"id":1259088,"href":"https:\/\/www.acapulcopress.com\/index.php\/wp-json\/wp\/v2\/posts\/1259086\/revisions\/1259088"}],"wp:featuredmedia":[{"embeddable":true,"href":"https:\/\/www.acapulcopress.com\/index.php\/wp-json\/wp\/v2\/media\/1259087"}],"wp:attachment":[{"href":"https:\/\/www.acapulcopress.com\/index.php\/wp-json\/wp\/v2\/media?parent=1259086"}],"wp:term":[{"taxonomy":"category","embeddable":true,"href":"https:\/\/www.acapulcopress.com\/index.php\/wp-json\/wp\/v2\/categories?post=1259086"},{"taxonomy":"post_tag","embeddable":true,"href":"https:\/\/www.acapulcopress.com\/index.php\/wp-json\/wp\/v2\/tags?post=1259086"}],"curies":[{"name":"wp","href":"https:\/\/api.w.org\/{rel}","templated":true}]}}