{"id":1259090,"date":"2025-07-14T17:46:18","date_gmt":"2025-07-14T23:46:18","guid":{"rendered":"https:\/\/www.acapulcopress.com\/?p=1259090"},"modified":"2025-07-14T18:00:55","modified_gmt":"2025-07-15T00:00:55","slug":"atiende-capama-denuncia-por-brote-de-estiercol-en-el-zocalo","status":"publish","type":"post","link":"https:\/\/www.acapulcopress.com\/index.php\/2025\/07\/14\/atiende-capama-denuncia-por-brote-de-estiercol-en-el-zocalo\/","title":{"rendered":"Atiendi\u00f3 CAPAMA denuncia por brote de esti\u00e9rcol en el z\u00f3calo"},"content":{"rendered":"<p>ACAPULCO * 14 de julio 2025<br \/>\n) Redacci\u00f3n | Aps<br \/>\nEl coordinaci\u00f3n con la <em>Conagua, CAPAMA<\/em> atendi\u00f3 esta ma\u00f1ana la denuncia realizada en redes sociales la noche de ayer domingo a trav\u00e9s de <img loading=\"lazy\" decoding=\"async\" class=\"alignleft wp-image-1259093 size-cmsmasters-square-thumb\" src=\"https:\/\/www.acapulcopress.com\/wp-content\/uploads\/2025\/07\/CAPAMA-ZOCALO3-360x360.jpg\" alt=\"\" width=\"360\" height=\"360\" srcset=\"https:\/\/www.acapulcopress.com\/wp-content\/uploads\/2025\/07\/CAPAMA-ZOCALO3-360x360.jpg 360w, https:\/\/www.acapulcopress.com\/wp-content\/uploads\/2025\/07\/CAPAMA-ZOCALO3-150x150.jpg 150w, https:\/\/www.acapulcopress.com\/wp-content\/uploads\/2025\/07\/CAPAMA-ZOCALO3-70x70.jpg 70w\" sizes=\"auto, (max-width: 360px) 100vw, 360px\" \/>un video donde se mostraba materia fecal brotando de una alcantarilla sobre la plaza Juan N. \u00c1lvarez, mejor conocida como z\u00f3calo de la ciudad.<\/p>\n<p>La<em> Comisi\u00f3n de Agua Potable y Alcantarillado del Municipicio de Acapulco (CAPAMA)<\/em>, inform\u00f3 que en coordinadi\u00f3n con la <em>Comisi\u00f3n Nacional del Agua (Conagua)<\/em> inform\u00f3 qune el incidente pudo deberse auna obstrucci\u00f3n severa causada por grasa, residuos s\u00f3lidos y materiales no aptos para el drenaje, aunque especialistas en redes hidrosanitarias opinan que todo se debe a la falta de mantenimiento de las redes del drenaje p\u00fablico, las cuales fueron severamente da\u00f1adas durante el hurac\u00e1n Otis, pero hasta ahora no habido reacci\u00f3n alguna de parte del gobierno municipal, al respecto, pues \u00abno es su competencia\u00bb, seg\u00fan revel\u00f3 <strong>Ramiro Solorio<\/strong> que dijo la alcaldesa <strong>Abelina L\u00f3pez Rodr\u00edguez<\/strong> ante el Congreso local donde el excandidato a presidente municipal interpuso una petici\u00f3n de revocaci\u00f3 de mandato contra la misma persona que se ha negado a declarar m\u00e1s de<strong> 898 millones de pesos<\/strong> que le fueron entregador por el<em> Fondo de Aportaciones para la Infraestructura Social (FAIS)<\/em> para el Ejercicio Fiscal 2023, entre cuyas obras etiquetadas por ese recurso figuraban la reparaci\u00f3n del drenaje de Acapulco.<\/p>\n<p>De manera r\u00fastica y sin la protecci\u00f3n adecuada, la misma CAPAMA detall\u00f3 que las maiobras de desazolve de la alcantarilla por donde brotaba esti\u00e9rcol fue realizado con varillas, garantizando con ello \u00abfuturos taponamientos en esta zona emblem\u00e1tica del puerto\u00bb, concluy\u00f3 el risorio comunicado emitido bajo las instrucciones del director general de la dependencia, <strong>Antonio Rojas Marcial<\/strong>, quien como su antecesor, <strong>Hugo Hern\u00e1ndez Lozano<\/strong>, carece del perfil legal para ostentar el cargo.<\/p>\n<div style=\"width: 1160px;\" class=\"wp-video\"><video class=\"wp-video-shortcode\" id=\"video-1259090-1\" width=\"1160\" height=\"653\" preload=\"metadata\" controls=\"controls\"><source type=\"video\/mp4\" src=\"https:\/\/www.acapulcopress.com\/wp-content\/uploads\/2025\/07\/dennuncia-estiercol-zocalo-capama.mp4?_=1\" \/><a href=\"https:\/\/www.acapulcopress.com\/wp-content\/uploads\/2025\/07\/dennuncia-estiercol-zocalo-capama.mp4\">https:\/\/www.acapulcopress.com\/wp-content\/uploads\/2025\/07\/dennuncia-estiercol-zocalo-capama.mp4<\/a><\/video><\/div>\n<p><em>) acapulcopress.com<\/em><\/p>\n","protected":false},"excerpt":{"rendered":"<p>ACAPULCO * 14 de julio 2025 ) Redacci\u00f3n | Aps El coordinaci\u00f3n con la Conagua, CAPAMA atendi\u00f3 esta ma\u00f1ana la denuncia realizada en redes sociales la noche de ayer domingo a trav\u00e9s de un video donde se mostraba materia fecal brotando de una alcantarilla sobre la plaza Juan N. \u00c1lvarez, mejor conocida como z\u00f3calo de&#8230;<\/p>\n","protected":false},"author":1,"featured_media":1259091,"comment_status":"closed","ping_status":"open","sticky":false,"template":"","format":"standard","meta":{"footnotes":""},"categories":[2010,2019],"tags":[3077,18607,5112,18606,6186,6292,8754,15251],"class_list":["post-1259090","post","type-post","status-publish","format-standard","has-post-thumbnail","hentry","category-sociedad","category-popular-news","tag-abelina-lopez-rodriguez","tag-antonio-rojas-marcial","tag-capama","tag-comision-de-agua-potable-y-alcantarillado-del-municipicio-de-acapulco-capama","tag-comision-nacional-del-agua-conagua","tag-conagua","tag-fondo-de-aportaciones-para-la-infraestructura-social-fais","tag-ramiro-solorio"],"_links":{"self":[{"href":"https:\/\/www.acapulcopress.com\/index.php\/wp-json\/wp\/v2\/posts\/1259090","targetHints":{"allow":["GET"]}}],"collection":[{"href":"https:\/\/www.acapulcopress.com\/index.php\/wp-json\/wp\/v2\/posts"}],"about":[{"href":"https:\/\/www.acapulcopress.com\/index.php\/wp-json\/wp\/v2\/types\/post"}],"author":[{"embeddable":true,"href":"https:\/\/www.acapulcopress.com\/index.php\/wp-json\/wp\/v2\/users\/1"}],"replies":[{"embeddable":true,"href":"https:\/\/www.acapulcopress.com\/index.php\/wp-json\/wp\/v2\/comments?post=1259090"}],"version-history":[{"count":3,"href":"https:\/\/www.acapulcopress.com\/index.php\/wp-json\/wp\/v2\/posts\/1259090\/revisions"}],"predecessor-version":[{"id":1259097,"href":"https:\/\/www.acapulcopress.com\/index.php\/wp-json\/wp\/v2\/posts\/1259090\/revisions\/1259097"}],"wp:featuredmedia":[{"embeddable":true,"href":"https:\/\/www.acapulcopress.com\/index.php\/wp-json\/wp\/v2\/media\/1259091"}],"wp:attachment":[{"href":"https:\/\/www.acapulcopress.com\/index.php\/wp-json\/wp\/v2\/media?parent=1259090"}],"wp:term":[{"taxonomy":"category","embeddable":true,"href":"https:\/\/www.acapulcopress.com\/index.php\/wp-json\/wp\/v2\/categories?post=1259090"},{"taxonomy":"post_tag","embeddable":true,"href":"https:\/\/www.acapulcopress.com\/index.php\/wp-json\/wp\/v2\/tags?post=1259090"}],"curies":[{"name":"wp","href":"https:\/\/api.w.org\/{rel}","templated":true}]}}