{"id":1259117,"date":"2025-07-15T18:16:41","date_gmt":"2025-07-16T00:16:41","guid":{"rendered":"https:\/\/www.acapulcopress.com\/?p=1259117"},"modified":"2025-07-15T18:25:26","modified_gmt":"2025-07-16T00:25:26","slug":"anuncio-sheinbaum-las-rutas-de-la-salud","status":"publish","type":"post","link":"https:\/\/www.acapulcopress.com\/index.php\/2025\/07\/15\/anuncio-sheinbaum-las-rutas-de-la-salud\/","title":{"rendered":"Anunci\u00f3 Sheinbaum las \u00abRutas de la salud\u00bb"},"content":{"rendered":"<p><em>* Las Rutas de la Salud se componen de 96 camiones de 3.5 toneladas; 35 camiones de 1.5 toneladas; 35 cajas sanitarias y 27 cajas refrigeradas<\/em><br \/>\n<strong><em>* El IMSS Bienestar se fortalece con una inversi\u00f3n de 4 mil millones de pesos para que cada hospital, Unidad de Medicina Familiar y cada quir\u00f3fano, funcione<\/em><\/strong><\/p>\n<p>CIUDAD DE M\u00c9XICO * 15 de julio 2025<br \/>\n) <em>Gobierno de M\u00e9xico<\/em><br \/>\nEl Gobierno de M\u00e9xico, a trav\u00e9s de la<em> Secretar\u00eda de Salud,<\/em> anunci\u00f3 que a partir de agosto, recorrer\u00e1n todo el pa\u00eds las <em>Rutas de la Salud<\/em>, un <img loading=\"lazy\" decoding=\"async\" class=\"alignleft wp-image-1259119 size-cmsmasters-square-thumb\" src=\"https:\/\/www.acapulcopress.com\/wp-content\/uploads\/2025\/07\/RUTAS-DE-LA-SALUD3-360x360.jpg\" alt=\"\" width=\"360\" height=\"360\" srcset=\"https:\/\/www.acapulcopress.com\/wp-content\/uploads\/2025\/07\/RUTAS-DE-LA-SALUD3-360x360.jpg 360w, https:\/\/www.acapulcopress.com\/wp-content\/uploads\/2025\/07\/RUTAS-DE-LA-SALUD3-150x150.jpg 150w, https:\/\/www.acapulcopress.com\/wp-content\/uploads\/2025\/07\/RUTAS-DE-LA-SALUD3-70x70.jpg 70w\" sizes=\"auto, (max-width: 360px) 100vw, 360px\" \/>sistema de distribuci\u00f3n con el que se llevar\u00e1n medicamentos e insumos m\u00e9dicos a los hospitales y centros de Salud del <em>IMSS Bienestar<\/em>.<\/p>\n<p>La presidenta <strong>Claudia Sheinbaum Pardo<\/strong>\u00a0destac\u00f3 que Rutas de la Salud es un programa que surgi\u00f3 en Veracruz y el cual distribuir\u00e1 medicamentos a cada rinc\u00f3n del pa\u00eds en camiones, camionetas y lanchas.<\/p>\n<p>\u201cYa se compraron el 96 por ciento de todos los medicamentos y todos los insumos m\u00e9dicos, fue una licitaci\u00f3n, invitaci\u00f3n a quienes lo fabrican, subastas inversas con la nueva Ley de Adquisiciones y ya est\u00e1n adquiridas el 96 por ciento, estar\u00e1n llegando este mes pr\u00e1cticamente todos. \u00bfC\u00f3mo los vamos a distribuir a cada Centro de Salud, a cada hospital? Estamos tomando un programa que inici\u00f3 la gobernadora de Veracruz, ella le llama \u2018Camionetitas de la Salud&#8217;, nosotros le llamamos \u2018Rutas de la Salud\u2019 que es un sistema de distribuci\u00f3n. Nos est\u00e1n ayudando las entidades de la Rep\u00fablica que est\u00e1n en el <em>IMSS Bienestar<\/em> y en agosto le damos banderazo de salida a todos los camiones, camionetas, camionetitas, lanchas para llevar a todas las islas todos los medicamentos necesarios\u00bb.<\/p>\n<p>\u00abYa se est\u00e1n distribuyendo con el sistema actual de distribuci\u00f3n actual, pero lo vamos a reforzar con un sistema de m\u00e1s operaci\u00f3n log\u00edstica, eficiencia, digitalizaci\u00f3n y estas<em> camionetitas de la Salud<\/em>, o \u2018Rutas de la Salud\u2019 que van a llevar a cada rinc\u00f3n de cada Centro de Salud y <img loading=\"lazy\" decoding=\"async\" class=\"alignleft size-cmsmasters-square-thumb wp-image-1259118\" src=\"https:\/\/www.acapulcopress.com\/wp-content\/uploads\/2025\/07\/RUTAS-DE-LA-SALUD2-360x360.jpg\" alt=\"\" width=\"360\" height=\"360\" srcset=\"https:\/\/www.acapulcopress.com\/wp-content\/uploads\/2025\/07\/RUTAS-DE-LA-SALUD2-360x360.jpg 360w, https:\/\/www.acapulcopress.com\/wp-content\/uploads\/2025\/07\/RUTAS-DE-LA-SALUD2-150x150.jpg 150w, https:\/\/www.acapulcopress.com\/wp-content\/uploads\/2025\/07\/RUTAS-DE-LA-SALUD2-70x70.jpg 70w\" sizes=\"auto, (max-width: 360px) 100vw, 360px\" \/>hospital para que lleguen todos los medicamentos\u201d, puntualiz\u00f3 la mandataria nacional en la conferencia matutina<em> Las ma\u00f1aneras del pueblo.<\/em><\/p>\n<p>Destac\u00f3 que se est\u00e1n fortaleciendo los tres sistemas de salud: el <em>Instituto Mexicano del Seguro Social (IMSS),<\/em> el <em>Instituto de Seguridad y Servicios Sociales de los Trabajadores del Estado (ISSSTE)<\/em> y el<em> IMSS Bienestar,<\/em> por ello, destac\u00f3 que a la fecha ya se han inaugurado 13 hospitales y ocho Cl\u00ednicas de Medicina Familiar, mientras que, para cerrar el a\u00f1o se aperturar\u00e1n 19 hospitales y seis unidades m\u00e9dicas. Adem\u00e1s, inform\u00f3 que el IMSS Bienestar tendr\u00e1 una inversi\u00f3n de 4 mil millones de pesos (mdp) para que cada hospital, Unidad de Medicina Familiar y cada quir\u00f3fano funcione con el equipamiento y personal necesario.<\/p>\n<p>\u201cVamos avanzando en los tres sistemas de salud: el IMSS, el IMSS Bienestar y el ISSSTE. Y poco a poco vamos a ir mejorando el sistema de abasto de medicamentos y atenci\u00f3n m\u00e9dica para todas y todos los mexicanos porque nuestra concepci\u00f3n es que la salud no es una mercanc\u00eda, no es un privilegio, la salud es un derecho del pueblo de M\u00e9xico\u201d, agreg\u00f3.<\/p>\n<p>El subsecretario de <em>Integraci\u00f3n y Desarrollo del Sector Salud<\/em>, <strong>Eduardo Clark Garc\u00eda Dobarganes<\/strong>, detall\u00f3 que las <em>Rutas de la Salud<\/em> estar\u00e1n conformadas por 96 camiones de 3.5 toneladas, 38 camiones de 1.5 toneladas, 35 cajas sanitarias y 27 cajas refrigeradas. Adem\u00e1s, present\u00f3 el sitio entregamedicamentos.salud.gob.mx, a trav\u00e9s del cual se podr\u00e1n conocer los medicamentos que se est\u00e1n entregando en todo el pa\u00eds, los proveedores, a que instituci\u00f3n y estado se dirigen, as\u00ed como su fecha de entrega y estatus.<\/p>\n<div style=\"width: 848px;\" class=\"wp-video\"><video class=\"wp-video-shortcode\" id=\"video-1259117-1\" width=\"848\" height=\"480\" preload=\"metadata\" controls=\"controls\"><source type=\"video\/mp4\" src=\"https:\/\/www.acapulcopress.com\/wp-content\/uploads\/2025\/07\/SHEINBAUM-RUTAS-DE-LA-SALUD.mp4?_=1\" \/><a href=\"https:\/\/www.acapulcopress.com\/wp-content\/uploads\/2025\/07\/SHEINBAUM-RUTAS-DE-LA-SALUD.mp4\">https:\/\/www.acapulcopress.com\/wp-content\/uploads\/2025\/07\/SHEINBAUM-RUTAS-DE-LA-SALUD.mp4<\/a><\/video><\/div>\n<p><em>) acapulcopress.com<\/em><\/p>\n","protected":false},"excerpt":{"rendered":"<p>El Gobierno de M\u00e9xico, a trav\u00e9s de la Secretar\u00eda de Salud, anunci\u00f3 que a partir de agosto, recorrer\u00e1n todo el pa\u00eds las Rutas de la Salud, un<br \/>\nsistema de distribuci\u00f3n con el que se llevar\u00e1n medicamentos e insumos m\u00e9dicos a los hospitales y centros de Salud del IMSS Bienestar.<\/p>\n","protected":false},"author":1,"featured_media":1259120,"comment_status":"closed","ping_status":"open","sticky":false,"template":"","format":"standard","meta":{"footnotes":""},"categories":[1972],"tags":[2447,18610,5853,18611,10092,10225,10297,18609,16254],"class_list":["post-1259117","post","type-post","status-publish","format-standard","has-post-thumbnail","hentry","category-special","tag-las-mananeras-del-pueblo","tag-camionetitas-de-la-salud","tag-claudia-sheinbaum-pardo","tag-eduardo-clark-garcia-dobarganes","tag-imss-bienestar","tag-instituto-de-seguridad-y-servicios-sociales-de-los-trabajadores-del-estado-issste","tag-instituto-mexicano-del-seguro-social-imss","tag-rutas-de-la-salud","tag-secretaria-de-salud-mexico"],"_links":{"self":[{"href":"https:\/\/www.acapulcopress.com\/index.php\/wp-json\/wp\/v2\/posts\/1259117","targetHints":{"allow":["GET"]}}],"collection":[{"href":"https:\/\/www.acapulcopress.com\/index.php\/wp-json\/wp\/v2\/posts"}],"about":[{"href":"https:\/\/www.acapulcopress.com\/index.php\/wp-json\/wp\/v2\/types\/post"}],"author":[{"embeddable":true,"href":"https:\/\/www.acapulcopress.com\/index.php\/wp-json\/wp\/v2\/users\/1"}],"replies":[{"embeddable":true,"href":"https:\/\/www.acapulcopress.com\/index.php\/wp-json\/wp\/v2\/comments?post=1259117"}],"version-history":[{"count":2,"href":"https:\/\/www.acapulcopress.com\/index.php\/wp-json\/wp\/v2\/posts\/1259117\/revisions"}],"predecessor-version":[{"id":1259124,"href":"https:\/\/www.acapulcopress.com\/index.php\/wp-json\/wp\/v2\/posts\/1259117\/revisions\/1259124"}],"wp:featuredmedia":[{"embeddable":true,"href":"https:\/\/www.acapulcopress.com\/index.php\/wp-json\/wp\/v2\/media\/1259120"}],"wp:attachment":[{"href":"https:\/\/www.acapulcopress.com\/index.php\/wp-json\/wp\/v2\/media?parent=1259117"}],"wp:term":[{"taxonomy":"category","embeddable":true,"href":"https:\/\/www.acapulcopress.com\/index.php\/wp-json\/wp\/v2\/categories?post=1259117"},{"taxonomy":"post_tag","embeddable":true,"href":"https:\/\/www.acapulcopress.com\/index.php\/wp-json\/wp\/v2\/tags?post=1259117"}],"curies":[{"name":"wp","href":"https:\/\/api.w.org\/{rel}","templated":true}]}}