{"id":1259143,"date":"2025-07-15T19:48:20","date_gmt":"2025-07-16T01:48:20","guid":{"rendered":"https:\/\/www.acapulcopress.com\/?p=1259143"},"modified":"2025-07-15T20:04:16","modified_gmt":"2025-07-16T02:04:16","slug":"pentagono-anuncia-fin-de-despliegue-militar-en-los-angeles","status":"publish","type":"post","link":"https:\/\/www.acapulcopress.com\/index.php\/2025\/07\/15\/pentagono-anuncia-fin-de-despliegue-militar-en-los-angeles\/","title":{"rendered":"Anuncian fin de despliegue militar en Los \u00c1ngeles"},"content":{"rendered":"<p>LOS \u00c1NGELES * 15 de julio 2025<br \/>\n<em>) <a href=\"https:\/\/apnews.com\/article\/los-angeles-redadas-inmigrantes-guardia-nacional-8faeaedf3a13bb856d0f6b15b1d76477\" target=\"_blank\" rel=\"noopener\">AP<\/a><\/em><br \/>\nEl Pent\u00e1gono dijo el martes que pondr\u00e1 fin al despliegue de 2.000 elementos de la Guardia Nacional en Los \u00c1ngeles, lo que representa casi la mitad de los soldados enviados a la ciudad para lidiar con las protestas contra la batida migratoria del gobierno del presidente Donald Trump.<\/p>\n<p>Aproximadamente 4.000 miembros de la Guardia Nacional y 700 infantes de Marina han estado desplegados en la ciudad desde principios de junio. No estaba claro de momento qu\u00e9 motiv\u00f3 el repentino fin del despliegue de 60 d\u00edas, ni tampoco estaba claro cu\u00e1nto tiempo m\u00e1s permanecer\u00edan el resto en la regi\u00f3n.<\/p>\n<p>A finales de junio, el principal comandante militar a cargo de los elementos desplegados en Los \u00c1ngeles hab\u00eda solicitado al secretario de Defensa, Pete Hegseth, que 200 de ellos regresaran a sus deberes de combate contra incendios forestales, en medio de advertencias por parte de Newsom de que la Guardia Nacional carec\u00eda de personal suficiente mientras California entraba en la temporada alta de incendios forestales.<\/p>\n<p><em>) acapulcopress.com<\/em><\/p>\n","protected":false},"excerpt":{"rendered":"<p>El Pent\u00e1gono anunci\u00f3 este martes el fin del despliegue de 2.000 elementos de la Guardia Nacional en Los \u00c1ngeles<\/p>\n","protected":false},"author":1,"featured_media":1259144,"comment_status":"closed","ping_status":"open","sticky":false,"template":"","format":"standard","meta":{"footnotes":""},"categories":[2020],"tags":[],"class_list":["post-1259143","post","type-post","status-publish","format-standard","has-post-thumbnail","hentry","category-world-news"],"_links":{"self":[{"href":"https:\/\/www.acapulcopress.com\/index.php\/wp-json\/wp\/v2\/posts\/1259143","targetHints":{"allow":["GET"]}}],"collection":[{"href":"https:\/\/www.acapulcopress.com\/index.php\/wp-json\/wp\/v2\/posts"}],"about":[{"href":"https:\/\/www.acapulcopress.com\/index.php\/wp-json\/wp\/v2\/types\/post"}],"author":[{"embeddable":true,"href":"https:\/\/www.acapulcopress.com\/index.php\/wp-json\/wp\/v2\/users\/1"}],"replies":[{"embeddable":true,"href":"https:\/\/www.acapulcopress.com\/index.php\/wp-json\/wp\/v2\/comments?post=1259143"}],"version-history":[{"count":4,"href":"https:\/\/www.acapulcopress.com\/index.php\/wp-json\/wp\/v2\/posts\/1259143\/revisions"}],"predecessor-version":[{"id":1259148,"href":"https:\/\/www.acapulcopress.com\/index.php\/wp-json\/wp\/v2\/posts\/1259143\/revisions\/1259148"}],"wp:featuredmedia":[{"embeddable":true,"href":"https:\/\/www.acapulcopress.com\/index.php\/wp-json\/wp\/v2\/media\/1259144"}],"wp:attachment":[{"href":"https:\/\/www.acapulcopress.com\/index.php\/wp-json\/wp\/v2\/media?parent=1259143"}],"wp:term":[{"taxonomy":"category","embeddable":true,"href":"https:\/\/www.acapulcopress.com\/index.php\/wp-json\/wp\/v2\/categories?post=1259143"},{"taxonomy":"post_tag","embeddable":true,"href":"https:\/\/www.acapulcopress.com\/index.php\/wp-json\/wp\/v2\/tags?post=1259143"}],"curies":[{"name":"wp","href":"https:\/\/api.w.org\/{rel}","templated":true}]}}