{"id":1259156,"date":"2025-07-15T21:02:05","date_gmt":"2025-07-16T03:02:05","guid":{"rendered":"https:\/\/www.acapulcopress.com\/?p=1259156"},"modified":"2025-07-15T21:34:51","modified_gmt":"2025-07-16T03:34:51","slug":"morena-guarda-silencio-tras-ataques-a-sheinbaun","status":"publish","type":"post","link":"https:\/\/www.acapulcopress.com\/index.php\/2025\/07\/15\/morena-guarda-silencio-tras-ataques-a-sheinbaun\/","title":{"rendered":"Morena guarda silencio tras &#8216;ataques&#8217; a Sheinbaun"},"content":{"rendered":"<p>CIUDAD DE M\u00c9XICO * 15 de julio 2025<br \/>\n<em>)<a href=\"https:\/\/latinus.us\/mexico\/2025\/7\/15\/dirigencia-de-morena-guarda-silencio-tras-senalamientos-del-abogado-de-ovidio-guzman-ni-luisa-maria-ni-andy-apoyan-sheinbaum-146893.html\" target=\"_blank\" rel=\"noopener\"> LatinUs<\/a><\/em><br \/>\nLa plana mayor de Morena no ha mostrado su respaldo p\u00fablico por la presidenta <strong>Claudia Sheinbaum<\/strong> a cuatro d\u00edas de que <strong>Jeffrey Lichtman<\/strong>, abogado de<strong> Ovidio Guzm\u00e1n<\/strong>, la acusara de ser \u00abvocera de un c\u00e1rtel y no una l\u00edder honesta\u00bb.<\/p>\n<p>Luisa Mar\u00eda Alcalde, dirigente nacional del partido oficialista, se ha mostrado activa en redes sociales, compartiendo videos y reposteanado publicaciones referentes a Morena, as\u00ed como una fotograf\u00eda de la mandataria con Lorenzo Simonelli, presidente y director ejecutivo de Baker Hughes.<\/p>\n<p>Por su parte, el hijo del expresidente<strong> Andr\u00e9s Manuel L\u00f3pez Obrador<\/strong> y secretario de Organizaci\u00f3n de Morena,<strong> Andr\u00e9s Manuel L\u00f3pez Beltr\u00e1n<\/strong>, realiz\u00f3 la semana pasada una gira por diversos estados como Zacatecas y San Luis Potos\u00ed; tampoco ha expresado su respaldo a la presidenta en p\u00fablico.<\/p>\n<p>Al igual que Luisa Mar\u00eda Alcalde, la secretaria general Carolina Rangel no ha mostrado su respaldo por Sheinbaum, aunque se ha visto activa en redes sociales.<\/p>\n<p>Asimismo, Ad\u00e1n Augusto L\u00f3pez, l\u00edder de los senadores de Morena, se ha quedado callado; su \u00faltima publicaci\u00f3n en X fue hecha el pasado 13 de mayo y fue visto en p\u00fablico por \u00faltima vez en p\u00fablico cuando termin\u00f3 el periodo extraordinario en el Congreso de la Uni\u00f3n.<\/p>\n<p>Tampoco, la dirigencia ha emitido un comunicado en el que expresen su rechazo por las declaraciones Lichtman o muestren su apoyo a la mandataria.<\/p>\n<p>Cabe recordar que tras finalizar la audiencia de Ovidio Guzm\u00e1n en la que se declar\u00f3 culpable, su abogado critic\u00f3 a la presidenta Claudia Sheinbaum por exigir al gobierno de Estados Unidos que diera informaci\u00f3n sobre el acuerdo entre el l\u00edder del C\u00e1rtel de Sinaloa y la fiscal\u00eda de ese pa\u00eds.<\/p>\n<p>\u00abLa idea de que el gobierno estadounidense incluyera al gobierno mexicano en cualquier decisi\u00f3n legal o negociaci\u00f3n estadounidense es absurda si tomamos en cuenta el caso del general (Salvador) Cienfuegos\u00bb, declar\u00f3 Jeffrey Lichtman.<\/p>\n<p>Posteriormente, la mandataria calific\u00f3 como de \u201cirrespetuosas\u201d las declaraciones del abogado; lo que llev\u00f3 al abogado a decir que la mandataria \u201cact\u00faa m\u00e1s como relacionista p\u00fablica de una organizaci\u00f3n narcotraficante que como una l\u00edder honesta\u201d.<\/p>\n<p><em>) acapulcopress.com<\/em><\/p>\n","protected":false},"excerpt":{"rendered":"<p>La plana mayor de Morena no ha mostrado su respaldo p\u00fablico por la presidenta Claudia Sheinbaum a cuatro d\u00edas de que Jeffrey Lichtman, abogado de Ovidio Guzm\u00e1n, la acusara de ser \u00abvocera de un c\u00e1rtel y no una l\u00edder honesta\u00bb.<\/p>\n<p>Luisa Mar\u00eda Alcalde, dirigente nacional del partido oficialista, se ha mostrado activa en redes sociales, compartiendo videos y reposteanado publicaciones referentes a Morena, as\u00ed como una fotograf\u00eda de la mandataria con Lorenzo Simonelli, presidente y director ejecutivo de Baker Hughes.<\/p>\n<p>Por su parte, el hijo del expresidente Andr\u00e9s Manuel L\u00f3pez Obrador y secretario de Organizaci\u00f3n de Morena, Andr\u00e9s Manuel L\u00f3pez Beltr\u00e1n, tampoco ha expresado su respaldo a la presidenta en p\u00fablico.<\/p>\n","protected":false},"author":1,"featured_media":1259157,"comment_status":"closed","ping_status":"open","sticky":false,"template":"","format":"standard","meta":{"footnotes":""},"categories":[2009],"tags":[3894,3896,5851,10672,13297,14102],"class_list":["post-1259156","post","type-post","status-publish","format-standard","has-post-thumbnail","hentry","category-politics","tag-andres-manuel-lopez-beltran","tag-andres-manuel-lopez-obrador","tag-claudia-sheinbaum","tag-jeffrey-lichtman","tag-morena","tag-ovidio-guzman"],"_links":{"self":[{"href":"https:\/\/www.acapulcopress.com\/index.php\/wp-json\/wp\/v2\/posts\/1259156","targetHints":{"allow":["GET"]}}],"collection":[{"href":"https:\/\/www.acapulcopress.com\/index.php\/wp-json\/wp\/v2\/posts"}],"about":[{"href":"https:\/\/www.acapulcopress.com\/index.php\/wp-json\/wp\/v2\/types\/post"}],"author":[{"embeddable":true,"href":"https:\/\/www.acapulcopress.com\/index.php\/wp-json\/wp\/v2\/users\/1"}],"replies":[{"embeddable":true,"href":"https:\/\/www.acapulcopress.com\/index.php\/wp-json\/wp\/v2\/comments?post=1259156"}],"version-history":[{"count":5,"href":"https:\/\/www.acapulcopress.com\/index.php\/wp-json\/wp\/v2\/posts\/1259156\/revisions"}],"predecessor-version":[{"id":1259164,"href":"https:\/\/www.acapulcopress.com\/index.php\/wp-json\/wp\/v2\/posts\/1259156\/revisions\/1259164"}],"wp:featuredmedia":[{"embeddable":true,"href":"https:\/\/www.acapulcopress.com\/index.php\/wp-json\/wp\/v2\/media\/1259157"}],"wp:attachment":[{"href":"https:\/\/www.acapulcopress.com\/index.php\/wp-json\/wp\/v2\/media?parent=1259156"}],"wp:term":[{"taxonomy":"category","embeddable":true,"href":"https:\/\/www.acapulcopress.com\/index.php\/wp-json\/wp\/v2\/categories?post=1259156"},{"taxonomy":"post_tag","embeddable":true,"href":"https:\/\/www.acapulcopress.com\/index.php\/wp-json\/wp\/v2\/tags?post=1259156"}],"curies":[{"name":"wp","href":"https:\/\/api.w.org\/{rel}","templated":true}]}}