{"id":1259177,"date":"2025-07-17T19:31:49","date_gmt":"2025-07-18T01:31:49","guid":{"rendered":"https:\/\/www.acapulcopress.com\/?p=1259177"},"modified":"2025-07-17T19:34:45","modified_gmt":"2025-07-18T01:34:45","slug":"metlatonoc-y-cochoapa-el-grande-recibieron-con-exito-el-tianguis-del-bienestar","status":"publish","type":"post","link":"https:\/\/www.acapulcopress.com\/index.php\/2025\/07\/17\/metlatonoc-y-cochoapa-el-grande-recibieron-con-exito-el-tianguis-del-bienestar\/","title":{"rendered":"Metlatonoc y Cochoapa El Grande recibieron con \u00e9xito el Tianguis del Bienestar"},"content":{"rendered":"<p><img loading=\"lazy\" decoding=\"async\" class=\"alignnone wp-image-1259190 size-full\" src=\"https:\/\/www.acapulcopress.com\/wp-content\/uploads\/2025\/07\/TIANGUIS-DEL-BIENESTAR19.jpg\" alt=\"\" width=\"1280\" height=\"853\" srcset=\"https:\/\/www.acapulcopress.com\/wp-content\/uploads\/2025\/07\/TIANGUIS-DEL-BIENESTAR19.jpg 1280w, https:\/\/www.acapulcopress.com\/wp-content\/uploads\/2025\/07\/TIANGUIS-DEL-BIENESTAR19-300x200.jpg 300w, https:\/\/www.acapulcopress.com\/wp-content\/uploads\/2025\/07\/TIANGUIS-DEL-BIENESTAR19-1024x682.jpg 1024w, https:\/\/www.acapulcopress.com\/wp-content\/uploads\/2025\/07\/TIANGUIS-DEL-BIENESTAR19-768x512.jpg 768w, https:\/\/www.acapulcopress.com\/wp-content\/uploads\/2025\/07\/TIANGUIS-DEL-BIENESTAR19-580x387.jpg 580w, https:\/\/www.acapulcopress.com\/wp-content\/uploads\/2025\/07\/TIANGUIS-DEL-BIENESTAR19-860x573.jpg 860w, https:\/\/www.acapulcopress.com\/wp-content\/uploads\/2025\/07\/TIANGUIS-DEL-BIENESTAR19-1160x773.jpg 1160w\" sizes=\"auto, (max-width: 1280px) 100vw, 1280px\" \/><\/p>\n<p>COCHOAPA EL GRANDE * 16 de julio 2025<br \/>\n<em>) Gobierno de Guerrero<\/em><br \/>\n<img loading=\"lazy\" decoding=\"async\" class=\"alignleft wp-image-1259189 size-cmsmasters-square-thumb\" src=\"https:\/\/www.acapulcopress.com\/wp-content\/uploads\/2025\/07\/TIANGUIS-DEL-BIENESTAR14-360x360.jpg\" alt=\"\" width=\"360\" height=\"360\" srcset=\"https:\/\/www.acapulcopress.com\/wp-content\/uploads\/2025\/07\/TIANGUIS-DEL-BIENESTAR14-360x360.jpg 360w, https:\/\/www.acapulcopress.com\/wp-content\/uploads\/2025\/07\/TIANGUIS-DEL-BIENESTAR14-150x150.jpg 150w, https:\/\/www.acapulcopress.com\/wp-content\/uploads\/2025\/07\/TIANGUIS-DEL-BIENESTAR14-70x70.jpg 70w\" sizes=\"auto, (max-width: 360px) 100vw, 360px\" \/>\u201cNo hay transformaci\u00f3n sin la Monta\u00f1a, sin nuestros pueblos ind\u00edgenas\u201d, afirm\u00f3 la gobernadora <strong>Evelyn Salgado Pineda<\/strong> al encabezar, junto con la subsecretaria de Gobernaci\u00f3n,<strong> Roc\u00edo B\u00e1rcena Molina<\/strong>, la exitosa jornada del<em> Tianguis del Bienestar<\/em> en los municipios de Metlatonoc y Cochoapa el Grande, con el objetivo de devolver al pueblo lo robado.<\/p>\n<p>Como parte de esta gira de trabajo en la regi\u00f3n Monta\u00f1a, se entregaron de manera gratuita bienes nuevos como: Ropa, calzado, utensilios y enseres dom\u00e9sticos, a familias en situaci\u00f3n de vulnerabilidad, en un acto de justicia social y dignificaci\u00f3n para quienes m\u00e1s lo necesitan.<\/p>\n<p>Durante su mensaje, la gobernadora Salgado Pineda refrend\u00f3 su compromiso de seguir trabajando de la mano de la presidenta <strong>Claudia Sheinbaum Pardo<\/strong> en el marco del Plan de Justicia para los Pueblos de la Monta\u00f1a, priorizando obras de infraestructura b\u00e1sica, salud, educaci\u00f3n y caminos artesanales, que ya son una realidad en Guerrero.<\/p>\n<p>Adem\u00e1s, destac\u00f3 los avances de la<em> Tarjeta Violeta<\/em>, programa orientado a fortalecer el bienestar, la autonom\u00eda econ\u00f3mica y el desarrollo de las mujeres jefas de familia en La Monta\u00f1a.<\/p>\n<p>\u201cHemos trabajado como nunca por Metlatonoc y Cochoapa El Grande, sobre todo ante las afectaciones provocadas por el hurac\u00e1n Erick. <img loading=\"lazy\" decoding=\"async\" class=\"alignleft wp-image-1259186 size-cmsmasters-square-thumb\" src=\"https:\/\/www.acapulcopress.com\/wp-content\/uploads\/2025\/07\/TIANGUIS-DEL-BIENESTAR10-360x360.jpg\" alt=\"\" width=\"360\" height=\"360\" srcset=\"https:\/\/www.acapulcopress.com\/wp-content\/uploads\/2025\/07\/TIANGUIS-DEL-BIENESTAR10-360x360.jpg 360w, https:\/\/www.acapulcopress.com\/wp-content\/uploads\/2025\/07\/TIANGUIS-DEL-BIENESTAR10-150x150.jpg 150w, https:\/\/www.acapulcopress.com\/wp-content\/uploads\/2025\/07\/TIANGUIS-DEL-BIENESTAR10-70x70.jpg 70w\" sizes=\"auto, (max-width: 360px) 100vw, 360px\" \/>Vamos a seguir apoyando a sus comunidades, especialmente en la rehabilitaci\u00f3n de caminos. Agradecemos al Gobierno de M\u00e9xico, a la presidenta Claudia Sheinbaum, y a la secretaria Rosa Icela Rodr\u00edguez por su respaldo\u201d, expres\u00f3 Salgado Pineda.<\/p>\n<p>El Tianguis del Bienestar es una estrategia coordinada por la Secretar\u00eda de Gobernaci\u00f3n que tiene como prop\u00f3sito entregar los art\u00edculos decomisados a familias que m\u00e1s lo necesitan, contribuyendo as\u00ed a disminuir las desigualdades y atender las causas estructurales de la violencia.<\/p>\n<p>Durante los eventos estuvieron presentes los alcaldes <strong>Javier G\u00e1lvez Garc\u00eda<\/strong> (Cochoapa El Grande) y <strong>Marvin Rojas Ram\u00edrez<\/strong> (Metlatonoc), as\u00ed como el secretario de Bienestar en Guerrero, Pablo Gordillo Oliveros, entre otros funcionarios estatales y federales.<br \/>\n<em>) acapulcopress.com<\/em><\/p>\n","protected":false},"excerpt":{"rendered":"<p>COCHOAPA EL GRANDE * 16 de julio 2025 ) Gobierno de Guerrero \u201cNo hay transformaci\u00f3n sin la Monta\u00f1a, sin nuestros pueblos ind\u00edgenas\u201d, afirm\u00f3 la gobernadora Evelyn Salgado Pineda al encabezar, junto con la subsecretaria de Gobernaci\u00f3n, Roc\u00edo B\u00e1rcena Molina, la exitosa jornada del Tianguis del Bienestar en los municipios de Metlatonoc y Cochoapa el Grande,&#8230;<\/p>\n","protected":false},"author":1,"featured_media":1259181,"comment_status":"closed","ping_status":"open","sticky":false,"template":"","format":"standard","meta":{"footnotes":""},"categories":[18467,2080],"tags":[2307,5853,8251,18623,18622,15705,18389],"class_list":["post-1259177","post","type-post","status-publish","format-standard","has-post-thumbnail","hentry","category-justicia","category-regiones-de-guerrero","tag-tarjeta-violeta-guerrero","tag-claudia-sheinbaum-pardo","tag-evelyn-salgado-pineda","tag-javier-galvez-garcia","tag-marvin-rojas-ramirez","tag-rocio-barcena-molina","tag-tianguis-del-bienestar"],"_links":{"self":[{"href":"https:\/\/www.acapulcopress.com\/index.php\/wp-json\/wp\/v2\/posts\/1259177","targetHints":{"allow":["GET"]}}],"collection":[{"href":"https:\/\/www.acapulcopress.com\/index.php\/wp-json\/wp\/v2\/posts"}],"about":[{"href":"https:\/\/www.acapulcopress.com\/index.php\/wp-json\/wp\/v2\/types\/post"}],"author":[{"embeddable":true,"href":"https:\/\/www.acapulcopress.com\/index.php\/wp-json\/wp\/v2\/users\/1"}],"replies":[{"embeddable":true,"href":"https:\/\/www.acapulcopress.com\/index.php\/wp-json\/wp\/v2\/comments?post=1259177"}],"version-history":[{"count":2,"href":"https:\/\/www.acapulcopress.com\/index.php\/wp-json\/wp\/v2\/posts\/1259177\/revisions"}],"predecessor-version":[{"id":1259192,"href":"https:\/\/www.acapulcopress.com\/index.php\/wp-json\/wp\/v2\/posts\/1259177\/revisions\/1259192"}],"wp:featuredmedia":[{"embeddable":true,"href":"https:\/\/www.acapulcopress.com\/index.php\/wp-json\/wp\/v2\/media\/1259181"}],"wp:attachment":[{"href":"https:\/\/www.acapulcopress.com\/index.php\/wp-json\/wp\/v2\/media?parent=1259177"}],"wp:term":[{"taxonomy":"category","embeddable":true,"href":"https:\/\/www.acapulcopress.com\/index.php\/wp-json\/wp\/v2\/categories?post=1259177"},{"taxonomy":"post_tag","embeddable":true,"href":"https:\/\/www.acapulcopress.com\/index.php\/wp-json\/wp\/v2\/tags?post=1259177"}],"curies":[{"name":"wp","href":"https:\/\/api.w.org\/{rel}","templated":true}]}}