{"id":1259206,"date":"2025-07-18T18:34:23","date_gmt":"2025-07-19T00:34:23","guid":{"rendered":"https:\/\/www.acapulcopress.com\/?p=1259206"},"modified":"2025-07-18T18:34:23","modified_gmt":"2025-07-19T00:34:23","slug":"presentan-exhortos-a-distintas-autoridades-para-fortalecer-el-orden-urbano","status":"publish","type":"post","link":"https:\/\/www.acapulcopress.com\/index.php\/2025\/07\/18\/presentan-exhortos-a-distintas-autoridades-para-fortalecer-el-orden-urbano\/","title":{"rendered":"Presentan exhortos a distintas autoridades para fortalecer el orden urbano"},"content":{"rendered":"<p>CHILPANCINGO * 18 de julio 2025<br \/>\n<em>) LXVI legislatura | Guerrero<\/em><br \/>\nDiputados de la<em> LXIV Legislatura<\/em> del Congreso del Estado de Guerrero presentaron importantes exhortos dirigidos a distintas autoridades, con el prop\u00f3sito de fortalecer el orden urbano, rescatar las tradiciones y fomentar la riqueza cultural del Estado.<\/p>\n<p>La diputada <strong>Erika Lorena L\u00fchrs Cort\u00e9s<\/strong>, integrante del Grupo Parlamentario de Movimiento Ciudadano, present\u00f3 un exhorto para que las instancias municipales responsables del desarrollo econ\u00f3mico se coordinen con la Secretar\u00eda de Fomento y Desarrollo Econ\u00f3mico en la entidad, para que vigilen y regulen la instalaci\u00f3n de publicidad de empresas nacionales y transnacionales en espacios p\u00fablicos.<\/p>\n<p>Y es que dijo que este tipo de anuncios, especialmente en ciudades como Acapulco, Chilpancingo, Iguala, Zihuatanejo e Ixtapa, generan desorden urbano, contaminaci\u00f3n visual, obstrucci\u00f3n del libre tr\u00e1nsito y afectan la econom\u00eda formal.<\/p>\n<p>Por ello, la legisladora llam\u00f3 a actuar en estricto apego a la legalidad y a proteger los espacios p\u00fablicos del uso indebido por parte de marcas nacionales y transnacionales.<\/p>\n<p>Por su parte, el diputado <strong>Alejandro Bravo Abarca<\/strong>, Coordinador del Grupo Parlamentario del PRI, exhort\u00f3 a la Secretar\u00eda de Desarrollo Agrario, Territorial y Urbano (SEDATU) para que concluya a la brevedad los trabajos de construcci\u00f3n del Recinto Ferial de Chilpancingo.<\/p>\n<p>El diputado subray\u00f3 que dicho espacio es fundamental para la realizaci\u00f3n de la tradicional Feria de San Mateo, Navidad y A\u00f1o Nuevo, una de las m\u00e1s antiguas del pa\u00eds, que este a\u00f1o conmemora su bicentenario.<\/p>\n<p>Por \u00faltimo, el diputado Jhobanny Jim\u00e9nez Mendoza, integrante del Grupo Parlamentario del PVEM, propuso exhortar a las Secretar\u00edas de Cultura y de Fomento y Desarrollo Econ\u00f3mico del Estado a coordinarse con el Congreso para realizar el \u201cEncuentro de Cocineras Tradicionales de Guerrero\u201d el 15 de octubre, en el marco de la celebraci\u00f3n por la Erecci\u00f3n del Estado.<\/p>\n<p>Adem\u00e1s, se\u00f1al\u00f3 que es necesario emitir la convocatoria para otorgar el \u201cPremio de Rescate y Tradici\u00f3n de la Cocina Tradicional de Guerrero\u201d, estipulado en el decreto aprobado en noviembre de 2022.<\/p>\n<p>El legislador tambi\u00e9n llam\u00f3 a los Ayuntamientos y a la Secretar\u00eda de Administraci\u00f3n y Finanzas del Congreso a brindar el apoyo necesario y promover esta expresi\u00f3n viva del patrimonio cultural guerrerense.<\/p>\n<p>Con estos planteamientos, las y los legisladores refrendan su compromiso con el desarrollo ordenado, la preservaci\u00f3n de las tradiciones y el fortalecimiento de la identidad cultural de Guerrero.<\/p>\n<p><em>) acapulcopress.com<\/em><\/p>\n","protected":false},"excerpt":{"rendered":"<p>CHILPANCINGO * 18 de julio 2025 ) LXVI legislatura | Guerrero Diputados de la LXIV Legislatura del Congreso del Estado de Guerrero presentaron importantes exhortos dirigidos a distintas autoridades, con el prop\u00f3sito de fortalecer el orden urbano, rescatar las tradiciones y fomentar la riqueza cultural del Estado. La diputada Erika Lorena L\u00fchrs Cort\u00e9s, integrante del&#8230;<\/p>\n","protected":false},"author":1,"featured_media":1259207,"comment_status":"closed","ping_status":"open","sticky":false,"template":"","format":"standard","meta":{"footnotes":""},"categories":[2037,61],"tags":[8036,18372],"class_list":["post-1259206","post","type-post","status-publish","format-standard","has-post-thumbnail","hentry","category-congreso-de-guerrero","category-legislacion","tag-erika-lorena-luhrs-cortes","tag-lxvi-legislatura-guerrero"],"_links":{"self":[{"href":"https:\/\/www.acapulcopress.com\/index.php\/wp-json\/wp\/v2\/posts\/1259206","targetHints":{"allow":["GET"]}}],"collection":[{"href":"https:\/\/www.acapulcopress.com\/index.php\/wp-json\/wp\/v2\/posts"}],"about":[{"href":"https:\/\/www.acapulcopress.com\/index.php\/wp-json\/wp\/v2\/types\/post"}],"author":[{"embeddable":true,"href":"https:\/\/www.acapulcopress.com\/index.php\/wp-json\/wp\/v2\/users\/1"}],"replies":[{"embeddable":true,"href":"https:\/\/www.acapulcopress.com\/index.php\/wp-json\/wp\/v2\/comments?post=1259206"}],"version-history":[{"count":1,"href":"https:\/\/www.acapulcopress.com\/index.php\/wp-json\/wp\/v2\/posts\/1259206\/revisions"}],"predecessor-version":[{"id":1259208,"href":"https:\/\/www.acapulcopress.com\/index.php\/wp-json\/wp\/v2\/posts\/1259206\/revisions\/1259208"}],"wp:featuredmedia":[{"embeddable":true,"href":"https:\/\/www.acapulcopress.com\/index.php\/wp-json\/wp\/v2\/media\/1259207"}],"wp:attachment":[{"href":"https:\/\/www.acapulcopress.com\/index.php\/wp-json\/wp\/v2\/media?parent=1259206"}],"wp:term":[{"taxonomy":"category","embeddable":true,"href":"https:\/\/www.acapulcopress.com\/index.php\/wp-json\/wp\/v2\/categories?post=1259206"},{"taxonomy":"post_tag","embeddable":true,"href":"https:\/\/www.acapulcopress.com\/index.php\/wp-json\/wp\/v2\/tags?post=1259206"}],"curies":[{"name":"wp","href":"https:\/\/api.w.org\/{rel}","templated":true}]}}