{"id":1259224,"date":"2025-07-21T20:49:36","date_gmt":"2025-07-22T02:49:36","guid":{"rendered":"https:\/\/www.acapulcopress.com\/?p=1259224"},"modified":"2025-07-21T20:50:06","modified_gmt":"2025-07-22T02:50:06","slug":"entrego-evelyn-salgado-primera-etapa-de-rehabilitacion-del-parque-papagayo","status":"publish","type":"post","link":"https:\/\/www.acapulcopress.com\/index.php\/2025\/07\/21\/entrego-evelyn-salgado-primera-etapa-de-rehabilitacion-del-parque-papagayo\/","title":{"rendered":"Entreg\u00f3 Evelyn Salgado primera etapa de rehabilitaci\u00f3n del parque Papagayo"},"content":{"rendered":"<p>ACAPULCO * 21 de julio 2025<br \/>\n<em>) Gobierno de Guerrero<\/em><br \/>\n\u201cEl<em> Papagayo<\/em> no es cualquier parque, es un lugar ic\u00f3nico, es un espacio de uni\u00f3n viva entre la historia, el medio ambiente y la memoria <img loading=\"lazy\" decoding=\"async\" class=\"alignleft wp-image-1259231 size-cmsmasters-square-thumb\" src=\"https:\/\/www.acapulcopress.com\/wp-content\/uploads\/2025\/07\/PAPAGAYO-REHABILITACION-8-360x360.jpg\" alt=\"\" width=\"360\" height=\"360\" srcset=\"https:\/\/www.acapulcopress.com\/wp-content\/uploads\/2025\/07\/PAPAGAYO-REHABILITACION-8-360x360.jpg 360w, https:\/\/www.acapulcopress.com\/wp-content\/uploads\/2025\/07\/PAPAGAYO-REHABILITACION-8-150x150.jpg 150w, https:\/\/www.acapulcopress.com\/wp-content\/uploads\/2025\/07\/PAPAGAYO-REHABILITACION-8-70x70.jpg 70w\" sizes=\"auto, (max-width: 360px) 100vw, 360px\" \/>colectiva de un pueblo\u201d, fueron las palabras de la gobernadora <strong>Evelyn Salgado Pineda<\/strong> en la inauguraci\u00f3n de la Primera Etapa de Rehabilitaci\u00f3n del Parque Papagayo de Acapulco.<\/p>\n<p>Con un total de 74.5 millones de pesos, de los cuales 70 millones fueron aportados por el gobierno del estado y 4.5 millones de pesos por parte de la Minera Media Luna, la rehabilitaci\u00f3n del parque incluy\u00f3 la recuperaci\u00f3n de estructura clave reforzando la barda perimetral, rehabilitaci\u00f3n del sistema de agua potable y del sistema el\u00e9ctrico para garantizar una iluminaci\u00f3n adecuada, instalaci\u00f3n de mobiliario urbano nuevo; adem\u00e1s se remodelaron las entradas principales en las avenidas Costera y Cuauht\u00e9moc, y se renov\u00f3 la Villa de los Ni\u00f1os.<\/p>\n<p>De igual forma, se realiz\u00f3 una fuerte campa\u00f1a de arborizaci\u00f3n con \u00e1rboles de gran altura para la reforestaci\u00f3n que despu\u00e9s de los embates de Otis y John se requer\u00eda en el lugar, y se manej\u00f3 de manera responsable el arbolado ya existente.<\/p>\n<p>La mandataria estatal tambi\u00e9n indic\u00f3 que a trav\u00e9s del programa \u201cPinta, Sue\u00f1a y Transforma\u201d, se intervino la ic\u00f3nica pi\u00f1ata como un s\u00edmbolo del esp\u00edritu alegre y resiliente del puerto.<\/p>\n<p>\u201cEste d\u00eda el Parque Papagayo va recuperando tambi\u00e9n esta belleza, su dignidad y con \u00e9l, por supuesto se renueva la confianza que se puede <img loading=\"lazy\" decoding=\"async\" class=\"alignleft wp-image-1259230 size-cmsmasters-square-thumb\" src=\"https:\/\/www.acapulcopress.com\/wp-content\/uploads\/2025\/07\/PAPAGAYO-REHABILITACION-7-360x360.jpg\" alt=\"\" width=\"360\" height=\"360\" srcset=\"https:\/\/www.acapulcopress.com\/wp-content\/uploads\/2025\/07\/PAPAGAYO-REHABILITACION-7-360x360.jpg 360w, https:\/\/www.acapulcopress.com\/wp-content\/uploads\/2025\/07\/PAPAGAYO-REHABILITACION-7-150x150.jpg 150w, https:\/\/www.acapulcopress.com\/wp-content\/uploads\/2025\/07\/PAPAGAYO-REHABILITACION-7-70x70.jpg 70w\" sizes=\"auto, (max-width: 360px) 100vw, 360px\" \/>tener un Acapulco verde, vibrante, ordenado, bello, as\u00ed tambi\u00e9n como un futuro donde el bienestar no sea un privilegio de unos cuantos, sino un derecho para todas y para todos\u201d, puntualiz\u00f3.<\/p>\n<p>En este mismo sentido, la jefa del Ejecutivo estatal se\u00f1al\u00f3 que los trabajos al interior del parque se continuar\u00e1n, pues est\u00e1n pendientes dos etapas m\u00e1s, \u201ceste es el camino que decidimos caminar juntas y juntos, el de gobernar con la fuerza de la palabra cumplida, estuvimos aqu\u00ed y dijimos vamos por la reconstrucci\u00f3n de este parque, vamos por la primera etapa\u201d, se\u00f1al\u00f3.<\/p>\n<p>Por su parte, el secretario de Bienestar en el estado, Pablo Andr\u00e9 Gordillo Oliveros, reconoci\u00f3 el esfuerzo que la gobernadora Evelyn Salgado ha hecho por recuperar este espacio p\u00fablico en el puerto, pues despu\u00e9s de los embates climatol\u00f3gicos, m\u00e1s del 80 por ciento de los \u00e1rboles resultaron da\u00f1ados, as\u00ed como la red hidroel\u00e9ctrica y \u00e1reas sociales, obligando el cierre del lugar por aproximadamente 8 meses.<\/p>\n<p>\u201cHoy gracias a la voluntad y al compromiso de la gobernadora, que ha sido muy clara en su visi\u00f3n de recuperar el brillo de Acapulco, el Parque Papagayo tambi\u00e9n se ha reinventado\u201d, mencion\u00f3 el funcionario, haciendo \u00e9nfasis en que por primera vez, se logr\u00f3 gestionar recursos de la iniciativa privada para ayudar a esta recuperaci\u00f3n.<\/p>\n<p><img loading=\"lazy\" decoding=\"async\" class=\"alignleft wp-image-1259227 size-cmsmasters-square-thumb\" src=\"https:\/\/www.acapulcopress.com\/wp-content\/uploads\/2025\/07\/PAPAGAYO-REHABILITACION-4-360x360.jpg\" alt=\"\" width=\"360\" height=\"360\" srcset=\"https:\/\/www.acapulcopress.com\/wp-content\/uploads\/2025\/07\/PAPAGAYO-REHABILITACION-4-360x360.jpg 360w, https:\/\/www.acapulcopress.com\/wp-content\/uploads\/2025\/07\/PAPAGAYO-REHABILITACION-4-150x150.jpg 150w, https:\/\/www.acapulcopress.com\/wp-content\/uploads\/2025\/07\/PAPAGAYO-REHABILITACION-4-70x70.jpg 70w\" sizes=\"auto, (max-width: 360px) 100vw, 360px\" \/>En su participaci\u00f3n, el ni\u00f1o Sergio Ernesto Rold\u00e1n Cuevas, quien acude a los cursos de verano ofrecidos en el parque, agradeci\u00f3 a la mandataria por las mejoras hechas en el espacio social, \u201ces un lugar donde jugamos, aprendemos, y somos felices, gracias por devolver la vida y la alegr\u00eda de Acapulco, al Parque Papagayo\u201d.<\/p>\n<p>En su intervenci\u00f3n, la alcaldesa Abelina L\u00f3pez Rodr\u00edguez, rememor\u00f3 la historia del emblem\u00e1tico Parque Papagayo, el cual fue cuna de los movimientos ambientalistas en el puerto y ha resistido el paso de los huracanes Otis y John.<\/p>\n<p>A este evento acudieron la titular del DIF Estatal, Liz Salgado Pineda; los diputados Marisol Baz\u00e1n, Joaqu\u00edn Badillo, Carlos Eduardo Bello, Marco Tulio S\u00e1nchez, Alejandro Carabias y Citlali Calixto; el director del Parque Papagayo, Abel Luvio Villanueva, entre otros.<\/p>\n<p><img loading=\"lazy\" decoding=\"async\" class=\"alignnone wp-image-1259225 size-full\" src=\"https:\/\/www.acapulcopress.com\/wp-content\/uploads\/2025\/07\/PAPAGAYO-REHABILITACION-2.jpg\" alt=\"\" width=\"1280\" height=\"853\" srcset=\"https:\/\/www.acapulcopress.com\/wp-content\/uploads\/2025\/07\/PAPAGAYO-REHABILITACION-2.jpg 1280w, https:\/\/www.acapulcopress.com\/wp-content\/uploads\/2025\/07\/PAPAGAYO-REHABILITACION-2-300x200.jpg 300w, https:\/\/www.acapulcopress.com\/wp-content\/uploads\/2025\/07\/PAPAGAYO-REHABILITACION-2-1024x682.jpg 1024w, https:\/\/www.acapulcopress.com\/wp-content\/uploads\/2025\/07\/PAPAGAYO-REHABILITACION-2-768x512.jpg 768w, https:\/\/www.acapulcopress.com\/wp-content\/uploads\/2025\/07\/PAPAGAYO-REHABILITACION-2-580x387.jpg 580w, https:\/\/www.acapulcopress.com\/wp-content\/uploads\/2025\/07\/PAPAGAYO-REHABILITACION-2-860x573.jpg 860w, https:\/\/www.acapulcopress.com\/wp-content\/uploads\/2025\/07\/PAPAGAYO-REHABILITACION-2-1160x773.jpg 1160w\" sizes=\"auto, (max-width: 1280px) 100vw, 1280px\" \/><\/p>\n<div style=\"width: 848px;\" class=\"wp-video\"><video class=\"wp-video-shortcode\" id=\"video-1259224-1\" width=\"848\" height=\"480\" preload=\"metadata\" controls=\"controls\"><source type=\"video\/mp4\" src=\"https:\/\/www.acapulcopress.com\/wp-content\/uploads\/2025\/07\/PAPAGAYO-REHABILITACION-2025.mp4?_=1\" \/><a href=\"https:\/\/www.acapulcopress.com\/wp-content\/uploads\/2025\/07\/PAPAGAYO-REHABILITACION-2025.mp4\">https:\/\/www.acapulcopress.com\/wp-content\/uploads\/2025\/07\/PAPAGAYO-REHABILITACION-2025.mp4<\/a><\/video><\/div>\n<p><em>) acapulcopress.com<\/em><\/p>\n","protected":false},"excerpt":{"rendered":"<p>ACAPULCO * 21 de julio 2025 ) Gobierno de Guerrero \u201cEl Papagayo no es cualquier parque, es un lugar ic\u00f3nico, es un espacio de uni\u00f3n viva entre la historia, el medio ambiente y la memoria colectiva de un pueblo\u201d, fueron las palabras de la gobernadora Evelyn Salgado Pineda en la inauguraci\u00f3n de la Primera Etapa&#8230;<\/p>\n","protected":false},"author":1,"featured_media":1259229,"comment_status":"closed","ping_status":"open","sticky":false,"template":"","format":"standard","meta":{"footnotes":""},"categories":[1980,1983],"tags":[18627],"class_list":["post-1259224","post","type-post","status-publish","format-standard","has-post-thumbnail","hentry","category-goverment-2","category-guerrerogob","tag-parque-papagayo-de-acapulco"],"_links":{"self":[{"href":"https:\/\/www.acapulcopress.com\/index.php\/wp-json\/wp\/v2\/posts\/1259224","targetHints":{"allow":["GET"]}}],"collection":[{"href":"https:\/\/www.acapulcopress.com\/index.php\/wp-json\/wp\/v2\/posts"}],"about":[{"href":"https:\/\/www.acapulcopress.com\/index.php\/wp-json\/wp\/v2\/types\/post"}],"author":[{"embeddable":true,"href":"https:\/\/www.acapulcopress.com\/index.php\/wp-json\/wp\/v2\/users\/1"}],"replies":[{"embeddable":true,"href":"https:\/\/www.acapulcopress.com\/index.php\/wp-json\/wp\/v2\/comments?post=1259224"}],"version-history":[{"count":2,"href":"https:\/\/www.acapulcopress.com\/index.php\/wp-json\/wp\/v2\/posts\/1259224\/revisions"}],"predecessor-version":[{"id":1259235,"href":"https:\/\/www.acapulcopress.com\/index.php\/wp-json\/wp\/v2\/posts\/1259224\/revisions\/1259235"}],"wp:featuredmedia":[{"embeddable":true,"href":"https:\/\/www.acapulcopress.com\/index.php\/wp-json\/wp\/v2\/media\/1259229"}],"wp:attachment":[{"href":"https:\/\/www.acapulcopress.com\/index.php\/wp-json\/wp\/v2\/media?parent=1259224"}],"wp:term":[{"taxonomy":"category","embeddable":true,"href":"https:\/\/www.acapulcopress.com\/index.php\/wp-json\/wp\/v2\/categories?post=1259224"},{"taxonomy":"post_tag","embeddable":true,"href":"https:\/\/www.acapulcopress.com\/index.php\/wp-json\/wp\/v2\/tags?post=1259224"}],"curies":[{"name":"wp","href":"https:\/\/api.w.org\/{rel}","templated":true}]}}