{"id":1259236,"date":"2025-07-22T20:00:00","date_gmt":"2025-07-23T02:00:00","guid":{"rendered":"https:\/\/www.acapulcopress.com\/?p=1259236"},"modified":"2025-07-22T20:04:27","modified_gmt":"2025-07-23T02:04:27","slug":"teegro-obliga-a-director-de-medios-pedir-disculpas-a-abelina-durante-15-dias","status":"publish","type":"post","link":"https:\/\/www.acapulcopress.com\/index.php\/2025\/07\/22\/teegro-obliga-a-director-de-medios-pedir-disculpas-a-abelina-durante-15-dias\/","title":{"rendered":"TEEGro obliga a director de medios pedir disculpas a Abelina durante 15 d\u00edas"},"content":{"rendered":"<p>CHILPANCINGO * 22 de julio 2025<br \/>\n<em>) Aps | Redacci\u00f3n<\/em><br \/>\nEn lo que viene siendo la primera denuncia de la alcaldesa de Acapulco, <strong>Abelina L\u00f3pez Rodr\u00edguez<\/strong>, contra un director de dos p\u00e1ginas informativas de Facebook, el<em> <span class=\"xv78j7m\" spellcheck=\"false\">Tribunal Electoral del Estado de Guerrero<\/span> (TEEGro)<\/em> sancion\u00f3 por \u00abViolencia Pol\u00edtica en raz\u00f3n de g\u00e9nero\u00bb al editor y director de las p\u00e1ginas de Facebook <a href=\"https:\/\/www.facebook.com\/AcapulcoTr3nds\" target=\"_blank\" rel=\"noopener\"><em><span class=\"xv78j7m\" spellcheck=\"false\">Acapulco Trends<\/span><\/em><\/a> y <a href=\"https:\/\/www.facebook.com\/profile.php?id=100050285718072\" target=\"_blank\" rel=\"noopener\"><em><span class=\"xv78j7m\" spellcheck=\"false\">El Ojo de Acapulco<\/span><\/em><\/a>. El propietario de dichas p\u00e1ginas (&#8230;) atribuye la queja, sin embargo, a las denuncias que han estado realizando contra el gobierno municipal y el tema de los 898 millones de pesos que la alcaldesa se niega a transparentar ante la <em>Auditor\u00eda Superior del Estado<\/em>, argumentando incompentencia de esta dependencia para realizar dicha acci\u00f3n fiscal.<\/p>\n<p>* En el expediente TEE\/PES052\/2024, el <em>TEEGro<\/em> impuso, adem\u00e1s de una sanci\u00f3n econ\u00f3mica de \u00ab22 mil 628 pesos\u00bb, una orden a \u00abJCGA\u00bb (propietario de dichas comunidades informativas) ofrecer disculpas p\u00fablicas \u00abdurante 15 d\u00edas\u00bb a la alcaldesa de Acapulco, con el siguiente texto que el mismo TEEGro redact\u00f3:<\/p>\n<p><em>\u00ab<strong>Se ofrece una disculpa a la denunciante en el Expediente TEE\/PES052\/2024, porque las expresiones que se emitieron ene ste medio de comunicaci\u00f3n generaron violencia pol\u00edtica en contra de las mujeres por raz\u00f3n de g\u00e9nero<\/strong>\u00ab.<\/em><\/p>\n<p>El desacato, dice el oficio de 24 p\u00e1ginas, podr\u00eda generar nuevas sanciones econ\u00f3micas.<\/p>\n<p>Pero&#8230;<\/p>\n<p><strong>\u00bfQU\u00c9 ES VIOLENCIA POL\u00cdTICA EN RAZ\u00d3N DE G\u00c9NERO?<\/strong><\/p>\n<p>De acuerdo con la \u00abLEY GENERAL DE ACCESO DE LAS MUJERES A UNA VIDA LIBRE DE VIOLENCIA\u00bb, Cap\u00edtulo IV Bis, la \u00abViolencia Pol\u00edtica en Raz\u00f3n de G\u00e9nero\u00bb es y se manifiesta de las siguientes maneras:<\/p>\n<p><strong>* ART\u00cdCULO 20 Bis<\/strong><\/p>\n<p>La violencia pol\u00edtica contra las mujeres en raz\u00f3n de g\u00e9nero: es toda acci\u00f3n u omisi\u00f3n, incluida la tolerancia, basada en elementos de g\u00e9nero y ejercida dentro de la esfera p\u00fablica o privada, que tenga por objeto o resultado limitar, anular o menoscabar el ejercicio efectivo de los derechos pol\u00edticos y electorales de una o varias mujeres, el acceso al pleno ejercicio de las atribuciones inherentes a su cargo, labor o actividad, el libre desarrollo de la funci\u00f3n p\u00fablica, la toma de decisiones, la libertad de organizaci\u00f3n, as\u00ed como el acceso y ejercicio a las prerrogativas, trat\u00e1ndose de precandidaturas, candidaturas, funciones o cargos p\u00fablicos del mismo tipo.<\/p>\n<p>Se entender\u00e1 que las acciones u omisiones se basan en elementos de g\u00e9nero, cuando se dirijan a una mujer por su condici\u00f3n de mujer; le afecten desproporcionadamente o tengan un impacto diferenciado en ella.<\/p>\n<p>Puede manifestarse en cualquiera de los tipos de violencia reconocidos en esta Ley y puede ser perpetrada indistintamente por agentes estatales, por superiores jer\u00e1rquicos, colegas de trabajo, personas dirigentes de partidos pol\u00edticos, militantes, simpatizantes, precandidatas, precandidatos, candidatas o candidatos postulados por los partidos pol\u00edticos o representantes de los mismos; medios de comunicaci\u00f3n y sus integrantes, por un particular o por un grupo de personas particulares. (Art\u00edculo adicionado DOF 13-04-2020)<\/p>\n<p><strong>* ART\u00cdCULO 20 Ter.<\/strong><\/p>\n<p>La violencia pol\u00edtica contra las mujeres puede expresarse, entre otras, a trav\u00e9s de las siguientes conductas:<\/p>\n<p>I. Incumplir las disposiciones jur\u00eddicas nacionales e internacionales que reconocen el ejercicio pleno de los derechos pol\u00edticos de las mujeres;<\/p>\n<p>II. Restringir o anular el derecho al voto libre y secreto de las mujeres, u obstaculizar sus derechos de asociaci\u00f3n y afiliaci\u00f3n a todo tipo de organizaciones pol\u00edticas y civiles, en raz\u00f3n de g\u00e9nero;<\/p>\n<p>III. Ocultar informaci\u00f3n u omitir la convocatoria para el registro de candidaturas o para cualquier otra actividad que implique la toma de decisiones en el desarrollo de sus funciones y actividades;<\/p>\n<p>IV. Proporcionar a las mujeres que aspiran u ocupan un cargo de elecci\u00f3n popular informaci\u00f3n falsa o incompleta, que impida su registro como candidata o induzca al incorrecto ejercicio de sus atribuciones;<\/p>\n<p>V. Proporcionar informaci\u00f3n incompleta o datos falsos a las autoridades administrativas, electorales o jurisdiccionales, con la finalidad de menoscabar los derechos pol\u00edticos de las mujeres y la garant\u00eda del debido proceso;<\/p>\n<p>VI. Proporcionar a las mujeres que ocupan un cargo de elecci\u00f3n popular, informaci\u00f3n falsa, incompleta o imprecisa, para impedir que induzca al incorrecto ejercicio de sus atribuciones;<\/p>\n<p>VII. Obstaculizar la campa\u00f1a de modo que se impida que la competencia electoral se desarrolle en condiciones de igualdad;<\/p>\n<p>VIII. Realizar o distribuir propaganda pol\u00edtica o electoral que calumnie, degrade o descalifique a una candidata bas\u00e1ndose en estereotipos de g\u00e9nero que reproduzcan relaciones de dominaci\u00f3n, desigualdad o discriminaci\u00f3n contra las mujeres, con el objetivo de menoscabar su imagen p\u00fablica o limitar sus derechos pol\u00edticos y electorales;<\/p>\n<p>IX. Difamar, calumniar, injuriar o realizar cualquier expresi\u00f3n que denigre o descalifique a las mujeres en ejercicio de sus funciones pol\u00edticas, con base en estereotipos de g\u00e9nero, con el objetivo o el resultado de menoscabar su imagen p\u00fablica o limitar o anular sus derechos;<\/p>\n<p>X. Divulgar im\u00e1genes, mensajes o informaci\u00f3n privada de una mujer candidata o en funciones, por cualquier medio f\u00edsico o virtual, con el prop\u00f3sito de desacreditarla, difamarla, denigrarla y poner en entredicho su capacidad o habilidades para la pol\u00edtica, con base en estereotipos de g\u00e9nero;<\/p>\n<p>XI. Amenazar o intimidar a una o varias mujeres o a su familia o colaboradores con el objeto de inducir su renuncia a la candidatura o al cargo para el que fue electa o designada;<\/p>\n<p>XII. Impedir, por cualquier medio, que las mujeres electas o designadas a cualquier puesto o encargo p\u00fablico tomen protesta de su encargo, asistan a las sesiones ordinarias o extraordinarias o a cualquier otra actividad que implique la toma de decisiones y el ejercicio del cargo, impidiendo o suprimiendo su derecho a voz y voto;<\/p>\n<p>XIII. Restringir los derechos pol\u00edticos de las mujeres con base a la aplicaci\u00f3n de tradiciones, costumbres o sistemas normativos internos o propios, que sean violatorios de los derechos humanos;<\/p>\n<p>XIV. Imponer, con base en estereotipos de g\u00e9nero, la realizaci\u00f3n de actividades distintas a las atribuciones propias de la representaci\u00f3n pol\u00edtica, cargo o funci\u00f3n;<\/p>\n<p>XV. Discriminar a la mujer en el ejercicio de sus derechos pol\u00edticos por encontrarse en estado de embarazo, parto, puerperio, o impedir o restringir su reincorporaci\u00f3n al cargo tras hacer uso de la licencia de maternidad o de cualquier otra licencia contemplada en la normatividad;<\/p>\n<p>XVI. Ejercer violencia f\u00edsica, sexual, simb\u00f3lica, psicol\u00f3gica, econ\u00f3mica o patrimonial contra una mujer en ejercicio de sus derechos pol\u00edticos;<\/p>\n<p>XVII. Limitar o negar arbitrariamente el uso de cualquier recurso o atribuci\u00f3n inherente al cargo que ocupe la mujer, incluido el pago de salarios, dietas u otras prestaciones asociadas al ejercicio del cargo, en condiciones de igualdad;<\/p>\n<p>XVIII. Obligar a una mujer, mediante fuerza, presi\u00f3n o intimidaci\u00f3n, a suscribir documentos o avalar decisiones contrarias a su voluntad o a la ley;<\/p>\n<p>XIX. Obstaculizar o impedir el acceso a la justicia de las mujeres para proteger sus derechos pol\u00edticos;<\/p>\n<p>XX. Limitar o negar arbitrariamente el uso de cualquier recurso o atribuci\u00f3n inherente al cargo pol\u00edtico que ocupa la mujer, impidiendo el ejercicio del cargo en condiciones de igualdad;<\/p>\n<p>XXI. Imponer sanciones injustificadas o abusivas, impidiendo o restringiendo el ejercicio de sus derechos pol\u00edticos en condiciones de igualdad, o<\/p>\n<p>XXII. Cualesquiera otras formas an\u00e1logas que lesionen o sean susceptibles de da\u00f1ar la dignidad, integridad o libertad de las mujeres en el ejercicio de un cargo pol\u00edtico, p\u00fablico, de poder o de decisi\u00f3n, que afecte sus derechos pol\u00edticos electorales.<\/p>\n<p><strong>CAP\u00cdTULO IV | \u00abDE LA VIOLENCIA DIGITAL Y MEDI\u00c1TICA\u00bb<\/strong><\/p>\n<p><strong>* ART\u00cdCULO 20 Qu\u00e1ter<\/strong><\/p>\n<p>Violencia digital es toda acci\u00f3n dolosa realizada mediante el uso de tecnolog\u00edas de la informaci\u00f3n y la comunicaci\u00f3n, por la que se exponga, distribuya, difunda, exhiba, transmita, comercialice, oferte, intercambie o comparta im\u00e1genes, audios o videos reales o simulados de contenido \u00edntimo sexual de una persona sin su consentimiento, sin su aprobaci\u00f3n o sin su autorizaci\u00f3n y que le cause da\u00f1o psicol\u00f3gico, emocional, en cualquier \u00e1mbito de su vida privada o en su imagen propia.<\/p>\n<p>As\u00ed como aquellos actos dolosos que causen da\u00f1o a la intimidad, privacidad y\/o dignidad de las mujeres, que se cometan por medio de las tecnolog\u00edas de la informaci\u00f3n y la comunicaci\u00f3n.<\/p>\n<p>Para efectos del presente Cap\u00edtulo se entender\u00e1 por Tecnolog\u00edas de la Informaci\u00f3n y la Comunicaci\u00f3n aquellos recursos, herramientas y programas que se utilizan para procesar, administrar y compartir la informaci\u00f3n mediante diversos soportes tecnol\u00f3gicos.<\/p>\n<p><strong>* ART\u00cdCULO 20 Quinquies<\/strong><\/p>\n<p>Violencia medi\u00e1tica es todo acto a trav\u00e9s de cualquier medio de comunicaci\u00f3n, que de manera directa o indirecta promueva estereotipos sexistas, haga apolog\u00eda de la violencia contra las mujeres y las ni\u00f1as, produzca o permita la producci\u00f3n y difusi\u00f3n de discurso de odio sexista, discriminaci\u00f3n de g\u00e9nero o desigualdad entre mujeres y hombres, que cause da\u00f1o a las mujeres y ni\u00f1as de tipo psicol\u00f3gico, sexual, f\u00edsico, econ\u00f3mico, patrimonial o feminicida.<\/p>\n<p>La violencia medi\u00e1tica se ejerce por cualquier persona f\u00edsica o moral que utilice un medio de comunicaci\u00f3n para producir y difundir contenidos que atentan contra la autoestima, salud, integridad, libertad y seguridad de las mujeres y ni\u00f1as, que impide su desarrollo y que atenta contra la igualdad. (Art\u00edculo adicionado DOF 01-06-2021)<\/p>\n<p><strong>* ART\u00cdCULO 20 Sexies<\/strong><\/p>\n<p>Trat\u00e1ndose de violencia digital o medi\u00e1tica para garantizar la integridad de la v\u00edctima, la o el Ministerio P\u00fablico, la jueza o el juez, ordenar\u00e1n de manera inmediata, las medidas de protecci\u00f3n necesarias, ordenando v\u00eda electr\u00f3nica o mediante escrito a las empresas de plataformas digitales, de medios de comunicaci\u00f3n, redes sociales o p\u00e1ginas electr\u00f3nicas, personas f\u00edsicas o morales, la interrupci\u00f3n, bloqueo, destrucci\u00f3n, o eliminaci\u00f3n de im\u00e1genes, audios o videos relacionados con la investigaci\u00f3n previa satisfacci\u00f3n de los requisitos de Ley.<\/p>\n<p>En este caso se deber\u00e1 identificar plenamente al proveedor de servicios en l\u00ednea a cargo de la administraci\u00f3n del sistema inform\u00e1tico, sitio o plataforma de Internet en donde se encuentre alojado el contenido y la localizaci\u00f3n precisa del contenido en Internet, se\u00f1alando el Localizador Uniforme de Recursos.<\/p>\n<p>La autoridad que ordene las medidas de protecci\u00f3n contempladas en este art\u00edculo deber\u00e1 solicitar el resguardo y conservaci\u00f3n l\u00edcita e id\u00f3nea del contenido que se denunci\u00f3 de acuerdo a las caracter\u00edsticas del mismo.<\/p>\n<p>Las plataformas digitales, medios de comunicaci\u00f3n, redes sociales o p\u00e1ginas electr\u00f3nicas dar\u00e1n aviso de forma inmediata al usuario que comparti\u00f3 el contenido, donde se establezca de forma clara y precisa que el contenido ser\u00e1 inhabilitado por cumplimiento de una orden judicial.<\/p>\n<p>) <a class=\"x1fey0fg xmper1u x1edh9d7\" dir=\"ltr\" href=\"https:\/\/www.diputados.gob.mx\/LeyesBiblio\/pdf\/LGAMVLV.pdf\" target=\"_blank\" rel=\"noopener\">https:\/\/www.diputados.gob.mx\/LeyesBiblio\/pdf\/LGAMVLV.pdf<\/a><\/p>\n<p><strong>L\u00cdMITES DE LA LIBERTAD DE EXPRESI\u00d3N<\/strong><\/p>\n<p>La libertad de expresi\u00f3n, aunque fundamental, no es absoluta y tiene l\u00edmites. Estos l\u00edmites est\u00e1n destinados a proteger otros derechos y valores importantes, como la seguridad nacional, el orden p\u00fablico, la salud p\u00fablica, la moral, los derechos y reputaci\u00f3n de otros, y evitar la incitaci\u00f3n a la violencia o la discriminaci\u00f3n.<\/p>\n<p>Principales l\u00edmites:<\/p>\n<p>* <strong>Incitar a la violencia o al odio<\/strong><\/p>\n<p>Est\u00e1 prohibido difundir mensajes que promuevan la violencia, la discriminaci\u00f3n o el odio hacia grupos o individuos basados en su raza, religi\u00f3n, g\u00e9nero, orientaci\u00f3n sexual u otras caracter\u00edsticas.<br \/>\n<a class=\"x1fey0fg xmper1u x1edh9d7\" dir=\"ltr\" href=\"https:\/\/www.unesco.org\/archives\/multimedia\/document-5554-spa-2\" target=\"_blank\" rel=\"noopener\">https:\/\/www.unesco.org\/archives\/multimedia\/document-5554-spa-2<\/a><\/p>\n<p>* <strong>Discurso que ponga en peligro la seguridad nacional o el orden p\u00fablico<\/strong><\/p>\n<p>Restricciones a la libertad de expresi\u00f3n pueden ser justificadas cuando la informaci\u00f3n difundida amenaza la seguridad del pa\u00eds o perturba gravemente el orden p\u00fablico.<br \/>\n<a class=\"x1fey0fg xmper1u x1edh9d7\" dir=\"ltr\" href=\"https:\/\/www.uai.cl\/columnas\/derecho\/los-limites-de-la-libertad-de-expresion\" target=\"_blank\" rel=\"noopener\">https:\/\/www.uai.cl\/columnas\/derecho\/los-limites-de-la-libertad-de-expresion<\/a><\/p>\n<p>* <strong>Calumnia, difamaci\u00f3n e injuria<\/strong><\/p>\n<p>La difusi\u00f3n de informaci\u00f3n falsa o difamatoria sobre individuos, que cause da\u00f1o a su reputaci\u00f3n, puede ser objeto de responsabilidad legal.<br \/>\n<a class=\"x1fey0fg xmper1u x1edh9d7\" dir=\"ltr\" href=\"https:\/\/seguridadintegral.articulo19.org\/wp-content\/uploads\/2020\/10\/art19_2020_infografia-LibertadExpresionMexico.pdf\" target=\"_blank\" rel=\"noopener\">https:\/\/seguridadintegral.articulo19.org\/wp-content\/uploads\/2020\/10\/art19_2020_infografia-LibertadExpresionMexico.pdf<\/a><\/p>\n<p>* <strong>Ataque a la moral o a los derechos de terceros<\/strong><\/p>\n<p>La libertad de expresi\u00f3n no ampara la difusi\u00f3n de contenidos que atenten contra la moral p\u00fablica o que vulneren los derechos de otros, como el derecho a la propia imagen o a la intimidad.<br \/>\n<a class=\"x1fey0fg xmper1u x1edh9d7\" dir=\"ltr\" href=\"https:\/\/www.te.gob.mx\/ccje\/Archivos\/Acciones\/Derechos\/Libertad_Expresion.pdf\" target=\"_blank\" rel=\"noopener\">www.te.gob.mx\/ccje\/Archivos\/Acciones\/Derechos\/Libertad_Expresion.pdf<\/a><\/p>\n<p>* <strong>Divulgaci\u00f3n de secretos comerciales o militares:<\/strong><\/p>\n<p>La difusi\u00f3n de informaci\u00f3n confidencial o sensible, como planes militares o secretos comerciales, puede estar restringida.<br \/>\n<a class=\"x1fey0fg xmper1u x1edh9d7\" dir=\"ltr\" href=\"https:\/\/www.annefrank.org\/es\/temas\/discriminacion-e-igualdad-derechos\/el-limite-entre-la-libertad-de-expresion-y-la-discriminacion\/\" target=\"_blank\" rel=\"noopener\">https:\/\/www.annefrank.org\/es\/temas\/discriminacion-e-igualdad-derechos\/el-limite-entre-la-libertad-de-expresion-y-la-discriminacion\/<\/a><\/p>\n<p><strong>Censura previa<\/strong><\/p>\n<p>Si bien la libertad de expresi\u00f3n proh\u00edbe la censura previa, es decir, la prohibici\u00f3n de publicar antes de la divulgaci\u00f3n, s\u00ed puede haber consecuencias legales despu\u00e9s de la difusi\u00f3n de contenidos que violen la ley.<br \/>\n<a class=\"x1fey0fg xmper1u x1edh9d7\" dir=\"ltr\" href=\"https:\/\/www.te.gob.mx\/ccje\/Archivos\/Acciones\/Derechos\/Libertad_Expresion.pdf\" target=\"_blank\" rel=\"noopener\">https:\/\/www.te.gob.mx\/ccje\/Archivos\/Acciones\/Derechos\/Libertad_Expresion.pdf\u00a0<\/a><\/p>\n<p><a href=\"https:\/\/www.acapulcopress.com\/wp-content\/uploads\/2025\/07\/DEMANDA-ABELIBA-ACATRENDS.png\"><img loading=\"lazy\" decoding=\"async\" class=\"alignnone wp-image-1259238 size-cmsmasterssquarethumb\" src=\"https:\/\/www.acapulcopress.com\/wp-content\/uploads\/2025\/07\/DEMANDA-ABELIBA-ACATRENDS.png\" alt=\"\" width=\"1974\" height=\"3300\" \/><\/a><\/p>\n<p><img loading=\"lazy\" decoding=\"async\" class=\"alignnone wp-image-1259237 size-cmsmasterssquarethumb\" src=\"https:\/\/www.acapulcopress.com\/wp-content\/uploads\/2025\/07\/DEMANDA-ABELIBA-ACATRENDS-2.png\" alt=\"\" width=\"1931\" height=\"3300\" \/><\/p>\n<p><em>) acapulcopres.com<\/em><\/p>\n","protected":false},"excerpt":{"rendered":"<p>CHILPANCINGO * 22 de julio 2025 ) Aps | Redacci\u00f3n En lo que viene siendo la primera denuncia de la alcaldesa de Acapulco, Abelina L\u00f3pez Rodr\u00edguez, contra un director de dos p\u00e1ginas informativas de Facebook, el Tribunal Electoral del Estado de Guerrero (TEEGro) sancion\u00f3 por \u00abViolencia Pol\u00edtica en raz\u00f3n de g\u00e9nero\u00bb al editor y director&#8230;<\/p>\n","protected":false},"author":1,"featured_media":1259241,"comment_status":"closed","ping_status":"open","sticky":false,"template":"","format":"standard","meta":{"footnotes":""},"categories":[18628,2010],"tags":[3077,18631,18632,18629,17387,18630],"class_list":["post-1259236","post","type-post","status-publish","format-standard","has-post-thumbnail","hentry","category-generos","category-sociedad","tag-abelina-lopez-rodriguez","tag-acapulco-trends","tag-el-ojo-de-acapulco","tag-tee-pes052-2024","tag-tribunal-electoral-del-estado-de-guerrero-teegro","tag-violencia-politica-en-razon-de-genero"],"_links":{"self":[{"href":"https:\/\/www.acapulcopress.com\/index.php\/wp-json\/wp\/v2\/posts\/1259236","targetHints":{"allow":["GET"]}}],"collection":[{"href":"https:\/\/www.acapulcopress.com\/index.php\/wp-json\/wp\/v2\/posts"}],"about":[{"href":"https:\/\/www.acapulcopress.com\/index.php\/wp-json\/wp\/v2\/types\/post"}],"author":[{"embeddable":true,"href":"https:\/\/www.acapulcopress.com\/index.php\/wp-json\/wp\/v2\/users\/1"}],"replies":[{"embeddable":true,"href":"https:\/\/www.acapulcopress.com\/index.php\/wp-json\/wp\/v2\/comments?post=1259236"}],"version-history":[{"count":3,"href":"https:\/\/www.acapulcopress.com\/index.php\/wp-json\/wp\/v2\/posts\/1259236\/revisions"}],"predecessor-version":[{"id":1259243,"href":"https:\/\/www.acapulcopress.com\/index.php\/wp-json\/wp\/v2\/posts\/1259236\/revisions\/1259243"}],"wp:featuredmedia":[{"embeddable":true,"href":"https:\/\/www.acapulcopress.com\/index.php\/wp-json\/wp\/v2\/media\/1259241"}],"wp:attachment":[{"href":"https:\/\/www.acapulcopress.com\/index.php\/wp-json\/wp\/v2\/media?parent=1259236"}],"wp:term":[{"taxonomy":"category","embeddable":true,"href":"https:\/\/www.acapulcopress.com\/index.php\/wp-json\/wp\/v2\/categories?post=1259236"},{"taxonomy":"post_tag","embeddable":true,"href":"https:\/\/www.acapulcopress.com\/index.php\/wp-json\/wp\/v2\/tags?post=1259236"}],"curies":[{"name":"wp","href":"https:\/\/api.w.org\/{rel}","templated":true}]}}