{"id":1259247,"date":"2025-07-22T21:08:41","date_gmt":"2025-07-23T03:08:41","guid":{"rendered":"https:\/\/www.acapulcopress.com\/?p=1259247"},"modified":"2025-07-22T21:11:35","modified_gmt":"2025-07-23T03:11:35","slug":"liz-salgado-entrego-estufas-ecologicas-en-la-region-montana","status":"publish","type":"post","link":"https:\/\/www.acapulcopress.com\/index.php\/2025\/07\/22\/liz-salgado-entrego-estufas-ecologicas-en-la-region-montana\/","title":{"rendered":"Liz Salgado entreg\u00f3 estufas ecol\u00f3gicas en la regi\u00f3n Monta\u00f1a"},"content":{"rendered":"<p>CHILPANCINGO * 22 de julio 2025<br \/>\n<em>) DIF Guerrero<\/em><br \/>\n<a href=\"https:\/\/www.acapulcopress.com\/wp-content\/uploads\/2025\/07\/DIF-Guerrero6.jpg\"><img loading=\"lazy\" decoding=\"async\" class=\"alignleft wp-image-1259253 size-cmsmasters-square-thumb\" src=\"https:\/\/www.acapulcopress.com\/wp-content\/uploads\/2025\/07\/DIF-Guerrero6-360x360.jpg\" alt=\"\" width=\"360\" height=\"360\" srcset=\"https:\/\/www.acapulcopress.com\/wp-content\/uploads\/2025\/07\/DIF-Guerrero6-360x360.jpg 360w, https:\/\/www.acapulcopress.com\/wp-content\/uploads\/2025\/07\/DIF-Guerrero6-150x150.jpg 150w, https:\/\/www.acapulcopress.com\/wp-content\/uploads\/2025\/07\/DIF-Guerrero6-70x70.jpg 70w\" sizes=\"auto, (max-width: 360px) 100vw, 360px\" \/><\/a>A fin de preservar la salud de pobladores de la regi\u00f3n de la Monta\u00f1a alta, la presidenta del <em>Sistema DIF Guerrero<\/em>, <strong>Liz Salgado Pineda<\/strong>, encabez\u00f3 la entrega de estufas ecol\u00f3gicas del programa \u201cPro Salud\u201d en el municipio de Tlapa de Comonfort, donde se beneficiaron docenas de familia mismas que ya podr\u00e1n cocinar de manera m\u00e1s eficiente y sostenible, reduciendo el consumo de le\u00f1a y las emisiones de humo, lo que a su vez mejora la salud de las personas y protege el medio ambiente.<\/p>\n<p>Desde las instalaciones del <em>Centro de Desarrollo Comunitario<\/em> del DIF Guerrero en la cuidad de Tlapa, se realiz\u00f3 la distribuci\u00f3n de estufas dise\u00f1adas para mejorar las condiciones de vida en los hogares, al reducir las emisiones contaminantes que afectan la salud de las familias y el medio ambiente, adem\u00e1s de contribuir al ahorro en el consumo de le\u00f1a.<\/p>\n<p>Liz Salgado destac\u00f3 que, con el respaldo firme de la gobernadora, Evelyn Salgado Pineda, este programa se ha consolidado como una de las acciones emblem\u00e1ticas del DIF estatal, gracias a la implementaci\u00f3n de un modelo de estufa funcional, segura y de alta calidad, adecuada para su uso en zonas rurales.<\/p>\n<p>La presidenta del DIF Guerrero asegur\u00f3 que el programa \u201cPro Salud\u201d continuar\u00e1 llegando a m\u00e1s comunidades, como parte del compromiso del gobierno de la Transformaci\u00f3n de Guerrero con el bienestar y el desarrollo de las familias en condiciones de vulnerabilidad.<\/p>\n<p>En esta ocasi\u00f3n, se beneficiaron habitantes de comunidades pertenecientes a los municipios de Olinal\u00e1, Tlalixtaquilla de Maldonado y Malinaltepec.<\/p>\n<p>Durante el evento tambi\u00e9n se entregaron apoyos alimentarios, lentes para vista cansada y aparatos funcionales del programa \u201cTransformando Vidas\u201d, dirigido a mejorar la calidad de vida de personas con alguna discapacidad.<\/p>\n<p><a href=\"https:\/\/www.acapulcopress.com\/wp-content\/uploads\/2025\/07\/DIF-Guerrero5.jpg\"><img loading=\"lazy\" decoding=\"async\" class=\"alignnone wp-image-1259252 size-full\" src=\"https:\/\/www.acapulcopress.com\/wp-content\/uploads\/2025\/07\/DIF-Guerrero5.jpg\" alt=\"\" width=\"1500\" height=\"1000\" srcset=\"https:\/\/www.acapulcopress.com\/wp-content\/uploads\/2025\/07\/DIF-Guerrero5.jpg 1500w, https:\/\/www.acapulcopress.com\/wp-content\/uploads\/2025\/07\/DIF-Guerrero5-300x200.jpg 300w, https:\/\/www.acapulcopress.com\/wp-content\/uploads\/2025\/07\/DIF-Guerrero5-1024x683.jpg 1024w, https:\/\/www.acapulcopress.com\/wp-content\/uploads\/2025\/07\/DIF-Guerrero5-768x512.jpg 768w, https:\/\/www.acapulcopress.com\/wp-content\/uploads\/2025\/07\/DIF-Guerrero5-580x387.jpg 580w, https:\/\/www.acapulcopress.com\/wp-content\/uploads\/2025\/07\/DIF-Guerrero5-860x573.jpg 860w, https:\/\/www.acapulcopress.com\/wp-content\/uploads\/2025\/07\/DIF-Guerrero5-1160x773.jpg 1160w, https:\/\/www.acapulcopress.com\/wp-content\/uploads\/2025\/07\/DIF-Guerrero5-1320x880.jpg 1320w\" sizes=\"auto, (max-width: 1500px) 100vw, 1500px\" \/><\/a><\/p>\n<p><a href=\"https:\/\/www.acapulcopress.com\/wp-content\/uploads\/2025\/07\/DIF-Guerrero4.jpg\"><img loading=\"lazy\" decoding=\"async\" class=\"alignnone wp-image-1259251 size-full\" src=\"https:\/\/www.acapulcopress.com\/wp-content\/uploads\/2025\/07\/DIF-Guerrero4.jpg\" alt=\"\" width=\"1500\" height=\"1000\" srcset=\"https:\/\/www.acapulcopress.com\/wp-content\/uploads\/2025\/07\/DIF-Guerrero4.jpg 1500w, https:\/\/www.acapulcopress.com\/wp-content\/uploads\/2025\/07\/DIF-Guerrero4-300x200.jpg 300w, https:\/\/www.acapulcopress.com\/wp-content\/uploads\/2025\/07\/DIF-Guerrero4-1024x683.jpg 1024w, https:\/\/www.acapulcopress.com\/wp-content\/uploads\/2025\/07\/DIF-Guerrero4-768x512.jpg 768w, https:\/\/www.acapulcopress.com\/wp-content\/uploads\/2025\/07\/DIF-Guerrero4-580x387.jpg 580w, https:\/\/www.acapulcopress.com\/wp-content\/uploads\/2025\/07\/DIF-Guerrero4-860x573.jpg 860w, https:\/\/www.acapulcopress.com\/wp-content\/uploads\/2025\/07\/DIF-Guerrero4-1160x773.jpg 1160w, https:\/\/www.acapulcopress.com\/wp-content\/uploads\/2025\/07\/DIF-Guerrero4-1320x880.jpg 1320w\" sizes=\"auto, (max-width: 1500px) 100vw, 1500px\" \/><\/a><\/p>\n<p><a href=\"https:\/\/www.acapulcopress.com\/wp-content\/uploads\/2025\/07\/DIF-Guerrero2.jpg\"><img loading=\"lazy\" decoding=\"async\" class=\"alignnone wp-image-1259249 size-full\" src=\"https:\/\/www.acapulcopress.com\/wp-content\/uploads\/2025\/07\/DIF-Guerrero2.jpg\" alt=\"\" width=\"1500\" height=\"1000\" srcset=\"https:\/\/www.acapulcopress.com\/wp-content\/uploads\/2025\/07\/DIF-Guerrero2.jpg 1500w, https:\/\/www.acapulcopress.com\/wp-content\/uploads\/2025\/07\/DIF-Guerrero2-300x200.jpg 300w, https:\/\/www.acapulcopress.com\/wp-content\/uploads\/2025\/07\/DIF-Guerrero2-1024x683.jpg 1024w, https:\/\/www.acapulcopress.com\/wp-content\/uploads\/2025\/07\/DIF-Guerrero2-768x512.jpg 768w, https:\/\/www.acapulcopress.com\/wp-content\/uploads\/2025\/07\/DIF-Guerrero2-580x387.jpg 580w, https:\/\/www.acapulcopress.com\/wp-content\/uploads\/2025\/07\/DIF-Guerrero2-860x573.jpg 860w, https:\/\/www.acapulcopress.com\/wp-content\/uploads\/2025\/07\/DIF-Guerrero2-1160x773.jpg 1160w, https:\/\/www.acapulcopress.com\/wp-content\/uploads\/2025\/07\/DIF-Guerrero2-1320x880.jpg 1320w\" sizes=\"auto, (max-width: 1500px) 100vw, 1500px\" \/><\/a><\/p>\n<p><a href=\"https:\/\/www.acapulcopress.com\/wp-content\/uploads\/2025\/07\/DIF-Guerrero7.jpg\"><img loading=\"lazy\" decoding=\"async\" class=\"alignnone wp-image-1259254 size-full\" src=\"https:\/\/www.acapulcopress.com\/wp-content\/uploads\/2025\/07\/DIF-Guerrero7.jpg\" alt=\"\" width=\"1080\" height=\"720\" srcset=\"https:\/\/www.acapulcopress.com\/wp-content\/uploads\/2025\/07\/DIF-Guerrero7.jpg 1080w, https:\/\/www.acapulcopress.com\/wp-content\/uploads\/2025\/07\/DIF-Guerrero7-300x200.jpg 300w, https:\/\/www.acapulcopress.com\/wp-content\/uploads\/2025\/07\/DIF-Guerrero7-1024x683.jpg 1024w, https:\/\/www.acapulcopress.com\/wp-content\/uploads\/2025\/07\/DIF-Guerrero7-768x512.jpg 768w, https:\/\/www.acapulcopress.com\/wp-content\/uploads\/2025\/07\/DIF-Guerrero7-580x387.jpg 580w, https:\/\/www.acapulcopress.com\/wp-content\/uploads\/2025\/07\/DIF-Guerrero7-860x573.jpg 860w\" sizes=\"auto, (max-width: 1080px) 100vw, 1080px\" \/><\/a><\/p>\n<p><a href=\"https:\/\/www.acapulcopress.com\/wp-content\/uploads\/2025\/07\/DIF-Guerrero.jpg\"><img loading=\"lazy\" decoding=\"async\" class=\"alignnone wp-image-1259248 size-full\" src=\"https:\/\/www.acapulcopress.com\/wp-content\/uploads\/2025\/07\/DIF-Guerrero.jpg\" alt=\"\" width=\"1500\" height=\"1000\" srcset=\"https:\/\/www.acapulcopress.com\/wp-content\/uploads\/2025\/07\/DIF-Guerrero.jpg 1500w, https:\/\/www.acapulcopress.com\/wp-content\/uploads\/2025\/07\/DIF-Guerrero-300x200.jpg 300w, https:\/\/www.acapulcopress.com\/wp-content\/uploads\/2025\/07\/DIF-Guerrero-1024x683.jpg 1024w, https:\/\/www.acapulcopress.com\/wp-content\/uploads\/2025\/07\/DIF-Guerrero-768x512.jpg 768w, https:\/\/www.acapulcopress.com\/wp-content\/uploads\/2025\/07\/DIF-Guerrero-580x387.jpg 580w, https:\/\/www.acapulcopress.com\/wp-content\/uploads\/2025\/07\/DIF-Guerrero-860x573.jpg 860w, https:\/\/www.acapulcopress.com\/wp-content\/uploads\/2025\/07\/DIF-Guerrero-1160x773.jpg 1160w, https:\/\/www.acapulcopress.com\/wp-content\/uploads\/2025\/07\/DIF-Guerrero-1320x880.jpg 1320w\" sizes=\"auto, (max-width: 1500px) 100vw, 1500px\" \/><\/a><\/p>\n<p><em>) acapulcopress.com<\/em><\/p>\n","protected":false},"excerpt":{"rendered":"<p>CHILPANCINGO * 22 de julio 2025 ) DIF Guerrero A fin de preservar la salud de pobladores de la regi\u00f3n de la Monta\u00f1a alta, la presidenta del Sistema DIF Guerrero, Liz Salgado Pineda, encabez\u00f3 la entrega de estufas ecol\u00f3gicas del programa \u201cPro Salud\u201d en el municipio de Tlapa de Comonfort, donde se beneficiaron docenas de&#8230;<\/p>\n","protected":false},"author":1,"featured_media":1259255,"comment_status":"closed","ping_status":"open","sticky":false,"template":"","format":"standard","meta":{"footnotes":""},"categories":[1980,1983],"tags":[7313,18633,12012],"class_list":["post-1259247","post","type-post","status-publish","format-standard","has-post-thumbnail","hentry","category-goverment-2","category-guerrerogob","tag-dif-guerrero","tag-estufas-ecologicas","tag-liz-salgado-pineda"],"_links":{"self":[{"href":"https:\/\/www.acapulcopress.com\/index.php\/wp-json\/wp\/v2\/posts\/1259247","targetHints":{"allow":["GET"]}}],"collection":[{"href":"https:\/\/www.acapulcopress.com\/index.php\/wp-json\/wp\/v2\/posts"}],"about":[{"href":"https:\/\/www.acapulcopress.com\/index.php\/wp-json\/wp\/v2\/types\/post"}],"author":[{"embeddable":true,"href":"https:\/\/www.acapulcopress.com\/index.php\/wp-json\/wp\/v2\/users\/1"}],"replies":[{"embeddable":true,"href":"https:\/\/www.acapulcopress.com\/index.php\/wp-json\/wp\/v2\/comments?post=1259247"}],"version-history":[{"count":2,"href":"https:\/\/www.acapulcopress.com\/index.php\/wp-json\/wp\/v2\/posts\/1259247\/revisions"}],"predecessor-version":[{"id":1259257,"href":"https:\/\/www.acapulcopress.com\/index.php\/wp-json\/wp\/v2\/posts\/1259247\/revisions\/1259257"}],"wp:featuredmedia":[{"embeddable":true,"href":"https:\/\/www.acapulcopress.com\/index.php\/wp-json\/wp\/v2\/media\/1259255"}],"wp:attachment":[{"href":"https:\/\/www.acapulcopress.com\/index.php\/wp-json\/wp\/v2\/media?parent=1259247"}],"wp:term":[{"taxonomy":"category","embeddable":true,"href":"https:\/\/www.acapulcopress.com\/index.php\/wp-json\/wp\/v2\/categories?post=1259247"},{"taxonomy":"post_tag","embeddable":true,"href":"https:\/\/www.acapulcopress.com\/index.php\/wp-json\/wp\/v2\/tags?post=1259247"}],"curies":[{"name":"wp","href":"https:\/\/api.w.org\/{rel}","templated":true}]}}