{"id":1259263,"date":"2025-07-23T07:53:06","date_gmt":"2025-07-23T13:53:06","guid":{"rendered":"https:\/\/www.acapulcopress.com\/?p=1259263"},"modified":"2025-07-23T07:57:56","modified_gmt":"2025-07-23T13:57:56","slug":"efectiva-coordinacion-para-proxima-temporada-turistica","status":"publish","type":"post","link":"https:\/\/www.acapulcopress.com\/index.php\/2025\/07\/23\/efectiva-coordinacion-para-proxima-temporada-turistica\/","title":{"rendered":"Efectiva coordinaci\u00f3n para pr\u00f3xima temporada tur\u00edstica"},"content":{"rendered":"<p><em>Marem\u00e1gnum<\/em><br \/>\n\u00bb <a href=\"https:\/\/www.facebook.com\/ricardocastill01\" target=\"_blank\" rel=\"noopener\"><strong>RICARDO<\/strong> | <strong>CASTILLO BARRIENTOS<\/strong><\/a><\/p>\n<p>Reconozco y agradezco la sugerencia del amigo y colega Enrique Castillo Gonz\u00e1lez, columnista especializado en temas de Seguridad (Patrulla de Papel), que considera necesario se especifiquen las responsabilidades de cada una de las dependencias p\u00fablicas involucradas, en la conservaci\u00f3n de la calidad de las aguas marinas, el mantenimiento y la seguridad en las playas.<\/p>\n<p>En la entrega anterior, hice referencia a la disposici\u00f3n de la<em> Comisi\u00f3n Federal para la Protecci\u00f3n contra Riesgos Sanitarios (<strong>Cofepris<\/strong>)<\/em>, sobre los resultados del monitoreo de la calidad del agua en algunas playas de M\u00e9xico, identificando cuatro en Acapulco (Caletilla, Papagayo, Carabal\u00ed y Hornos) que rebasaron los niveles de enterococos fecales permitidos por la Organizaci\u00f3n Mundial de la Salud (<strong>OMS<\/strong>), poniendo en riesgo a los ba\u00f1istas con enfermedades gastrointestinales, d\u00e9rmicas y respiratorias.<\/p>\n<p>La responsabilidad mayor recae en la Secretar\u00eda de Medio Ambiente y Recursos Naturales (<strong>Semarnat<\/strong>), principal responsable de la protecci\u00f3n, restauraci\u00f3n y conservaci\u00f3n del ecosistema marino e implementar y ejecutar pol\u00edticas p\u00fablicas en la reducci\u00f3n de la contaminaci\u00f3n de mares, r\u00edos, lagunas y otros cuerpos de agua.<\/p>\n<p>Conservar la pureza de las aguas marinas es responsabilidad completa y de primer orden de la <strong>Semarnat<\/strong>, funci\u00f3n que parece ignorar y endosar a los gobiernos municipal y estatal, no interviniendo estas instancias por estar fuera de sus \u00e1mbitos de competencia.<\/p>\n<p>La Comisi\u00f3n Nacional del Agua (<strong>Conagua<\/strong>) tiene entre sus funciones prioritarias la conservaci\u00f3n de playas y costas, tarea que no realiza, se aboca a la gesti\u00f3n de recursos h\u00eddricos y se olvida del mar.<\/p>\n<p>La Procuradur\u00eda Federal de Protecci\u00f3n al Ambiente (<strong>Propefa<\/strong>), tiene entre sus funciones vigilar y verificar el puntual cumplimiento de la legislaci\u00f3n ambiental, a trav\u00e9s de inspecciones en la zona mar\u00edtima federal, para hacer efectivas las leyes y regulaciones en la materia.<\/p>\n<p>El Ayuntamiento se concreta exclusivamente a la limpieza de canales y arroyos, para que fluyan las aguas torrenciales hacia el mar, descuidando las tomas clandestinas de aguas residuales que toman el mismo cauce.<\/p>\n<p>La Promotora de Playas del Gobierno del Estado, realiza la limpieza de la superficie del mar y playas, actividad que corresponde a la <strong>Semarnat<\/strong>, transferida al gobierno estatal. En menor medida, participan la <strong>CAPASEG, Semaren<\/strong> y la Procuradur\u00eda de Protecci\u00f3n Ambiental del Estado de Guerrero (<strong>Propaeg<\/strong>).<\/p>\n<p>A la Secretar\u00eda de Marina (<strong>Semar<\/strong>) le toca garantizar la seguridad de los turistas en las playas y zona costera y no permitir arrojen desechos de basura en las playas, con patrullajes intermitentes y fijos.<\/p>\n<p>Sin duda, el papel m\u00e1s relevante lo desempe\u00f1a la <strong>Cofepris<\/strong>\u00a0con la <strong>emisi\u00f3n de alertas<\/strong> de playas no aptas para ba\u00f1istas, lo cual sucede en las temporadas tur\u00edsticas de Semana Santa y Verano, sin que ninguna autoridad realice lo procedente, a fin evitar se cause da\u00f1o a la imagen del puerto y afecte la afluencia de visitantes.<\/p>\n<p>En las siguientes temporadas se requerir\u00e1 la intervenci\u00f3n y apoyo del del Fondo Nacional de Fomento al Turismo (<strong>Fonatur<\/strong>) y en estrecha coordinaci\u00f3n dependencias de los tres niveles de gobierno involucradas, se aboquen a resolver en definitiva este grav\u00edsimo problema, con la participaci\u00f3n ciudadana y turistas.<\/p>\n<p><strong>Marea Baja.-<\/strong> Marchan viento en popa los preparativos del CCXLIII natalicio del ilustre <strong>General Vicente Ram\u00f3n Guerrero Salda\u00f1a<\/strong>, a celebrarse el pr\u00f3ximo 9 de agosto, con una Semana Cultural a realizarse del 2 al 13 de agosto, en la hist\u00f3rica ciudad de Tixtla.<\/p>\n<p>El <strong>243 aniversario<\/strong> <strong>del natalicio<\/strong> del Consumador de la Independencia, primer presidente afro descendiente de M\u00e9xico y m\u00e1ximo h\u00e9roe de la entidad, ser\u00e1 una gran celebraci\u00f3n que contempla 53 actividades: exposiciones teatro, poes\u00eda, m\u00fasica, danzas, gastronom\u00eda, bibliograf\u00eda, conferencias y presentaciones art\u00edsticas.<\/p>\n<p>Este grandioso evento siempre es esperado con gran inter\u00e9s por las familias tixtlecas y de la regi\u00f3n Centro, por el colorido y ambiente m\u00e1gico de la principal festividad c\u00edvica e historia del estado de Guerrero, coordinada por la Secretar\u00eda de Cultura estatal.<\/p>\n<p><strong>Marea Alta.-<\/strong> No todo es negativo en el gobierno capitalino, pues el alcalde Gustavo Alarc\u00f3n Herrera, adquiri\u00f3 tremendo autob\u00fas y lo equipo como <strong>Unidad M\u00e9dica M\u00f3vil<\/strong>, para llevar los servicios m\u00e9dicos gratuitos a las colonias y barrios de la ciudad y hasta las comunidades m\u00e1s rec\u00f3nditas del municipio.<\/p>\n<p>Lo \u00fanico malo, llevan pocas medicinas, pero si un gran letrero con el nombre del Presidente Municipal. Ya no est\u00e1 permitido por las autoridades electorales, hacerse promoci\u00f3n personal. \u00a0Seguramente est\u00e1 pensando en relegirse y seguirse de frente otro trienio.<\/p>\n<p><strong>Maremoto.-<\/strong> En muchos conflictos innecesarios se viene involucrando el alcalde de Iguala, Erik Catal\u00e1n Rend\u00f3n, tanto con sus colaboradores como con periodistas.<\/p>\n<p>A pocos meses de su entronizamiento como alcalde tamarindero, ha realizado infinidad de cambios en su equipo de trabajo, controvertidos la mayor\u00eda o de dudosa reputaci\u00f3n.<\/p>\n<p>Habr\u00eda que destacar las permanentes confrontaciones que tiene con periodistas, mismos que vienen denunciado su err\u00e1tico proceder como primera autoridad municipal.<br \/>\n<em>) acapulcopress.com<\/em><\/p>\n","protected":false},"excerpt":{"rendered":"<p>Marem\u00e1gnum | Reconozco y agradezco la sugerencia del amigo y colega Enrique Castillo Gonz\u00e1lez, columnista especializado en temas <\/p>\n","protected":false},"author":1,"featured_media":1259264,"comment_status":"closed","ping_status":"open","sticky":false,"template":"","format":"standard","meta":{"footnotes":""},"categories":[2071,1991],"tags":[18634,6157,12503,15575],"class_list":["post-1259263","post","type-post","status-publish","format-standard","has-post-thumbnail","hentry","category-opinion-analisis-columnas","category-libertad-de-expresion","tag-acapulcopress-com","tag-comision-federal-para-la-proteccion-contra-riesgos-sanitarios-cofepris","tag-maremagnum","tag-ricardo-castillo-barrientos"],"_links":{"self":[{"href":"https:\/\/www.acapulcopress.com\/index.php\/wp-json\/wp\/v2\/posts\/1259263","targetHints":{"allow":["GET"]}}],"collection":[{"href":"https:\/\/www.acapulcopress.com\/index.php\/wp-json\/wp\/v2\/posts"}],"about":[{"href":"https:\/\/www.acapulcopress.com\/index.php\/wp-json\/wp\/v2\/types\/post"}],"author":[{"embeddable":true,"href":"https:\/\/www.acapulcopress.com\/index.php\/wp-json\/wp\/v2\/users\/1"}],"replies":[{"embeddable":true,"href":"https:\/\/www.acapulcopress.com\/index.php\/wp-json\/wp\/v2\/comments?post=1259263"}],"version-history":[{"count":2,"href":"https:\/\/www.acapulcopress.com\/index.php\/wp-json\/wp\/v2\/posts\/1259263\/revisions"}],"predecessor-version":[{"id":1259266,"href":"https:\/\/www.acapulcopress.com\/index.php\/wp-json\/wp\/v2\/posts\/1259263\/revisions\/1259266"}],"wp:featuredmedia":[{"embeddable":true,"href":"https:\/\/www.acapulcopress.com\/index.php\/wp-json\/wp\/v2\/media\/1259264"}],"wp:attachment":[{"href":"https:\/\/www.acapulcopress.com\/index.php\/wp-json\/wp\/v2\/media?parent=1259263"}],"wp:term":[{"taxonomy":"category","embeddable":true,"href":"https:\/\/www.acapulcopress.com\/index.php\/wp-json\/wp\/v2\/categories?post=1259263"},{"taxonomy":"post_tag","embeddable":true,"href":"https:\/\/www.acapulcopress.com\/index.php\/wp-json\/wp\/v2\/tags?post=1259263"}],"curies":[{"name":"wp","href":"https:\/\/api.w.org\/{rel}","templated":true}]}}