{"id":1259268,"date":"2025-07-25T19:50:04","date_gmt":"2025-07-26T01:50:04","guid":{"rendered":"https:\/\/www.acapulcopress.com\/?p=1259268"},"modified":"2025-07-25T19:56:47","modified_gmt":"2025-07-26T01:56:47","slug":"lento-avance-en-obras-de-modernizacion-de-la-zona-turistica","status":"publish","type":"post","link":"https:\/\/www.acapulcopress.com\/index.php\/2025\/07\/25\/lento-avance-en-obras-de-modernizacion-de-la-zona-turistica\/","title":{"rendered":"Lento avance en obras de modernizaci\u00f3n de la zona tur\u00edstica"},"content":{"rendered":"<p>Marem\u00e1gnum<br \/>\n\u00bb <a href=\"https:\/\/www.facebook.com\/ricardocastill01\" target=\"_blank\" rel=\"noopener\"><strong>RICARDO<\/strong> | <strong>CASTILLO BARRIENTOS<\/strong><\/a><\/p>\n<p>Existen amplias expectativas e interrogantes sobre los proyectos en proceso de ejecuci\u00f3n implementados por el gobierno federal, tendientes a la reconstrucci\u00f3n y modernizaci\u00f3n de Acapulco, en la zona tur\u00edstica.<\/p>\n<p>Con anterioridad hemos abordado el tema, ahora con aristas de actualidad y trascendencia, con base a la informaci\u00f3n proporcionada por el almirante Raymundo Pedro Morales \u00c1ngeles, secretario de Marina (<strong>SEMAR<\/strong>), en la conferencia ma\u00f1anera de este mi\u00e9rcoles, en Palacio Nacional, <strong>CDMX<\/strong>.<\/p>\n<p>La ciudadan\u00eda porte\u00f1a desconoce las especificaciones de los proyectos, solo se conocen generalidades como sucede con los proyectos del gobierno federal, siempre bienvenidos, no como convidados de piedra. Ser\u00eda conveniente socializar los proyectos.<\/p>\n<p>El alto funcionario federal y comandante de la <strong>SEMAR<\/strong>, reiter\u00f3 que en el mes de junio iniciaron las \u201cotras de mantenimiento\u201d del \u201cJard\u00edn del Puerto\u201d. Diversas asociaciones civiles coordinadas por la ambientalista Kay Mendieta, han demandado la realizaci\u00f3n de un proyecto integral que contemple un 80% de \u00e1reas verdes, sin obtener respuesta favorable hasta el momento.<\/p>\n<p>El proyecto del \u201c<strong>Marib\u00fas<\/strong>\u201d, rebautizado \u201c<strong>Marina B\u00fas<\/strong>\u201d, por el almirante Morales \u00c1ngeles, tiene un avance del 20%, con una inversi\u00f3n p\u00fablica de 170 millones de pesos, se prev\u00e9 su conclusi\u00f3n en diciembre de este a\u00f1o, con estaciones iniciales en Puerto Marqu\u00e9s y Malec\u00f3n.<\/p>\n<p>Asimismo, se realizan trabajos de remodelaci\u00f3n del muelle de Puerto Marqu\u00e9s, con una inversi\u00f3n de 50 millones de pesos y un avance del 15%, antes que concluya el a\u00f1o quedar\u00e1 listo; as\u00ed como, el Malec\u00f3n \u201cBenito Ju\u00e1rez\u201d, donde ser\u00e1n invertidos 180 millones de pesos, no se sabe con precisi\u00f3n la ubicaci\u00f3n de esta obra.<\/p>\n<p>Otro proyecto se refiere a la rehabilitaci\u00f3n del muelle de usos m\u00faltiples del puerto, se prev\u00e9 finalice en agosto de este mismo a\u00f1o, con una inversi\u00f3n de 300 millones de pesos, se desconoce el avance de la obra.<\/p>\n<p>Entre los grandes proyectos se considera la transformaci\u00f3n de la terminal de veh\u00edculos, en un estacionamiento con \u00e1reas comerciales, gastron\u00f3micas y recreaci\u00f3n, con albercas naturales, y una inversi\u00f3n privada de 330 millones de pesos. Su conclusi\u00f3n en diciembre de 2026.<\/p>\n<p>Finalmente, se contempla la construcci\u00f3n de una terminal de cruceros, con una inversi\u00f3n privada de 350 millones de pesos, que iniciar\u00e1 en octubre del presente a\u00f1o, para finalizar en diciembre de 2026.<\/p>\n<p>Existe una propuesta de los grupos vulnerables para que se destine una alberca de agua de mar para personas con discapacidad y adultos mayores, sin barreras arquitect\u00f3nicas, a fin de facilitar la accesibilidad a las personas de este grupo marginado.<\/p>\n<p><strong>Marea Baja.-<\/strong> Lamentable deceso del compa\u00f1ero periodista V\u00edctor Wences Mart\u00ednez, despu\u00e9s de estar convaleciente en tres hospitales del <strong>ISSSTE<\/strong> (Chilpancingo, Acapulco y Cuernavaca), donde no pudieron brindarle la debida atenci\u00f3n m\u00e9dica, a causa de una hemorragia g\u00e1strica.<\/p>\n<p>Se grita a los cuatro vientos la mejor\u00eda de la calidad de los servicios m\u00e9dicos del Sector Salud, resultando una quimera, esto es solo una prueba que el<strong> ISSSTE<\/strong> sigue operando con infinidad de deficiencias, poniendo en riesgo la salud de los derechohabientes que merecen la mejor atenci\u00f3n, no como en Dinamarca que ser\u00eda mucho pedir.<\/p>\n<p><strong>Marea Alta.-<\/strong> Delo por un hecho la ratificaci\u00f3n del diputado local Jes\u00fas Uri\u00f3stegui Garc\u00eda, para continuar al frente de la Junta de Coordinaci\u00f3n Pol\u00edtica (<strong>JUCOPO<\/strong>) del Congreso del Estado, por lo que resta del periodo de la actual legislatura, aunque su trabajo legislativo ha dejado mucho que desear.<\/p>\n<p>El Grupo Parlamentario de <strong>MORENA<\/strong>, tiene los votos suficientes para respaldar unitariamente al diputado Uri\u00f3stegui, sin que nadie le haga sombra, pues pertenece al equipo con mayor fuerza pol\u00edtica en la entidad.<\/p>\n<p>Se espera que ahora s\u00ed avancen los trabajos de la construcci\u00f3n de la biblioteca, que hab\u00edan quedado paralizados desde hace m\u00e1s de dos a\u00f1os.<\/p>\n<p><strong>Maremoto.-<\/strong> La alcaldesa Abelina L\u00f3pez Rodr\u00edguez, siempre es noticia nacional. Los principales medios de comunicaci\u00f3n del pa\u00eds y las redes sociales, dan cuenta que el Tribunal Electoral de Guerrero, resolvi\u00f3 que el director del portal \u201c<strong>Acapulco Trends<\/strong>\u201d, Jes\u00fas Casta\u00f1eda, deber\u00e1 ofrecerle una disculpa p\u00fablica durante 15 d\u00edas y pagar una multa de 22 mil pesos, por incurrir en violencia pol\u00edtica en raz\u00f3n de g\u00e9nero.<\/p>\n<p>En caso que Casta\u00f1eda no acate la resoluci\u00f3n del Tribunal Electoral, podr\u00eda ser enviado a prisi\u00f3n, salvo que la alcaldesa meta reversa y lo perdone, como lo hizo la diputada federal de Sonora, Diana Karina Bsrreras, en un caso similar, qui\u00e9n ante las severas cr\u00edticas recibidas, opt\u00f3 por corregir la plana y retirar los cargos.<\/p>\n<p>Se suma una m\u00e1s de las pifias cometidas por la controvertida alcaldesa porte\u00f1a, ante el c\u00famulo de acres cr\u00edticas que recibe todos los d\u00edas en las redes sociales y en medios de comunicaci\u00f3n. Ya estuvo bueno de tantas fallas, una tras otra, se pregunta el respetable p\u00fablico.<\/p>\n","protected":false},"excerpt":{"rendered":"<p>Existen amplias expectativas e interrogantes sobre los proyectos en proceso de ejecuci\u00f3n implementados por el gobierno federal<\/p>\n","protected":false},"author":1,"featured_media":1259270,"comment_status":"closed","ping_status":"open","sticky":false,"template":"","format":"standard","meta":{"footnotes":""},"categories":[2071,1991],"tags":[12503,15575],"class_list":["post-1259268","post","type-post","status-publish","format-standard","has-post-thumbnail","hentry","category-opinion-analisis-columnas","category-libertad-de-expresion","tag-maremagnum","tag-ricardo-castillo-barrientos"],"_links":{"self":[{"href":"https:\/\/www.acapulcopress.com\/index.php\/wp-json\/wp\/v2\/posts\/1259268","targetHints":{"allow":["GET"]}}],"collection":[{"href":"https:\/\/www.acapulcopress.com\/index.php\/wp-json\/wp\/v2\/posts"}],"about":[{"href":"https:\/\/www.acapulcopress.com\/index.php\/wp-json\/wp\/v2\/types\/post"}],"author":[{"embeddable":true,"href":"https:\/\/www.acapulcopress.com\/index.php\/wp-json\/wp\/v2\/users\/1"}],"replies":[{"embeddable":true,"href":"https:\/\/www.acapulcopress.com\/index.php\/wp-json\/wp\/v2\/comments?post=1259268"}],"version-history":[{"count":1,"href":"https:\/\/www.acapulcopress.com\/index.php\/wp-json\/wp\/v2\/posts\/1259268\/revisions"}],"predecessor-version":[{"id":1259271,"href":"https:\/\/www.acapulcopress.com\/index.php\/wp-json\/wp\/v2\/posts\/1259268\/revisions\/1259271"}],"wp:featuredmedia":[{"embeddable":true,"href":"https:\/\/www.acapulcopress.com\/index.php\/wp-json\/wp\/v2\/media\/1259270"}],"wp:attachment":[{"href":"https:\/\/www.acapulcopress.com\/index.php\/wp-json\/wp\/v2\/media?parent=1259268"}],"wp:term":[{"taxonomy":"category","embeddable":true,"href":"https:\/\/www.acapulcopress.com\/index.php\/wp-json\/wp\/v2\/categories?post=1259268"},{"taxonomy":"post_tag","embeddable":true,"href":"https:\/\/www.acapulcopress.com\/index.php\/wp-json\/wp\/v2\/tags?post=1259268"}],"curies":[{"name":"wp","href":"https:\/\/api.w.org\/{rel}","templated":true}]}}