{"id":1259272,"date":"2025-07-25T20:10:04","date_gmt":"2025-07-26T02:10:04","guid":{"rendered":"https:\/\/www.acapulcopress.com\/?p=1259272"},"modified":"2025-07-25T20:11:05","modified_gmt":"2025-07-26T02:11:05","slug":"acapulco-ante-una-historica-inversion","status":"publish","type":"post","link":"https:\/\/www.acapulcopress.com\/index.php\/2025\/07\/25\/acapulco-ante-una-historica-inversion\/","title":{"rendered":"Acapulco, ante una hist\u00f3rica inversion"},"content":{"rendered":"<p>Tercera V\u00eda<br \/>\n\u00bb <a href=\"https:\/\/www.facebook.com\/profile.php?id=100029214670744\" target=\"_blank\" rel=\"noopener\"><strong>ERNESTO<\/strong> | <strong>RIVERA RODR\u00cdGUEZ<\/strong><\/a><\/p>\n<p>La novedad as\u00ed lo informa, con la hist\u00f3rica inversion para transformar Acapulco, una inversi\u00f3n superior a los 870 millones de pesos, para proyectos estrat\u00e9gicos que consolidaran la transformaci\u00f3n tur\u00edstica de Acapulco, como lo celebr\u00f3 la gobernadora<strong> Evelyn Cesia Salgado Pineda<\/strong>.<\/p>\n<p>Dicha inversi\u00f3n fue dada a conocer por la presidenta<strong> Claudia Cheinbaum Pardo<\/strong>, en la ma\u00f1anera del martes pasado, proyectos estrat\u00e9gicos para impulsar obras de infraestructura, destacandose la recuperaci\u00f3n de la zona tradicional, entre ellos, el Jard\u00edn del Puerto, la remodelacion integral del Malec\u00f3n y la puesta en marcha del Marina Bus, un nuevo transporte mar\u00edtimo que conectar\u00e1 Puerto Marqu\u00e9s con el centro de Acapulco.<\/p>\n<p>La gobernadora Evelyn Cesia Salgado Pineda celebr\u00f3 el anuncio de esta serie de proyectos que consolidaran el futuro tur\u00edstico de Acapulco a nivel internacional.<\/p>\n<p>Al detallar la inversi\u00f3n el secretario de Marina,<strong> Raymundo Pedro Morales \u00c1ngeles<\/strong> explic\u00f3 que los proyectos contemplan una primera inversi\u00f3n p\u00fablica de 190 millones de pesos; 170 millones para el Jard\u00edn del Puerto, y la terminal, as\u00ed como 20 millones de pesos para el muelle de Puerto Marqu\u00e9s.<\/p>\n<p>C\u00f3mo parte de esta estrategia, se reactivara el muelle marginal y se remodelara el Malec\u00f3n, convirtiendo las hasta hoy \u00e1reas restringidas en espacios p\u00fablicos, (tan demandados por los acapulque\u00f1os), para el disfrute de turistas y residentes, para que convivan con el mar y disfruten del nuevo Malec\u00f3n, afirm\u00f3 Morales Alvarez.<\/p>\n<p>A esa inversi\u00f3n se suman 330 millones de pesos e inversi\u00f3n privada qu\u00e9 ser\u00e1 \u00ablicitada\u00bb para transformar la antigua terminal de veh\u00edculos, en un estacionamiento con \u00e1reas comerciales y de recreaci\u00f3n, as\u00ed como 350 millones de pesos adicionales para la construcci\u00f3n de una moderna terminal de cruceros.<br \/>\n<em>) acapulcopress.com<\/em><\/p>\n","protected":false},"excerpt":{"rendered":"<p>Tercera V\u00eda | La novedad as\u00ed lo informa, con la hist\u00f3rica inversion para transformar Acapulco, una inversi\u00f3n superior a los 870 millones<\/p>\n","protected":false},"author":1,"featured_media":1259273,"comment_status":"closed","ping_status":"open","sticky":false,"template":"","format":"standard","meta":{"footnotes":""},"categories":[2071,1991],"tags":[18635,8065,8242,18636,17071],"class_list":["post-1259272","post","type-post","status-publish","format-standard","has-post-thumbnail","hentry","category-opinion-analisis-columnas","category-libertad-de-expresion","tag-claudia-cheinbaum-pardo","tag-ernesto-rodriguez-rivera","tag-evelyn-cesia-salgado-pineda","tag-raymundo-pedro-morales-angeles","tag-tercera-via"],"_links":{"self":[{"href":"https:\/\/www.acapulcopress.com\/index.php\/wp-json\/wp\/v2\/posts\/1259272","targetHints":{"allow":["GET"]}}],"collection":[{"href":"https:\/\/www.acapulcopress.com\/index.php\/wp-json\/wp\/v2\/posts"}],"about":[{"href":"https:\/\/www.acapulcopress.com\/index.php\/wp-json\/wp\/v2\/types\/post"}],"author":[{"embeddable":true,"href":"https:\/\/www.acapulcopress.com\/index.php\/wp-json\/wp\/v2\/users\/1"}],"replies":[{"embeddable":true,"href":"https:\/\/www.acapulcopress.com\/index.php\/wp-json\/wp\/v2\/comments?post=1259272"}],"version-history":[{"count":3,"href":"https:\/\/www.acapulcopress.com\/index.php\/wp-json\/wp\/v2\/posts\/1259272\/revisions"}],"predecessor-version":[{"id":1259276,"href":"https:\/\/www.acapulcopress.com\/index.php\/wp-json\/wp\/v2\/posts\/1259272\/revisions\/1259276"}],"wp:featuredmedia":[{"embeddable":true,"href":"https:\/\/www.acapulcopress.com\/index.php\/wp-json\/wp\/v2\/media\/1259273"}],"wp:attachment":[{"href":"https:\/\/www.acapulcopress.com\/index.php\/wp-json\/wp\/v2\/media?parent=1259272"}],"wp:term":[{"taxonomy":"category","embeddable":true,"href":"https:\/\/www.acapulcopress.com\/index.php\/wp-json\/wp\/v2\/categories?post=1259272"},{"taxonomy":"post_tag","embeddable":true,"href":"https:\/\/www.acapulcopress.com\/index.php\/wp-json\/wp\/v2\/tags?post=1259272"}],"curies":[{"name":"wp","href":"https:\/\/api.w.org\/{rel}","templated":true}]}}