{"id":1259277,"date":"2025-07-25T20:34:01","date_gmt":"2025-07-26T02:34:01","guid":{"rendered":"https:\/\/www.acapulcopress.com\/?p=1259277"},"modified":"2025-07-25T20:34:01","modified_gmt":"2025-07-26T02:34:01","slug":"garantiza-guerrero-abasto-alimentario-en-tiendas-del-bienestar-de-coyuca-de-catalan","status":"publish","type":"post","link":"https:\/\/www.acapulcopress.com\/index.php\/2025\/07\/25\/garantiza-guerrero-abasto-alimentario-en-tiendas-del-bienestar-de-coyuca-de-catalan\/","title":{"rendered":"Garantiza Guerrero abasto alimentario en Tiendas del Bienestar de Coyuca de Catal\u00e1n"},"content":{"rendered":"<p>CHILPANCINGO * 25 de julio 2025<br \/>\n<em>) Gobierno de Guerrero<\/em><br \/>\nComo parte del compromiso por mejorar las condiciones de vida en las comunidades m\u00e1s apartadas del estado, el Gobierno de Guerrero, en <a href=\"https:\/\/www.acapulcopress.com\/wp-content\/uploads\/2025\/07\/Tiendas-del-Bienestar.jpg\"><img loading=\"lazy\" decoding=\"async\" class=\"alignleft wp-image-1259278 size-cmsmasters-square-thumb\" src=\"https:\/\/www.acapulcopress.com\/wp-content\/uploads\/2025\/07\/Tiendas-del-Bienestar-360x360.jpg\" alt=\"\" width=\"360\" height=\"360\" srcset=\"https:\/\/www.acapulcopress.com\/wp-content\/uploads\/2025\/07\/Tiendas-del-Bienestar-360x360.jpg 360w, https:\/\/www.acapulcopress.com\/wp-content\/uploads\/2025\/07\/Tiendas-del-Bienestar-150x150.jpg 150w, https:\/\/www.acapulcopress.com\/wp-content\/uploads\/2025\/07\/Tiendas-del-Bienestar-70x70.jpg 70w\" sizes=\"auto, (max-width: 360px) 100vw, 360px\" \/><\/a>colaboraci\u00f3n con Segalmex\u2013Liconsa, realiz\u00f3 una jornada de abastecimiento alimentario para fortalecer el suministro de productos b\u00e1sicos en las Tiendas del Bienestar de las localidades de El Jilguero (Puerto de las Ollas) y R\u00edo Fr\u00edo (San Isidro), en el municipio de Coyuca de Catal\u00e1n.<\/p>\n<p>El subsecretario de Desarrollo Pol\u00edtico y Social,<strong> Francisco Rodr\u00edguez Cisneros<\/strong>, inform\u00f3 que esta acci\u00f3n forma parte de las acciones integrales impulsadas por la Gobernadora del Estado Evelyn Salgado Pineda para garantizar el acceso a alimentos a familias de la Sierra, contribuyendo as\u00ed al bienestar y la seguridad alimentaria de la poblaci\u00f3n,<\/p>\n<p>Se\u00f1alo que se despleg\u00f3 una comitiva oficial que arrib\u00f3 a Puerto de las Ollas para supervisar y realizar la entrega directa de insumos a las tiendas rurales, la cual se desarroll\u00f3 en un ambiente de seguridad, organizaci\u00f3n y acompa\u00f1amiento institucional.<\/p>\n<p>Indic\u00f3 que, durante la jornada, participaron autoridades estatales y federales, entre ellas el delegado general de Gobierno en Costa Grande, Juan M\u00e9ndez Nogueda; el delegado de Gobernaci\u00f3n en Zihuatanejo, On\u00e9cimo Antonio Llanes, y Virgilio Abarca S\u00e1nchez.<\/p>\n<p>Por parte de Segalmex\u2013Liconsa estuvieron presentes el responsable de Operaciones de Alimentaci\u00f3n para el Bienestar en Guerrero, Rom\u00e1n Cruz Robles, y el Antonio Garc\u00eda Solano, subjefe del almac\u00e9n de San Jeronimito.<\/p>\n<p>Adem\u00e1s, destac\u00f3 que el operativo cont\u00f3 con el apoyo de una unidad de la Secretar\u00eda de la Defensa Nacional (SEDENA), elementos de la Polic\u00eda Estatal y de la Guardia Nacional, lo que garantiz\u00f3 el desarrollo seguro de la jornada.<\/p>\n<p><a href=\"https:\/\/www.acapulcopress.com\/wp-content\/uploads\/2025\/07\/Tiendas-del-Bienestar4.jpg\"><img loading=\"lazy\" decoding=\"async\" class=\"alignnone wp-image-1259281 size-full\" src=\"https:\/\/www.acapulcopress.com\/wp-content\/uploads\/2025\/07\/Tiendas-del-Bienestar4.jpg\" alt=\"\" width=\"1600\" height=\"1200\" srcset=\"https:\/\/www.acapulcopress.com\/wp-content\/uploads\/2025\/07\/Tiendas-del-Bienestar4.jpg 1600w, https:\/\/www.acapulcopress.com\/wp-content\/uploads\/2025\/07\/Tiendas-del-Bienestar4-300x225.jpg 300w, https:\/\/www.acapulcopress.com\/wp-content\/uploads\/2025\/07\/Tiendas-del-Bienestar4-1024x768.jpg 1024w, https:\/\/www.acapulcopress.com\/wp-content\/uploads\/2025\/07\/Tiendas-del-Bienestar4-768x576.jpg 768w, https:\/\/www.acapulcopress.com\/wp-content\/uploads\/2025\/07\/Tiendas-del-Bienestar4-1536x1152.jpg 1536w, https:\/\/www.acapulcopress.com\/wp-content\/uploads\/2025\/07\/Tiendas-del-Bienestar4-580x435.jpg 580w, https:\/\/www.acapulcopress.com\/wp-content\/uploads\/2025\/07\/Tiendas-del-Bienestar4-860x645.jpg 860w, https:\/\/www.acapulcopress.com\/wp-content\/uploads\/2025\/07\/Tiendas-del-Bienestar4-1160x870.jpg 1160w, https:\/\/www.acapulcopress.com\/wp-content\/uploads\/2025\/07\/Tiendas-del-Bienestar4-1320x990.jpg 1320w\" sizes=\"auto, (max-width: 1600px) 100vw, 1600px\" \/><\/a><\/p>\n<p><em>) acapulcopress.com<\/em><\/p>\n","protected":false},"excerpt":{"rendered":"<p>CHILPANCINGO * 25 de julio 2025 ) Gobierno de Guerrero Como parte del compromiso por mejorar las condiciones de vida en las comunidades m\u00e1s apartadas del estado, el Gobierno de Guerrero, en colaboraci\u00f3n con Segalmex\u2013Liconsa, realiz\u00f3 una jornada de abastecimiento alimentario para fortalecer el suministro de productos b\u00e1sicos en las Tiendas del Bienestar de las&#8230;<\/p>\n","protected":false},"author":1,"featured_media":1259280,"comment_status":"closed","ping_status":"open","sticky":false,"template":"","format":"standard","meta":{"footnotes":""},"categories":[18469,2080],"tags":[8894,9302,18637],"class_list":["post-1259277","post","type-post","status-publish","format-standard","has-post-thumbnail","hentry","category-generales","category-regiones-de-guerrero","tag-francisco-rodriguez-cisneros","tag-gobierno-de-guerrero","tag-tiendas-del-bienestar"],"_links":{"self":[{"href":"https:\/\/www.acapulcopress.com\/index.php\/wp-json\/wp\/v2\/posts\/1259277","targetHints":{"allow":["GET"]}}],"collection":[{"href":"https:\/\/www.acapulcopress.com\/index.php\/wp-json\/wp\/v2\/posts"}],"about":[{"href":"https:\/\/www.acapulcopress.com\/index.php\/wp-json\/wp\/v2\/types\/post"}],"author":[{"embeddable":true,"href":"https:\/\/www.acapulcopress.com\/index.php\/wp-json\/wp\/v2\/users\/1"}],"replies":[{"embeddable":true,"href":"https:\/\/www.acapulcopress.com\/index.php\/wp-json\/wp\/v2\/comments?post=1259277"}],"version-history":[{"count":1,"href":"https:\/\/www.acapulcopress.com\/index.php\/wp-json\/wp\/v2\/posts\/1259277\/revisions"}],"predecessor-version":[{"id":1259283,"href":"https:\/\/www.acapulcopress.com\/index.php\/wp-json\/wp\/v2\/posts\/1259277\/revisions\/1259283"}],"wp:featuredmedia":[{"embeddable":true,"href":"https:\/\/www.acapulcopress.com\/index.php\/wp-json\/wp\/v2\/media\/1259280"}],"wp:attachment":[{"href":"https:\/\/www.acapulcopress.com\/index.php\/wp-json\/wp\/v2\/media?parent=1259277"}],"wp:term":[{"taxonomy":"category","embeddable":true,"href":"https:\/\/www.acapulcopress.com\/index.php\/wp-json\/wp\/v2\/categories?post=1259277"},{"taxonomy":"post_tag","embeddable":true,"href":"https:\/\/www.acapulcopress.com\/index.php\/wp-json\/wp\/v2\/tags?post=1259277"}],"curies":[{"name":"wp","href":"https:\/\/api.w.org\/{rel}","templated":true}]}}