{"id":1259292,"date":"2025-07-28T18:58:06","date_gmt":"2025-07-29T00:58:06","guid":{"rendered":"https:\/\/www.acapulcopress.com\/?p=1259292"},"modified":"2025-07-28T18:59:42","modified_gmt":"2025-07-29T00:59:42","slug":"renace-la-esperanza-con-sebastian-ramirez-en-fonatur","status":"publish","type":"post","link":"https:\/\/www.acapulcopress.com\/index.php\/2025\/07\/28\/renace-la-esperanza-con-sebastian-ramirez-en-fonatur\/","title":{"rendered":"Renace la esperanza con Sebasti\u00e1n Ram\u00edrez, en Fonatur"},"content":{"rendered":"<p>)\u00a0 <a href=\"https:\/\/www.facebook.com\/ricardocastill01\" target=\"_blank\" rel=\"noopener\"><strong>Ricardo <\/strong>|<strong> Castillo Barrientos<\/strong><\/a><\/p>\n<p>El jueves anterior, el subsecretario de Turismo federal, <strong>Sebasti\u00e1n Ram\u00edrez Mendoza<\/strong>, asumi\u00f3 la direcci\u00f3n general del Fondo Nacional de Turismo (<strong>Fonatur<\/strong>), por disposici\u00f3n de la presidenta Claudia Sheinbaum, en reconocimiento a su responsabilidad en los trabajos de la reconstrucci\u00f3n de Acapulco, especialmente, en la zona tur\u00edstica del puerto.<\/p>\n<p>Sebasti\u00e1n Ram\u00edrez Mendoza, fue nombrado por la presidenta Sheinbaum, responsable de las tareas de reconstrucci\u00f3n a consecuencia de la devastaci\u00f3n del hurac\u00e1n \u201c<strong><em>John<\/em><\/strong>\u201d, a quien instruy\u00f3 instalarse en el puerto, a fin de coordinar personalmente las acciones de una estrategia integral para la reactivaci\u00f3n tur\u00edstica de Acapulco.<\/p>\n<p>De inmediato se aboc\u00f3 a desarrollar un Programa de Trabajo, a corto, mediano y largo plazos, en coordinaci\u00f3n con el Gobierno del Estado, denominado \u201c<strong>Acapulco se Transforma Contigo<\/strong>\u201d, que comprende los ejes de \u201cAcapulco Seguro\u201d, \u201cTransporte y Movilidad Sustentable\u201d, \u201cRegeneraci\u00f3n Tur\u00edstica y Hotelera\u201d y \u201cEstrategias para Acapulco Renace\u201d, con una inversi\u00f3n superior a los <strong>8 mil millones de pesos<\/strong>.<\/p>\n<p>As\u00edmismo, Ram\u00edrez Mendoza, puso en marcha el \u201c<strong>Manuel de Imagen<\/strong> <strong>Tur\u00edstica Urbana para la Costera<\/strong>\u201d, tendiente a renovar la imagen del puerto, impulsando a la zona tradicional, desarrollar nuevos productos tur\u00edsticos y mejorar la competitividad; comprende adem\u00e1s, mejorar el equipamiento urbano, la renovaci\u00f3n del mobiliario de playas, la rehabilitaci\u00f3n de calles y los accesos a playas, paraderos del servicio de transporte, la recuperaci\u00f3n de ventanas ecol\u00f3gicas y dar una sola tonalidad en color primarios en la zona. La remodelaci\u00f3n de fachadas del <strong>Edificio Oviedo<\/strong>, edificio de la <strong>CROM<\/strong>, el emblem\u00e1tico edificio \u201c<strong>Mamper<\/strong>\u201d y los ex restaurantes del \u00e1rea frente a la ex Terminal de Veh\u00edculos de Exportaci\u00f3n, ser\u00e1n renovados. En la siguiente etapa deber\u00e1 considerarse el rescate de los hoteles abandonados en el \u201cAcapulco Tradicional\u201d y \u201cAcapulco Dorado\u201d.<\/p>\n<p>Sebasti\u00e1n Ram\u00edrez, es un joven pol\u00edtico de 37 a\u00f1os de edad, oriundo del ex Distrito Federal, cercano a la presidenta Sheinbaum, quien presidi\u00f3 el Comit\u00e9 Ejecutivo de <strong>Morena<\/strong>\u00a0en la Ciudad de M\u00e9xico, cuando la Mandataria de la Naci\u00f3n, gobern\u00f3 la <strong>Ciudad de M\u00e9xico<\/strong>, en cuya responsabilidad partidista recuper\u00f3 las alcald\u00edas perdidas por el anterior dirigente, H\u00e9ctor Ulises Garc\u00eda, ex delegado de <strong>Morena<\/strong>, en la entidad.<\/p>\n<p>El nuevo Titular de <strong>Fonatur<\/strong>, fundador de <strong>Morena<\/strong>, ha demostrado gran eficacia en tareas pol\u00edticas y administrativas encomendadas por la presidenta Sheinbaum, motivo por el cual, el sector hotelero y tur\u00edstico se encuentran de pl\u00e1cemes, confiando plenamente en su capacidad ejecutiva para levantar Acapulco y modernizarlo, acorde a la \u00e9poca actual, para ser m\u00e1s competitivo frente a otros destinos de playa del pa\u00eds.<br \/>\n<em>) acapulcopress.com<\/em><\/p>\n","protected":false},"excerpt":{"rendered":"<p>El subsecretario de Turismo federal, Sebasti\u00e1n Ram\u00edrez Mendoza, asumi\u00f3 la direcci\u00f3n general del Fondo Nacional de Turismo (Fonatur)<\/p>\n","protected":false},"author":1,"featured_media":1259293,"comment_status":"closed","ping_status":"open","sticky":false,"template":"","format":"standard","meta":{"footnotes":""},"categories":[2071,1991],"tags":[8781,15575,18644,16115],"class_list":["post-1259292","post","type-post","status-publish","format-standard","has-post-thumbnail","hentry","category-opinion-analisis-columnas","category-libertad-de-expresion","tag-fondo-nacional-de-fomento-turistico-fonatur","tag-ricardo-castillo-barrientos","tag-sebastian-ramirez","tag-sebastian-ramirez-mendoza"],"_links":{"self":[{"href":"https:\/\/www.acapulcopress.com\/index.php\/wp-json\/wp\/v2\/posts\/1259292","targetHints":{"allow":["GET"]}}],"collection":[{"href":"https:\/\/www.acapulcopress.com\/index.php\/wp-json\/wp\/v2\/posts"}],"about":[{"href":"https:\/\/www.acapulcopress.com\/index.php\/wp-json\/wp\/v2\/types\/post"}],"author":[{"embeddable":true,"href":"https:\/\/www.acapulcopress.com\/index.php\/wp-json\/wp\/v2\/users\/1"}],"replies":[{"embeddable":true,"href":"https:\/\/www.acapulcopress.com\/index.php\/wp-json\/wp\/v2\/comments?post=1259292"}],"version-history":[{"count":2,"href":"https:\/\/www.acapulcopress.com\/index.php\/wp-json\/wp\/v2\/posts\/1259292\/revisions"}],"predecessor-version":[{"id":1259295,"href":"https:\/\/www.acapulcopress.com\/index.php\/wp-json\/wp\/v2\/posts\/1259292\/revisions\/1259295"}],"wp:featuredmedia":[{"embeddable":true,"href":"https:\/\/www.acapulcopress.com\/index.php\/wp-json\/wp\/v2\/media\/1259293"}],"wp:attachment":[{"href":"https:\/\/www.acapulcopress.com\/index.php\/wp-json\/wp\/v2\/media?parent=1259292"}],"wp:term":[{"taxonomy":"category","embeddable":true,"href":"https:\/\/www.acapulcopress.com\/index.php\/wp-json\/wp\/v2\/categories?post=1259292"},{"taxonomy":"post_tag","embeddable":true,"href":"https:\/\/www.acapulcopress.com\/index.php\/wp-json\/wp\/v2\/tags?post=1259292"}],"curies":[{"name":"wp","href":"https:\/\/api.w.org\/{rel}","templated":true}]}}