{"id":1259344,"date":"2025-07-29T18:20:47","date_gmt":"2025-07-30T00:20:47","guid":{"rendered":"https:\/\/www.acapulcopress.com\/?p=1259344"},"modified":"2025-07-29T18:25:49","modified_gmt":"2025-07-30T00:25:49","slug":"capturan-a-siete-miembros-de-la-familia-michoacana-en-coyuca-de-benitez","status":"publish","type":"post","link":"https:\/\/www.acapulcopress.com\/index.php\/2025\/07\/29\/capturan-a-siete-miembros-de-la-familia-michoacana-en-coyuca-de-benitez\/","title":{"rendered":"Capturan a siete miembros de La Familia Michoacana en Coyuca de Ben\u00edtez"},"content":{"rendered":"<p>CIUDAD DE M\u00c9XICO * 29 de julio 2025<br \/>\n<em>) Secretar\u00eda de Seguridad P\u00fablica y Participaci\u00f3n Ciudadana<br \/>\n<\/em><a href=\"https:\/\/www.acapulcopress.com\/wp-content\/uploads\/2025\/07\/FAMILIA-MICHOACANA-GRO6.jpg\"><img loading=\"lazy\" decoding=\"async\" class=\"alignleft wp-image-1259350 size-cmsmasters-square-thumb\" src=\"https:\/\/www.acapulcopress.com\/wp-content\/uploads\/2025\/07\/FAMILIA-MICHOACANA-GRO6-360x360.jpg\" alt=\"\" width=\"360\" height=\"360\" srcset=\"https:\/\/www.acapulcopress.com\/wp-content\/uploads\/2025\/07\/FAMILIA-MICHOACANA-GRO6-360x360.jpg 360w, https:\/\/www.acapulcopress.com\/wp-content\/uploads\/2025\/07\/FAMILIA-MICHOACANA-GRO6-150x150.jpg 150w, https:\/\/www.acapulcopress.com\/wp-content\/uploads\/2025\/07\/FAMILIA-MICHOACANA-GRO6-70x70.jpg 70w\" sizes=\"auto, (max-width: 360px) 100vw, 360px\" \/><\/a>Sin la participaci\u00f3n de la<em> Fiscal\u00eda de Guerrero<\/em> ni de la<em> Polic\u00eda Estatal<\/em>, fuerzas federales detuvieron a siete integrantes de una c\u00e9lula criminal ligada a <em>La Familia Michoacana<\/em> en el municipio de Coyuca de Ben\u00edtez, en la regi\u00f3n Costa Grande. Les aseguraron armas de fuego, equipo t\u00e1ctico, droga y veh\u00edculos, inform\u00f3 en un comunicado conjunto el Gobierno de M\u00e9xico.<\/p>\n<p>La operaci\u00f3n se efectu\u00f3 el lunes y fue encabezada por elementos de l<em>a Secretar\u00eda de Marina (Semar),<\/em> en coordinaci\u00f3n con la<em> Secretar\u00eda de la Defensa Nacional (Defensa), Guardia Nacional (GN), Fiscal\u00eda General de la Rep\u00fablica (FGR)<\/em> y <em>Secretar\u00eda de Seguridad y Protecci\u00f3n Ciudadana (SSPC)<\/em>. La acci\u00f3n es parte de la estrategia para fortalecer el Estado de derecho en zonas de alta incidencia delictiva.<\/p>\n<p>La captura de los presuntos criminales se dio tras un recorrido de disuasi\u00f3n y vigilancia por parte de personal de <em>Infanter\u00eda de Marina<\/em>, con apoyo de un helic\u00f3ptero<em> Black Hawk<\/em>, para el reconocimiento y cobertura en el \u00e1rea de operaciones.<\/p>\n<p>Les fueron asegurados siete fusiles, 16 cargadores, un<em> magaz\u00edn<\/em> (para almacenamiento de municiones), un chaleco t\u00e1ctico con placas, tres chalecos adicionales sin placas, tres pecheras t\u00e1cticas, 188 dosis de mariguana y cuatro motocicletas.<\/p>\n<p><a href=\"https:\/\/www.acapulcopress.com\/wp-content\/uploads\/2025\/07\/FAMILIA-MICHOACANA-GRO5.jpg\"><img loading=\"lazy\" decoding=\"async\" class=\"alignleft wp-image-1259349 size-cmsmasters-square-thumb\" src=\"https:\/\/www.acapulcopress.com\/wp-content\/uploads\/2025\/07\/FAMILIA-MICHOACANA-GRO5-360x360.jpg\" alt=\"\" width=\"360\" height=\"360\" srcset=\"https:\/\/www.acapulcopress.com\/wp-content\/uploads\/2025\/07\/FAMILIA-MICHOACANA-GRO5-360x360.jpg 360w, https:\/\/www.acapulcopress.com\/wp-content\/uploads\/2025\/07\/FAMILIA-MICHOACANA-GRO5-150x150.jpg 150w, https:\/\/www.acapulcopress.com\/wp-content\/uploads\/2025\/07\/FAMILIA-MICHOACANA-GRO5-70x70.jpg 70w\" sizes=\"auto, (max-width: 360px) 100vw, 360px\" \/><\/a>El material fue puesto a disposici\u00f3n de las autoridades correspondientes para la integraci\u00f3n de la carpeta de investigaci\u00f3n.<\/p>\n<p>En este municipio opera una c\u00e9lula de la organizaci\u00f3n criminal <em>La Familia Michoacana<\/em> identificada como<em> Grupo Nueva Generaci\u00f3n<\/em> o <em>Grupo Gente Nueva (GNG)<\/em> en supuesta alianza con los grupos delictivos locales <em>Los Rodr\u00edguez<\/em> y<em> Los Ruso<\/em>s, de acuerdo con reportes del gobierno federal.<\/p>\n<p>A esta c\u00e9lula se le responsabiliz\u00f3 de la irrupci\u00f3n armada la madrugada del 24 de octubre pasado al municipio de Tecpan de Galeana para combatir a otra organizaci\u00f3n criminal denominada Los Granados, a quienes acusaron de estar protegida por autoridades civiles y militares.<\/p>\n<p>Tras el arribo de un convoy con m\u00e1s de 10 camionetas blindadas con hombres fuertemente armados, el <em>Ej\u00e9rcito<\/em> y <em>Guardia Nacional<\/em> entraron al municipio y se enfrentaron al<em> Grupo Nueva Generaci\u00f3n.<\/em><\/p>\n<p>El saldo en cuatro d\u00edas fue de 34 muertos y la detenci\u00f3n de m\u00e1s de 21 personas, en su mayor\u00eda j\u00f3venes migrantes de Guatemala y El Salvador.<\/p>\n<p><a href=\"https:\/\/www.acapulcopress.com\/wp-content\/uploads\/2025\/07\/FAMILIA-MICHOACANA-GRO4.jpg\"><img loading=\"lazy\" decoding=\"async\" class=\"alignleft size-full wp-image-1259348\" src=\"https:\/\/www.acapulcopress.com\/wp-content\/uploads\/2025\/07\/FAMILIA-MICHOACANA-GRO4.jpg\" alt=\"\" width=\"1280\" height=\"960\" srcset=\"https:\/\/www.acapulcopress.com\/wp-content\/uploads\/2025\/07\/FAMILIA-MICHOACANA-GRO4.jpg 1280w, https:\/\/www.acapulcopress.com\/wp-content\/uploads\/2025\/07\/FAMILIA-MICHOACANA-GRO4-300x225.jpg 300w, https:\/\/www.acapulcopress.com\/wp-content\/uploads\/2025\/07\/FAMILIA-MICHOACANA-GRO4-1024x768.jpg 1024w, https:\/\/www.acapulcopress.com\/wp-content\/uploads\/2025\/07\/FAMILIA-MICHOACANA-GRO4-768x576.jpg 768w, https:\/\/www.acapulcopress.com\/wp-content\/uploads\/2025\/07\/FAMILIA-MICHOACANA-GRO4-580x435.jpg 580w, https:\/\/www.acapulcopress.com\/wp-content\/uploads\/2025\/07\/FAMILIA-MICHOACANA-GRO4-860x645.jpg 860w, https:\/\/www.acapulcopress.com\/wp-content\/uploads\/2025\/07\/FAMILIA-MICHOACANA-GRO4-1160x870.jpg 1160w\" sizes=\"auto, (max-width: 1280px) 100vw, 1280px\" \/><\/a> <a href=\"https:\/\/www.acapulcopress.com\/wp-content\/uploads\/2025\/07\/FAMILIA-MICHOACANA-GRO2.jpg\"><img loading=\"lazy\" decoding=\"async\" class=\"alignleft size-full wp-image-1259346\" src=\"https:\/\/www.acapulcopress.com\/wp-content\/uploads\/2025\/07\/FAMILIA-MICHOACANA-GRO2.jpg\" alt=\"\" width=\"1280\" height=\"720\" srcset=\"https:\/\/www.acapulcopress.com\/wp-content\/uploads\/2025\/07\/FAMILIA-MICHOACANA-GRO2.jpg 1280w, https:\/\/www.acapulcopress.com\/wp-content\/uploads\/2025\/07\/FAMILIA-MICHOACANA-GRO2-300x169.jpg 300w, https:\/\/www.acapulcopress.com\/wp-content\/uploads\/2025\/07\/FAMILIA-MICHOACANA-GRO2-1024x576.jpg 1024w, https:\/\/www.acapulcopress.com\/wp-content\/uploads\/2025\/07\/FAMILIA-MICHOACANA-GRO2-768x432.jpg 768w, https:\/\/www.acapulcopress.com\/wp-content\/uploads\/2025\/07\/FAMILIA-MICHOACANA-GRO2-580x326.jpg 580w, https:\/\/www.acapulcopress.com\/wp-content\/uploads\/2025\/07\/FAMILIA-MICHOACANA-GRO2-860x484.jpg 860w, https:\/\/www.acapulcopress.com\/wp-content\/uploads\/2025\/07\/FAMILIA-MICHOACANA-GRO2-1160x653.jpg 1160w\" sizes=\"auto, (max-width: 1280px) 100vw, 1280px\" \/><\/a> <a href=\"https:\/\/www.acapulcopress.com\/wp-content\/uploads\/2025\/07\/FAMILIA-MICHOACANA-GRO.jpg\"><img loading=\"lazy\" decoding=\"async\" class=\"alignleft size-full wp-image-1259345\" src=\"https:\/\/www.acapulcopress.com\/wp-content\/uploads\/2025\/07\/FAMILIA-MICHOACANA-GRO.jpg\" alt=\"\" width=\"1280\" height=\"720\" srcset=\"https:\/\/www.acapulcopress.com\/wp-content\/uploads\/2025\/07\/FAMILIA-MICHOACANA-GRO.jpg 1280w, https:\/\/www.acapulcopress.com\/wp-content\/uploads\/2025\/07\/FAMILIA-MICHOACANA-GRO-300x169.jpg 300w, https:\/\/www.acapulcopress.com\/wp-content\/uploads\/2025\/07\/FAMILIA-MICHOACANA-GRO-1024x576.jpg 1024w, https:\/\/www.acapulcopress.com\/wp-content\/uploads\/2025\/07\/FAMILIA-MICHOACANA-GRO-768x432.jpg 768w, https:\/\/www.acapulcopress.com\/wp-content\/uploads\/2025\/07\/FAMILIA-MICHOACANA-GRO-580x326.jpg 580w, https:\/\/www.acapulcopress.com\/wp-content\/uploads\/2025\/07\/FAMILIA-MICHOACANA-GRO-860x484.jpg 860w, https:\/\/www.acapulcopress.com\/wp-content\/uploads\/2025\/07\/FAMILIA-MICHOACANA-GRO-1160x653.jpg 1160w\" sizes=\"auto, (max-width: 1280px) 100vw, 1280px\" \/><\/a><br \/>\n<em>) acapulcopress.com<\/em><\/p>\n","protected":false},"excerpt":{"rendered":"<p>CIUDAD DE M\u00c9XICO * 29 de julio 2025 ) Secretar\u00eda de Seguridad P\u00fablica y Participaci\u00f3n Ciudadana Sin la participaci\u00f3n de la Fiscal\u00eda de Guerrero ni de la Polic\u00eda Estatal, fuerzas federales detuvieron a siete integrantes de una c\u00e9lula criminal ligada a La Familia Michoacana en el municipio de Coyuca de Ben\u00edtez, en la regi\u00f3n Costa&#8230;<\/p>\n","protected":false},"author":1,"featured_media":1259351,"comment_status":"closed","ping_status":"open","sticky":false,"template":"","format":"standard","meta":{"footnotes":""},"categories":[1997],"tags":[2458,8691,18649,18648,9533,18647,11547,18650,16206,16284],"class_list":["post-1259344","post","type-post","status-publish","format-standard","has-post-thumbnail","hentry","category-noticias-destacadas","tag-los-rusos","tag-fiscalia-general-de-la-republica-fgr","tag-grupo-gente-nueva-gng","tag-grupo-nueva-generacion","tag-guardia-nacional-gn","tag-helicoptero-black-hawk","tag-la-familia-michoacana","tag-los-rodriguez","tag-secretaria-de-la-defensa-nacional-defensa","tag-secretaria-de-seguridad-y-proteccion-ciudadana-sspc"],"_links":{"self":[{"href":"https:\/\/www.acapulcopress.com\/index.php\/wp-json\/wp\/v2\/posts\/1259344","targetHints":{"allow":["GET"]}}],"collection":[{"href":"https:\/\/www.acapulcopress.com\/index.php\/wp-json\/wp\/v2\/posts"}],"about":[{"href":"https:\/\/www.acapulcopress.com\/index.php\/wp-json\/wp\/v2\/types\/post"}],"author":[{"embeddable":true,"href":"https:\/\/www.acapulcopress.com\/index.php\/wp-json\/wp\/v2\/users\/1"}],"replies":[{"embeddable":true,"href":"https:\/\/www.acapulcopress.com\/index.php\/wp-json\/wp\/v2\/comments?post=1259344"}],"version-history":[{"count":2,"href":"https:\/\/www.acapulcopress.com\/index.php\/wp-json\/wp\/v2\/posts\/1259344\/revisions"}],"predecessor-version":[{"id":1259353,"href":"https:\/\/www.acapulcopress.com\/index.php\/wp-json\/wp\/v2\/posts\/1259344\/revisions\/1259353"}],"wp:featuredmedia":[{"embeddable":true,"href":"https:\/\/www.acapulcopress.com\/index.php\/wp-json\/wp\/v2\/media\/1259351"}],"wp:attachment":[{"href":"https:\/\/www.acapulcopress.com\/index.php\/wp-json\/wp\/v2\/media?parent=1259344"}],"wp:term":[{"taxonomy":"category","embeddable":true,"href":"https:\/\/www.acapulcopress.com\/index.php\/wp-json\/wp\/v2\/categories?post=1259344"},{"taxonomy":"post_tag","embeddable":true,"href":"https:\/\/www.acapulcopress.com\/index.php\/wp-json\/wp\/v2\/tags?post=1259344"}],"curies":[{"name":"wp","href":"https:\/\/api.w.org\/{rel}","templated":true}]}}