{"id":1259400,"date":"2025-07-11T19:50:50","date_gmt":"2025-07-12T01:50:50","guid":{"rendered":"https:\/\/www.acapulcopress.com\/?p=1259400"},"modified":"2025-07-31T10:54:49","modified_gmt":"2025-07-31T16:54:49","slug":"congreso-realizo-primera-convencion-nacional-de-lideres-del-exito-guerrero","status":"publish","type":"post","link":"https:\/\/www.acapulcopress.com\/index.php\/2025\/07\/11\/congreso-realizo-primera-convencion-nacional-de-lideres-del-exito-guerrero\/","title":{"rendered":"Congreso realiz\u00f3 primera Convenci\u00f3n Nacional de L\u00edderes del \u00c9xito Guerrero"},"content":{"rendered":"<p>CHILPANCINGO * 11 de julio 2025<br \/>\n<em>) LXVI legislatura | Guerrero<br \/>\n<\/em>El Congreso del Estado, realiz\u00f3 la Primera Convenci\u00f3n Nacional de L\u00edderes del \u00c9xito Guerrero, donde participaron mujeres y hombres j\u00f3venes de distintas partes de la Rep\u00fablica Mexicana, as\u00ed como de diversos municipios de la entidad.<\/p>\n<p>Dicho evento realizado en coordinaci\u00f3n con la diputada<strong> Leticia Mosso Hern\u00e1ndez<\/strong>, tiene como objetivo empoderar a las y los j\u00f3venes, invitarlos a que pongan todo su esfuerzo en hacer efectivos sus prop\u00f3sitos.<\/p>\n<p>Al dar la bienvenida a esta primera Convenci\u00f3n organizada por la revista <em>L\u00edderes del \u00c9xito<\/em>, el diputado <strong>Jes\u00fas Uri\u00f3stegui Garc\u00eda<\/strong>, presidente de la Junta de Coordinaci\u00f3n Pol\u00edtica, se congratul\u00f3 porque el Congreso del Estado respalde este tipo de eventos, dada la importancia del esfuerzo que realizan las y los j\u00f3venes para poder escalar en espacios donde se toman decisiones que impactan en la sociedad.<\/p>\n<p>Aplaudi\u00f3 que las y los j\u00f3venes actualmente ya no sean solo actores testigos, sino actuantes participativos y que sigan abriendo puertas a otras y otros j\u00f3venes.<\/p>\n<p>\u201cSe necesita una juventud participativa, porque en la actualidad los espacios dentro de los gobiernos ya son ocupados por las y los j\u00f3venes, por lo que juegan un papel importante para el desarrollo del pa\u00eds y en consecuencia de Guerrero\u201d, apunt\u00f3 el tambi\u00e9n coordinador del grupo Parlamentario de Morena en el Congreso.<\/p>\n<p>Finalmente, el legislador reiter\u00f3 que el Congreso del Estado es de puertas abiertas y los inst\u00f3 a seguir impulsando iniciativas que les permitan tener voz en los diversos temas que incidan en muchas y muchos m\u00e1s j\u00f3venes del pa\u00eds.<\/p>\n<p>En el evento estuvieron presentes el secretario de la Juventud del Gobierno del Estado, Carlos S\u00e1nchez Garc\u00eda; la regidora del Ayuntamiento de Chilpancingo Nahomi Nicole Cambray Valdez; de la Revista L\u00edderes del \u00c9xito asistieron el presidente, \u00c1ngel Alejandro Alarc\u00f3n Bautista, y la secretaria general, Yohatzin Zuleima Rodr\u00edguez Ojeda; adem\u00e1s, asisti\u00f3 Adri\u00e1n Ch\u00e1vez Galeana, en representaci\u00f3n de la diputada Leticia Mosso Hern\u00e1ndez.<\/p>\n<p><em>) acapulcopress.com<\/em><\/p>\n","protected":false},"excerpt":{"rendered":"<p>CHILPANCINGO * 11 de julio 2025 ) LXVI legislatura | Guerrero El Congreso del Estado, realiz\u00f3 la Primera Convenci\u00f3n Nacional de L\u00edderes del \u00c9xito Guerrero, donde participaron mujeres y hombres j\u00f3venes de distintas partes de la Rep\u00fablica Mexicana, as\u00ed como de diversos municipios de la entidad. Dicho evento realizado en coordinaci\u00f3n con la diputada Leticia&#8230;<\/p>\n","protected":false},"author":1,"featured_media":1259401,"comment_status":"closed","ping_status":"open","sticky":false,"template":"","format":"standard","meta":{"footnotes":""},"categories":[2037,61],"tags":[18653,10759,11793,18372],"class_list":["post-1259400","post","type-post","status-publish","format-standard","has-post-thumbnail","hentry","category-congreso-de-guerrero","category-legislacion","tag-convencion-nacional-de-lideres-del-exito-guerrero","tag-jesus-uriostegui-garcia","tag-leticia-mosso-hernandez","tag-lxvi-legislatura-guerrero"],"_links":{"self":[{"href":"https:\/\/www.acapulcopress.com\/index.php\/wp-json\/wp\/v2\/posts\/1259400","targetHints":{"allow":["GET"]}}],"collection":[{"href":"https:\/\/www.acapulcopress.com\/index.php\/wp-json\/wp\/v2\/posts"}],"about":[{"href":"https:\/\/www.acapulcopress.com\/index.php\/wp-json\/wp\/v2\/types\/post"}],"author":[{"embeddable":true,"href":"https:\/\/www.acapulcopress.com\/index.php\/wp-json\/wp\/v2\/users\/1"}],"replies":[{"embeddable":true,"href":"https:\/\/www.acapulcopress.com\/index.php\/wp-json\/wp\/v2\/comments?post=1259400"}],"version-history":[{"count":1,"href":"https:\/\/www.acapulcopress.com\/index.php\/wp-json\/wp\/v2\/posts\/1259400\/revisions"}],"predecessor-version":[{"id":1259404,"href":"https:\/\/www.acapulcopress.com\/index.php\/wp-json\/wp\/v2\/posts\/1259400\/revisions\/1259404"}],"wp:featuredmedia":[{"embeddable":true,"href":"https:\/\/www.acapulcopress.com\/index.php\/wp-json\/wp\/v2\/media\/1259401"}],"wp:attachment":[{"href":"https:\/\/www.acapulcopress.com\/index.php\/wp-json\/wp\/v2\/media?parent=1259400"}],"wp:term":[{"taxonomy":"category","embeddable":true,"href":"https:\/\/www.acapulcopress.com\/index.php\/wp-json\/wp\/v2\/categories?post=1259400"},{"taxonomy":"post_tag","embeddable":true,"href":"https:\/\/www.acapulcopress.com\/index.php\/wp-json\/wp\/v2\/tags?post=1259400"}],"curies":[{"name":"wp","href":"https:\/\/api.w.org\/{rel}","templated":true}]}}