{"id":1259411,"date":"2025-07-31T18:13:36","date_gmt":"2025-08-01T00:13:36","guid":{"rendered":"https:\/\/www.acapulcopress.com\/?p=1259411"},"modified":"2025-07-31T18:17:11","modified_gmt":"2025-08-01T00:17:11","slug":"tregua-arancelaria-de-donald-trump-llego-a-su-fin","status":"publish","type":"post","link":"https:\/\/www.acapulcopress.com\/index.php\/2025\/07\/31\/tregua-arancelaria-de-donald-trump-llego-a-su-fin\/","title":{"rendered":"Tregua arancelaria de Donald Trump lleg\u00f3 a su fin"},"content":{"rendered":"<p>WASHINGTON * 31 de julio 2025<br \/>\n<em>) Efe |<a href=\"https:\/\/www.telemundochicago.com\/noticias\/la-casa-blanca\/fin-tregua-comercial-donald-trump-estados-unidos\/2569409\/\" target=\"_blank\" rel=\"noopener\"> Telemundo Chicago<\/a><\/em><br \/>\nLa tregua arancelaria decretada por el presidente de EE.UU., <strong>Donald Trump<\/strong>, llega este jueves a su fin con acuerdos de \u00faltima hora, nuevas extensiones y la confirmaci\u00f3n de que aquellos socios con los que no se haya logrado un pacto recibir\u00e1n antes de la medianoche la notificaci\u00f3n sobre los grav\u00e1menes que les corresponden.<\/p>\n<p>El l\u00edder republicano empez\u00f3 el d\u00eda celebrando que su pol\u00edtica comercial est\u00e1 haciendo a Estados Unidos \u00abgrande y rico de nuevo\u00bb.<\/p>\n<p>\u00abHACE UN A\u00d1O ESTADOS UNIDOS ERA UN PA\u00cdS MUERTO, AHORA ES EL M\u00c1S ATRACTIVO DEL MUNDO\u00bb, dijo en su red social, Truth Social, la plataforma en la que desde el inicio de su segundo mandato en enero publica tanto sus anuncios como mensajes pol\u00edticos contra sus opositores.<\/p>\n<p>Trump ya hab\u00eda avisado de que este 1 de agosto iba a ser \u00abun gran d\u00eda\u00bb para el pa\u00eds. Se cumple el plazo concedido en julio a sus socios comerciales para negociar en ese tiempo nuevos aranceles que sustituyan a los considerados \u00abrec\u00edprocos\u00bb por la Administraci\u00f3n republicana.<\/p>\n<p>Apenas una decena de pa\u00edses o econom\u00edas, no obstante, han logrado un entendimiento con Washington en este tiempo. Entre ellos, el Reino Unido, la Uni\u00f3n Europea (UE), Corea del Sur o China, aunque en este \u00faltimo caso ambas partes se encuentran en negociaciones para llegar a un pacto definitivo antes de que el 12 de agosto expire su pausa bilateral.<\/p>\n<p>No todos los grav\u00e1menes fijados se justifican por el d\u00e9ficit comercial con el que EE.UU. dice sentirse perjudicado: a las exportaciones de Brasil les impondr\u00e1 un 50 %, en esta ocasi\u00f3n a partir del 6 de agosto, principalmente por el juicio al que est\u00e1 sometido all\u00ed el expresidente Jair Bolsonaro, su aliado pol\u00edtico.<\/p>\n<p><strong>Los acuerdos con la Uni\u00f3n Europea<br \/>\n<\/strong><br \/>\nEl pacto alcanzado con la UE contempla un techo arancelario \u00fanico del 15 % y \u00abaranceles cero\u00bb en diversos productos, as\u00ed como compras estrat\u00e9gicas europeas valoradas en 750.000 millones de d\u00f3lares de gas, petr\u00f3leo, energ\u00eda nuclear o chips de inteligencia artificial, inversiones en la econom\u00eda estadounidense de 600.000 millones y un incremento de las adquisiciones de material militar de EE.UU.<\/p>\n<p>Trump est\u00e1 restaurando la soberan\u00eda econ\u00f3mica de Estados Unidos al reducir nuestra dependencia de pa\u00edses extranjeros, impulsando la inversi\u00f3n en Estados Unidos por un valor de billones de d\u00f3lares y creando cientos de miles de empleos bien remunerados para el pueblo estadounidense, con Estados Unidos finalmente priorizando el comercio\u00bb, dijo este jueves en una rueda de prensa la portavoz de la Casa Blanca, Karoline Leavitt.<\/p>\n<p>El di\u00e1logo comercial se encuentra en plena cuenta regresiva. En la ma\u00f1ana de este jueves Trump habl\u00f3 por tel\u00e9fono con su hom\u00f3loga mexicana, Claudia Sheinbaum, y tras esa conversaci\u00f3n anunci\u00f3 una nueva pr\u00f3rroga de 90 d\u00edas en la aplicaci\u00f3n de la mayor\u00eda de aranceles para M\u00e9xico.<\/p>\n<p>El magnate neoyorquino justific\u00f3 su decisi\u00f3n dada la compleja relaci\u00f3n comercial y fronteriza entre sus respectivos territorios: \u00abLas complejidades de un acuerdo con M\u00e9xico son algo diferentes a las de otros pa\u00edses debido a los problemas y las ventajas de la frontera\u00bb, declar\u00f3 de nuevo en Truth Social.<\/p>\n<p>La negociaci\u00f3n con su otro vecino, Canad\u00e1, est\u00e1 en entredicho despu\u00e9s de que el pa\u00eds anunciara que en septiembre reconocer\u00e1 como Estado a Palestina. Una y otra parte han reconocido en los \u00faltimos d\u00edas que el alcance de un consenso est\u00e1 complicado.<\/p>\n<p><strong>Los costos para Estados Unidos<br \/>\n<\/strong><br \/>\nCon quien s\u00ed lleg\u00f3 a una entente el mi\u00e9rcoles fue con Corea del Sur. Hab\u00eda amenazado a ese pa\u00eds con grav\u00e1menes del 25 % a partir de agosto y despu\u00e9s de la visita de una delegaci\u00f3n surcoreana a la Casa Blanca ese porcentaje se redujo al 15 %.<\/p>\n<p>Pero Trump impuso el 2 de abril, en el llamado \u2018D\u00eda de la Liberaci\u00f3n\u2019, aranceles a m\u00e1s de 200 pa\u00edses y territorios, y el propio mandatario ha admitido en las \u00faltimas semanas que no hay tiempo material para negociar con todos cifras individualizadas.<\/p>\n<p>A los pa\u00edses con los que EE.UU. mantiene un volumen de negocios discreto \u00abpero significativo\u00bb contempla aplicarles un arancel generalizado que ronde el 10 %, seg\u00fan adelant\u00f3 el pasado 15 de julio. Se espera que dicho grupo conozca su porcentaje en lo que queda de d\u00eda.<\/p>\n<p>Para la oposici\u00f3n dem\u00f3crata en el Senado, la pol\u00edtica arancelaria del Ejecutivo \u00abno tiene sustancia\u00bb y ha resultado en mayores costos para los estadounidenses.<\/p>\n<p>\u00abNadie sabe a d\u00f3nde va Trump: no tiene un plan, ni una estrategia y no es honesto sobre lo que presenta\u00bb, se\u00f1al\u00f3 Chuck Schumer, el l\u00edder de la mayor\u00eda dem\u00f3crata en la C\u00e1mara Alta, durante una conferencia de prensa desde el Capitolio en la que reproch\u00f3 a los acuerdos alcanzados falta de transparencia, \u00abde rendici\u00f3n de cuentas y mecanismos de cumplimiento\u00bb.<\/p>\n<p><em>) acapulcopress.com<\/em><\/p>\n","protected":false},"excerpt":{"rendered":"<p>La tregua arancelaria decretada por el presidente de Estados Unidos, Donald Trump, llega este jueves a su fin con acuerdos de \u00faltima hora<\/p>\n","protected":false},"author":1,"featured_media":1259415,"comment_status":"closed","ping_status":"open","sticky":false,"template":"","format":"standard","meta":{"footnotes":""},"categories":[2020],"tags":[18657,7450,18656],"class_list":["post-1259411","post","type-post","status-publish","format-standard","has-post-thumbnail","hentry","category-world-news","tag-dia-de-la-liberacion","tag-donald-trump","tag-tregua-arancelaria"],"_links":{"self":[{"href":"https:\/\/www.acapulcopress.com\/index.php\/wp-json\/wp\/v2\/posts\/1259411","targetHints":{"allow":["GET"]}}],"collection":[{"href":"https:\/\/www.acapulcopress.com\/index.php\/wp-json\/wp\/v2\/posts"}],"about":[{"href":"https:\/\/www.acapulcopress.com\/index.php\/wp-json\/wp\/v2\/types\/post"}],"author":[{"embeddable":true,"href":"https:\/\/www.acapulcopress.com\/index.php\/wp-json\/wp\/v2\/users\/1"}],"replies":[{"embeddable":true,"href":"https:\/\/www.acapulcopress.com\/index.php\/wp-json\/wp\/v2\/comments?post=1259411"}],"version-history":[{"count":4,"href":"https:\/\/www.acapulcopress.com\/index.php\/wp-json\/wp\/v2\/posts\/1259411\/revisions"}],"predecessor-version":[{"id":1259419,"href":"https:\/\/www.acapulcopress.com\/index.php\/wp-json\/wp\/v2\/posts\/1259411\/revisions\/1259419"}],"wp:featuredmedia":[{"embeddable":true,"href":"https:\/\/www.acapulcopress.com\/index.php\/wp-json\/wp\/v2\/media\/1259415"}],"wp:attachment":[{"href":"https:\/\/www.acapulcopress.com\/index.php\/wp-json\/wp\/v2\/media?parent=1259411"}],"wp:term":[{"taxonomy":"category","embeddable":true,"href":"https:\/\/www.acapulcopress.com\/index.php\/wp-json\/wp\/v2\/categories?post=1259411"},{"taxonomy":"post_tag","embeddable":true,"href":"https:\/\/www.acapulcopress.com\/index.php\/wp-json\/wp\/v2\/tags?post=1259411"}],"curies":[{"name":"wp","href":"https:\/\/api.w.org\/{rel}","templated":true}]}}