{"id":1259420,"date":"2025-07-31T19:03:44","date_gmt":"2025-08-01T01:03:44","guid":{"rendered":"https:\/\/www.acapulcopress.com\/?p=1259420"},"modified":"2025-07-31T19:11:37","modified_gmt":"2025-08-01T01:11:37","slug":"difgro-entrego-aparatos-auditivos-del-programa-oye-y-transforma-en-region-norte","status":"publish","type":"post","link":"https:\/\/www.acapulcopress.com\/index.php\/2025\/07\/31\/difgro-entrego-aparatos-auditivos-del-programa-oye-y-transforma-en-region-norte\/","title":{"rendered":"DIFGro entreg\u00f3 aparatos auditivos del programa \u201cOye y Transforma\u00bb en regi\u00f3n Norte"},"content":{"rendered":"<p>TAXCO * 31 de julio 2025<br \/>\n<em>) DIF Guerrero<\/em><br \/>\nEn la ruta de seguir implementando estrategias que ayuden a mejorar la calidad de vida de los grupos de atenci\u00f3n prioritaria, el gobierno del <a href=\"https:\/\/www.acapulcopress.com\/wp-content\/uploads\/2025\/07\/DIFGRO6.jpg\"><img loading=\"lazy\" decoding=\"async\" class=\"alignleft wp-image-1259426 size-cmsmasters-square-thumb\" src=\"https:\/\/www.acapulcopress.com\/wp-content\/uploads\/2025\/07\/DIFGRO6-360x360.jpg\" alt=\"\" width=\"360\" height=\"360\" srcset=\"https:\/\/www.acapulcopress.com\/wp-content\/uploads\/2025\/07\/DIFGRO6-360x360.jpg 360w, https:\/\/www.acapulcopress.com\/wp-content\/uploads\/2025\/07\/DIFGRO6-150x150.jpg 150w, https:\/\/www.acapulcopress.com\/wp-content\/uploads\/2025\/07\/DIFGRO6-70x70.jpg 70w\" sizes=\"auto, (max-width: 360px) 100vw, 360px\" \/><\/a>estado que encabeza la gobernadora <strong>Evelyn Salgado Pineda,<\/strong> a trav\u00e9s del Sistema DIF Guerrero, realiz\u00f3 la entrega de aparatos auditivos a beneficiarios del programa \u201cOye y Transforma\u201d, esto en la zona Norte, donde el gobierno estatal contin\u00faa trabajando en mejorar las condiciones de vida de las y los guerrerenses.<\/p>\n<p>La entrega se llev\u00f3 a cabo en el <em>Centro Regional de Rehabilitaci\u00f3n Integral (CRRI)<\/em> DIF Guerrero en Taxco, donde se reunieron beneficiarias y beneficiarios provenientes de los municipios de Cocula, Cuetzala del Progreso, Iguala de la Independencia, Ixcateopan de Cuauht\u00e9moc, Pilcaya, Teloloapan y Tetipac, adem\u00e1s personas provenientes de Zir\u00e1ndaro de la regi\u00f3n de Tierra Caliente.<\/p>\n<p>La presidenta del DIF Guerrero, <strong>Liz Salgado Pineda<\/strong> ha destacado que este programa es posible gracias al respaldo permanente de la gobernadora Evelyn Salgado Pineda, quien ha reiterado su compromiso de transformar la vida de las personas con programas que atiendan sus necesidades.<\/p>\n<p>El programa \u201cOye y Transforma\u201d representa una oportunidad para recuperar la capacidad de escuchar y, con ello, fortalecer la inclusi\u00f3n, la comunicaci\u00f3n y el bienestar familiar.<\/p>\n<p>El <em>DIF Guerrero<\/em> contin\u00faa trabajando con el coraz\u00f3n en cada regi\u00f3n del estado, acercando programas y servicios que impactan de manera directa en la salud y la vida diaria de quienes m\u00e1s lo necesitan.<\/p>\n<p>Con este tipo de acciones, el DIF estatal reafirma su vocaci\u00f3n solidaria y su compromiso de trabajar por el desarrollo integral de las personas que viven con alguna discapacidad.<\/p>\n<p><a href=\"https:\/\/www.acapulcopress.com\/wp-content\/uploads\/2025\/07\/DIFGRO9.jpg\"><img loading=\"lazy\" decoding=\"async\" class=\"alignleft size-full wp-image-1259429\" src=\"https:\/\/www.acapulcopress.com\/wp-content\/uploads\/2025\/07\/DIFGRO9.jpg\" alt=\"\" width=\"1040\" height=\"694\" srcset=\"https:\/\/www.acapulcopress.com\/wp-content\/uploads\/2025\/07\/DIFGRO9.jpg 1040w, https:\/\/www.acapulcopress.com\/wp-content\/uploads\/2025\/07\/DIFGRO9-300x200.jpg 300w, https:\/\/www.acapulcopress.com\/wp-content\/uploads\/2025\/07\/DIFGRO9-1024x683.jpg 1024w, https:\/\/www.acapulcopress.com\/wp-content\/uploads\/2025\/07\/DIFGRO9-768x512.jpg 768w, https:\/\/www.acapulcopress.com\/wp-content\/uploads\/2025\/07\/DIFGRO9-580x387.jpg 580w, https:\/\/www.acapulcopress.com\/wp-content\/uploads\/2025\/07\/DIFGRO9-860x574.jpg 860w\" sizes=\"auto, (max-width: 1040px) 100vw, 1040px\" \/><\/a> <a href=\"https:\/\/www.acapulcopress.com\/wp-content\/uploads\/2025\/07\/DIFGRO7.jpg\"><img loading=\"lazy\" decoding=\"async\" class=\"alignleft size-full wp-image-1259427\" src=\"https:\/\/www.acapulcopress.com\/wp-content\/uploads\/2025\/07\/DIFGRO7.jpg\" alt=\"\" width=\"1040\" height=\"694\" srcset=\"https:\/\/www.acapulcopress.com\/wp-content\/uploads\/2025\/07\/DIFGRO7.jpg 1040w, https:\/\/www.acapulcopress.com\/wp-content\/uploads\/2025\/07\/DIFGRO7-300x200.jpg 300w, https:\/\/www.acapulcopress.com\/wp-content\/uploads\/2025\/07\/DIFGRO7-1024x683.jpg 1024w, https:\/\/www.acapulcopress.com\/wp-content\/uploads\/2025\/07\/DIFGRO7-768x512.jpg 768w, https:\/\/www.acapulcopress.com\/wp-content\/uploads\/2025\/07\/DIFGRO7-580x387.jpg 580w, https:\/\/www.acapulcopress.com\/wp-content\/uploads\/2025\/07\/DIFGRO7-860x574.jpg 860w\" sizes=\"auto, (max-width: 1040px) 100vw, 1040px\" \/><\/a> <a href=\"https:\/\/www.acapulcopress.com\/wp-content\/uploads\/2025\/07\/DIFGRO5.jpg\"><img loading=\"lazy\" decoding=\"async\" class=\"alignleft size-full wp-image-1259425\" src=\"https:\/\/www.acapulcopress.com\/wp-content\/uploads\/2025\/07\/DIFGRO5.jpg\" alt=\"\" width=\"1040\" height=\"694\" srcset=\"https:\/\/www.acapulcopress.com\/wp-content\/uploads\/2025\/07\/DIFGRO5.jpg 1040w, https:\/\/www.acapulcopress.com\/wp-content\/uploads\/2025\/07\/DIFGRO5-300x200.jpg 300w, https:\/\/www.acapulcopress.com\/wp-content\/uploads\/2025\/07\/DIFGRO5-1024x683.jpg 1024w, https:\/\/www.acapulcopress.com\/wp-content\/uploads\/2025\/07\/DIFGRO5-768x512.jpg 768w, https:\/\/www.acapulcopress.com\/wp-content\/uploads\/2025\/07\/DIFGRO5-580x387.jpg 580w, https:\/\/www.acapulcopress.com\/wp-content\/uploads\/2025\/07\/DIFGRO5-860x574.jpg 860w\" sizes=\"auto, (max-width: 1040px) 100vw, 1040px\" \/><\/a> <a href=\"https:\/\/www.acapulcopress.com\/wp-content\/uploads\/2025\/07\/DIFGRO4.jpg\"><img loading=\"lazy\" decoding=\"async\" class=\"alignleft size-full wp-image-1259424\" src=\"https:\/\/www.acapulcopress.com\/wp-content\/uploads\/2025\/07\/DIFGRO4.jpg\" alt=\"\" width=\"1040\" height=\"694\" srcset=\"https:\/\/www.acapulcopress.com\/wp-content\/uploads\/2025\/07\/DIFGRO4.jpg 1040w, https:\/\/www.acapulcopress.com\/wp-content\/uploads\/2025\/07\/DIFGRO4-300x200.jpg 300w, https:\/\/www.acapulcopress.com\/wp-content\/uploads\/2025\/07\/DIFGRO4-1024x683.jpg 1024w, https:\/\/www.acapulcopress.com\/wp-content\/uploads\/2025\/07\/DIFGRO4-768x512.jpg 768w, https:\/\/www.acapulcopress.com\/wp-content\/uploads\/2025\/07\/DIFGRO4-580x387.jpg 580w, https:\/\/www.acapulcopress.com\/wp-content\/uploads\/2025\/07\/DIFGRO4-860x574.jpg 860w\" sizes=\"auto, (max-width: 1040px) 100vw, 1040px\" \/><\/a> <a href=\"https:\/\/www.acapulcopress.com\/wp-content\/uploads\/2025\/07\/DIFGRO3.jpg\"><img loading=\"lazy\" decoding=\"async\" class=\"alignleft size-full wp-image-1259423\" src=\"https:\/\/www.acapulcopress.com\/wp-content\/uploads\/2025\/07\/DIFGRO3.jpg\" alt=\"\" width=\"1040\" height=\"694\" srcset=\"https:\/\/www.acapulcopress.com\/wp-content\/uploads\/2025\/07\/DIFGRO3.jpg 1040w, https:\/\/www.acapulcopress.com\/wp-content\/uploads\/2025\/07\/DIFGRO3-300x200.jpg 300w, https:\/\/www.acapulcopress.com\/wp-content\/uploads\/2025\/07\/DIFGRO3-1024x683.jpg 1024w, https:\/\/www.acapulcopress.com\/wp-content\/uploads\/2025\/07\/DIFGRO3-768x512.jpg 768w, https:\/\/www.acapulcopress.com\/wp-content\/uploads\/2025\/07\/DIFGRO3-580x387.jpg 580w, https:\/\/www.acapulcopress.com\/wp-content\/uploads\/2025\/07\/DIFGRO3-860x574.jpg 860w\" sizes=\"auto, (max-width: 1040px) 100vw, 1040px\" \/><\/a> <a href=\"https:\/\/www.acapulcopress.com\/wp-content\/uploads\/2025\/07\/DIFGRO2.jpg\"><img loading=\"lazy\" decoding=\"async\" class=\"alignleft size-full wp-image-1259422\" src=\"https:\/\/www.acapulcopress.com\/wp-content\/uploads\/2025\/07\/DIFGRO2.jpg\" alt=\"\" width=\"1040\" height=\"694\" srcset=\"https:\/\/www.acapulcopress.com\/wp-content\/uploads\/2025\/07\/DIFGRO2.jpg 1040w, https:\/\/www.acapulcopress.com\/wp-content\/uploads\/2025\/07\/DIFGRO2-300x200.jpg 300w, https:\/\/www.acapulcopress.com\/wp-content\/uploads\/2025\/07\/DIFGRO2-1024x683.jpg 1024w, https:\/\/www.acapulcopress.com\/wp-content\/uploads\/2025\/07\/DIFGRO2-768x512.jpg 768w, https:\/\/www.acapulcopress.com\/wp-content\/uploads\/2025\/07\/DIFGRO2-580x387.jpg 580w, https:\/\/www.acapulcopress.com\/wp-content\/uploads\/2025\/07\/DIFGRO2-860x574.jpg 860w\" sizes=\"auto, (max-width: 1040px) 100vw, 1040px\" \/><\/a><\/p>\n<p><em>) acapulcopress.com<\/em><\/p>\n","protected":false},"excerpt":{"rendered":"<p>TAXCO * 31 de julio 2025 ) DIF Guerrero En la ruta de seguir implementando estrategias que ayuden a mejorar la calidad de vida de los grupos de atenci\u00f3n prioritaria, el gobierno del estado que encabeza la gobernadora Evelyn Salgado Pineda, a trav\u00e9s del Sistema DIF Guerrero, realiz\u00f3 la entrega de aparatos auditivos a beneficiarios&#8230;<\/p>\n","protected":false},"author":1,"featured_media":1259428,"comment_status":"closed","ping_status":"open","sticky":false,"template":"","format":"standard","meta":{"footnotes":""},"categories":[1980,1983],"tags":[5579,7313,12012,18658],"class_list":["post-1259420","post","type-post","status-publish","format-standard","has-post-thumbnail","hentry","category-goverment-2","category-guerrerogob","tag-centro-regional-de-rehabilitacion-integral-crri","tag-dif-guerrero","tag-liz-salgado-pineda","tag-programa-oye-y-transforma"],"_links":{"self":[{"href":"https:\/\/www.acapulcopress.com\/index.php\/wp-json\/wp\/v2\/posts\/1259420","targetHints":{"allow":["GET"]}}],"collection":[{"href":"https:\/\/www.acapulcopress.com\/index.php\/wp-json\/wp\/v2\/posts"}],"about":[{"href":"https:\/\/www.acapulcopress.com\/index.php\/wp-json\/wp\/v2\/types\/post"}],"author":[{"embeddable":true,"href":"https:\/\/www.acapulcopress.com\/index.php\/wp-json\/wp\/v2\/users\/1"}],"replies":[{"embeddable":true,"href":"https:\/\/www.acapulcopress.com\/index.php\/wp-json\/wp\/v2\/comments?post=1259420"}],"version-history":[{"count":1,"href":"https:\/\/www.acapulcopress.com\/index.php\/wp-json\/wp\/v2\/posts\/1259420\/revisions"}],"predecessor-version":[{"id":1259430,"href":"https:\/\/www.acapulcopress.com\/index.php\/wp-json\/wp\/v2\/posts\/1259420\/revisions\/1259430"}],"wp:featuredmedia":[{"embeddable":true,"href":"https:\/\/www.acapulcopress.com\/index.php\/wp-json\/wp\/v2\/media\/1259428"}],"wp:attachment":[{"href":"https:\/\/www.acapulcopress.com\/index.php\/wp-json\/wp\/v2\/media?parent=1259420"}],"wp:term":[{"taxonomy":"category","embeddable":true,"href":"https:\/\/www.acapulcopress.com\/index.php\/wp-json\/wp\/v2\/categories?post=1259420"},{"taxonomy":"post_tag","embeddable":true,"href":"https:\/\/www.acapulcopress.com\/index.php\/wp-json\/wp\/v2\/tags?post=1259420"}],"curies":[{"name":"wp","href":"https:\/\/api.w.org\/{rel}","templated":true}]}}