{"id":1259448,"date":"2025-08-01T17:49:10","date_gmt":"2025-08-01T23:49:10","guid":{"rendered":"https:\/\/www.acapulcopress.com\/?p=1259448"},"modified":"2025-08-01T18:01:05","modified_gmt":"2025-08-02T00:01:05","slug":"video-se-electocuto-turista-en-jacuzzi-de-hotel-en-ixtapa","status":"publish","type":"post","link":"https:\/\/www.acapulcopress.com\/index.php\/2025\/08\/01\/video-se-electocuto-turista-en-jacuzzi-de-hotel-en-ixtapa\/","title":{"rendered":"#Video | Se electocut\u00f3 turista en jacuzzi de hotel en Ixtapa"},"content":{"rendered":"<p>CIUDAD DE M\u00c9XICO * 1 de agosto 2025<br \/>\n<em>)<a href=\"https:\/\/www.proceso.com.mx\/nacional\/estados\/2025\/8\/1\/turista-muere-electrocutado-en-jacuzzi-de-hotel-en-ixtapa-denuncian-negligencia-video-356033.html\" target=\"_blank\" rel=\"noopener\"> Apro<\/a><\/em><br \/>\nUn turista originario de Morelia, Michoac\u00e1n, falleci\u00f3 la noche del pasado martes 22 de julio tras recibir una aparente descarga el\u00e9ctrica dentro del jacuzzi de su habitaci\u00f3n en el hotel<em> Pac\u00edfica Resort Ixtapa<\/em>, uno de los complejos tur\u00edsticos m\u00e1s reconocidos de la regi\u00f3n. La v\u00edctima fue identificada como <strong>Sagid Carre\u00f3n Calder\u00f3n<\/strong>, de 36 a\u00f1os de edad.<\/p>\n<p><strong>Estefan\u00eda L\u00f3pez<\/strong>, esposa del fallecido, relat\u00f3 que su esposo se encontraba usando el jacuzzi cuando comenz\u00f3 a gritar que sent\u00eda descargas el\u00e9ctricas. Minutos despu\u00e9s colaps\u00f3. \u201cEstaba con las manos engarrotadas, los ojos abiertos, y su cuerpo temblando dentro del agua\u201d, relat\u00f3 la mujer en una declaraci\u00f3n difundida por medios y redes sociales.<\/p>\n<p>La familia sostiene que, pese a la emergencia, el personal del hotel tard\u00f3 m\u00e1s de 20 minutos en brindar atenci\u00f3n y no contaban con un m\u00e9dico de planta ni con equipo de primeros auxilios funcional. \u201cEl desfibrilador no sirvi\u00f3. Ped\u00edamos ayuda y nadie sab\u00eda qu\u00e9 hacer\u201d, a\u00f1adi\u00f3 L\u00f3pez, quien ha encabezado una campa\u00f1a en redes sociales bajo el hashtag #JusticiaParaSagid.<\/p>\n<p>Un video grabado por el hijo de la v\u00edctima, inicialmente como broma, capt\u00f3 el momento en que Sagid intent\u00f3 salir del jacuzzi, pero recibi\u00f3 una descarga fatal.<\/p>\n<p>Adem\u00e1s de la denuncia por negligencia, los familiares acusan a la administraci\u00f3n del hotel de intentar ocultar lo sucedido y proteger su imagen corporativa. De acuerdo con sus declaraciones, se les impidi\u00f3 documentar la escena, se les neg\u00f3 acceso a videos de seguridad y no se les permiti\u00f3 realizar una inspecci\u00f3n independiente al jacuzzi.<\/p>\n<p>\u201cEl hotel quiere tratar esto como un accidente menor, cuando claramente hubo fallas el\u00e9ctricas y falta total de protocolos de emergencia\u201d, afirm\u00f3 un hermano de la v\u00edctima en entrevista para medios locales.<\/p>\n<p><strong>Respuesta del hotel<\/strong><\/p>\n<p>El <em>Pac\u00edfica Resort Ixtapa<\/em> emiti\u00f3 un escueto comunicado cinco d\u00edas despu\u00e9s del incidente en el que confirm\u00f3 el fallecimiento de un hu\u00e9sped y expres\u00f3 sus condolencias, sin referirse directamente a las causas ni a las acusaciones de negligencia. Tambi\u00e9n asegur\u00f3 estar colaborando con las autoridades correspondientes para esclarecer los hechos.<\/p>\n<p>La <em>Fiscal\u00eda General del Estado de Guerrero<\/em> abri\u00f3 una carpeta de investigaci\u00f3n. Hasta el momento no se han informado avances oficiales ni se han deslindado responsabilidades.<\/p>\n<div style=\"width: 480px;\" class=\"wp-video\"><video class=\"wp-video-shortcode\" id=\"video-1259448-1\" width=\"480\" height=\"852\" preload=\"metadata\" controls=\"controls\"><source type=\"video\/mp4\" src=\"https:\/\/www.acapulcopress.com\/wp-content\/uploads\/2025\/08\/TURISTA-ELECTROCUTADO-IXTAPA.mp4?_=1\" \/><a href=\"https:\/\/www.acapulcopress.com\/wp-content\/uploads\/2025\/08\/TURISTA-ELECTROCUTADO-IXTAPA.mp4\">https:\/\/www.acapulcopress.com\/wp-content\/uploads\/2025\/08\/TURISTA-ELECTROCUTADO-IXTAPA.mp4<\/a><\/video><\/div>\n<p><em>) acapulcopress.com<\/em><\/p>\n","protected":false},"excerpt":{"rendered":"<p>Turista de Morelia falleci\u00f3 tras recibir una descarga el\u00e9ctrica dentro del jacuzzi de su habitaci\u00f3n en el hotel Pac\u00edfica Resort Ixtapa,<\/p>\n","protected":false},"author":1,"featured_media":1259456,"comment_status":"closed","ping_status":"open","sticky":false,"template":"","format":"standard","meta":{"footnotes":""},"categories":[2005],"tags":[8700,18663,18664],"class_list":["post-1259448","post","type-post","status-publish","format-standard","has-post-thumbnail","hentry","category-seguridad-y-justicia","tag-fiscalia-general-del-estado-de-guerrero","tag-pacifica-resort-ixtapa","tag-sagid-carreon-calderon"],"_links":{"self":[{"href":"https:\/\/www.acapulcopress.com\/index.php\/wp-json\/wp\/v2\/posts\/1259448","targetHints":{"allow":["GET"]}}],"collection":[{"href":"https:\/\/www.acapulcopress.com\/index.php\/wp-json\/wp\/v2\/posts"}],"about":[{"href":"https:\/\/www.acapulcopress.com\/index.php\/wp-json\/wp\/v2\/types\/post"}],"author":[{"embeddable":true,"href":"https:\/\/www.acapulcopress.com\/index.php\/wp-json\/wp\/v2\/users\/1"}],"replies":[{"embeddable":true,"href":"https:\/\/www.acapulcopress.com\/index.php\/wp-json\/wp\/v2\/comments?post=1259448"}],"version-history":[{"count":5,"href":"https:\/\/www.acapulcopress.com\/index.php\/wp-json\/wp\/v2\/posts\/1259448\/revisions"}],"predecessor-version":[{"id":1259457,"href":"https:\/\/www.acapulcopress.com\/index.php\/wp-json\/wp\/v2\/posts\/1259448\/revisions\/1259457"}],"wp:featuredmedia":[{"embeddable":true,"href":"https:\/\/www.acapulcopress.com\/index.php\/wp-json\/wp\/v2\/media\/1259456"}],"wp:attachment":[{"href":"https:\/\/www.acapulcopress.com\/index.php\/wp-json\/wp\/v2\/media?parent=1259448"}],"wp:term":[{"taxonomy":"category","embeddable":true,"href":"https:\/\/www.acapulcopress.com\/index.php\/wp-json\/wp\/v2\/categories?post=1259448"},{"taxonomy":"post_tag","embeddable":true,"href":"https:\/\/www.acapulcopress.com\/index.php\/wp-json\/wp\/v2\/tags?post=1259448"}],"curies":[{"name":"wp","href":"https:\/\/api.w.org\/{rel}","templated":true}]}}