{"id":1259466,"date":"2025-08-05T18:39:59","date_gmt":"2025-08-06T00:39:59","guid":{"rendered":"https:\/\/www.acapulcopress.com\/?p=1259466"},"modified":"2025-08-05T18:42:44","modified_gmt":"2025-08-06T00:42:44","slug":"libran-pena-de-muerte-el-mayo-caro-y-el-viceroy","status":"publish","type":"post","link":"https:\/\/www.acapulcopress.com\/index.php\/2025\/08\/05\/libran-pena-de-muerte-el-mayo-caro-y-el-viceroy\/","title":{"rendered":"Libran pena de muerte &#8216;El Mayo&#8217;, Caro y &#8216;El Viceroy&#8217;"},"content":{"rendered":"<p>WASHINGTON * 5 de agosto 2025<br \/>\n<em>) <a href=\"https:\/\/www.meganoticias.mx\/los-mochis\/noticia\/el-viceroy-y-caro-quintero-libran-la-pena-de-muerte\/650287\" target=\"_blank\" rel=\"noopener\">Meganoticias<\/a><\/em><\/p>\n<p>El Departamento de Justicia de Estados Unidos ha confirmado que no solicitar\u00e1 la pena de muerte contra varios l\u00edderes del narcotr\u00e1fico mexicano.<a href=\"https:\/\/www.acapulcopress.com\/wp-content\/uploads\/2025\/08\/mayo-zambada.jpg\"><img loading=\"lazy\" decoding=\"async\" class=\"alignleft wp-image-1259468 size-cmsmasters-square-thumb\" src=\"https:\/\/www.acapulcopress.com\/wp-content\/uploads\/2025\/08\/mayo-zambada-360x360.jpg\" alt=\"\" width=\"360\" height=\"360\" srcset=\"https:\/\/www.acapulcopress.com\/wp-content\/uploads\/2025\/08\/mayo-zambada-360x360.jpg 360w, https:\/\/www.acapulcopress.com\/wp-content\/uploads\/2025\/08\/mayo-zambada-150x150.jpg 150w, https:\/\/www.acapulcopress.com\/wp-content\/uploads\/2025\/08\/mayo-zambada-70x70.jpg 70w\" sizes=\"auto, (max-width: 360px) 100vw, 360px\" \/><\/a>Esto incluye a <strong>Rafael Caro Quintero<\/strong> y <strong>Vicente Carrillo Fuentes<\/strong>, conocido como \u00abEl Viceroy\u00bb; anteriormente ya hab\u00eda anunciado la misma decisi\u00f3n respecto a <strong>Ismael<\/strong> \u00abEl Mayo\u00bb <strong>Zambada<\/strong>, uno de los jefes m\u00e1s importantes del C\u00e1rtel de Sinaloa.<\/p>\n<p>En cartas dirigidas a la Corte y a las defensas, se explic\u00f3 que el Procurador General autoriz\u00f3 expresamente a la fiscal\u00eda a abstenerse de pedir la m\u00e1xima condena contra estos acusados.<\/p>\n<p>Estas declaraciones se producen en un momento delicado para la relaci\u00f3n bilateral entre M\u00e9xico y Estados Unidos, justo cuando se hizo p\u00fablico un acuerdo de seguridad entre ambos pa\u00edses y poco despu\u00e9s del anuncio de la suspensi\u00f3n temporal de ciertos aranceles que la administraci\u00f3n de Donald Trump planeaba implementar.<\/p>\n<p>Desde hace varios meses, se ha rumorado que la captura de \u00abEl Mayo\u00bb Zambada podr\u00eda haber provocado un reacomodo dentro de las redes del narcotr\u00e1fico, especialmente en raz\u00f3n de posibles pactos de colaboraci\u00f3n que algunos capos estar\u00edan haciendo con autoridades estadounidenses.<\/p>\n<p><strong>\u00bfQui\u00e9n es Rafael Caro Quintero?<\/strong><\/p>\n<p><a href=\"https:\/\/www.acapulcopress.com\/wp-content\/uploads\/2025\/08\/Caro-Quintero.webp\"><img loading=\"lazy\" decoding=\"async\" class=\"alignleft wp-image-1259467 \" src=\"https:\/\/www.acapulcopress.com\/wp-content\/uploads\/2025\/08\/Caro-Quintero-300x195.webp\" alt=\"\" width=\"360\" height=\"234\" srcset=\"https:\/\/www.acapulcopress.com\/wp-content\/uploads\/2025\/08\/Caro-Quintero-300x195.webp 300w, https:\/\/www.acapulcopress.com\/wp-content\/uploads\/2025\/08\/Caro-Quintero.webp 493w\" sizes=\"auto, (max-width: 360px) 100vw, 360px\" \/><\/a>Rafael Caro Quintero, nacido en 1952 en Sinaloa, es un narcotraficante mexicano conocido por fundar el C\u00e1rtel de Guadalajara. Comenz\u00f3 cultivando marihuana y lleg\u00f3 a liderar una red que enviaba droga a Estados Unidos.<\/p>\n<p>Se le acusa del secuestro y asesinato del agente de la DEA Kiki Camarena en 1985. Fue arrestado, sentenciado a 40 a\u00f1os, pero sali\u00f3 en 2013 por un error legal.<\/p>\n<p><strong>\u00bfQui\u00e9n es Vicente Carrillo Fuentes?<\/strong><\/p>\n<p>Vicente Carrillo Fuentes, conocido como El Viceroy, tom\u00f3 el control del C\u00e1rtel de Ju\u00e1rez en 1997 tras la muerte de su hermano, El Se\u00f1or de los Cielos. Bajo su mando, el c\u00e1rtel sigui\u00f3 traficando drogas a Estados Unidos, pero se volvi\u00f3 m\u00e1s violento.<\/p>\n<p>Rompi\u00f3 su alianza con el C\u00e1rtel de Sinaloa en 2004, lo que provoc\u00f3 una guerra que dej\u00f3 miles de muertos en Ciudad Ju\u00e1rez. Para defenderse, <a href=\"https:\/\/www.acapulcopress.com\/wp-content\/uploads\/2025\/08\/Vicente-Carrillo.jpg\"><img loading=\"lazy\" decoding=\"async\" class=\"alignleft wp-image-1259470 size-cmsmasters-square-thumb\" src=\"https:\/\/www.acapulcopress.com\/wp-content\/uploads\/2025\/08\/Vicente-Carrillo-360x360.jpg\" alt=\"\" width=\"360\" height=\"360\" srcset=\"https:\/\/www.acapulcopress.com\/wp-content\/uploads\/2025\/08\/Vicente-Carrillo-360x360.jpg 360w, https:\/\/www.acapulcopress.com\/wp-content\/uploads\/2025\/08\/Vicente-Carrillo-150x150.jpg 150w, https:\/\/www.acapulcopress.com\/wp-content\/uploads\/2025\/08\/Vicente-Carrillo-70x70.jpg 70w\" sizes=\"auto, (max-width: 360px) 100vw, 360px\" \/><\/a>se ali\u00f3 con otros grupos criminales, pero no logr\u00f3 recuperar el poder.<\/p>\n<p>Fue capturado en 2014 y condenado por varios delitos en M\u00e9xico. En 2025 fue extraditado a Estados Unidos, donde enfrenta cargos por narcotr\u00e1fico y lavado de dinero.<\/p>\n<p><em>) acapulcopress.com<\/em><\/p>\n","protected":false},"excerpt":{"rendered":"<p>El Departamento de Justicia de Estados Unidos ha confirmado que no solicitar\u00e1 la pena de muerte contra varios l\u00edderes del narcotr\u00e1fico mexicano<\/p>\n<p>Esto incluye a Rafael Caro Quintero y Vicente Carrillo Fuentes, conocido como \u00abEl Viceroy\u00bb; <\/p>\n","protected":false},"author":1,"featured_media":1259471,"comment_status":"closed","ping_status":"open","sticky":false,"template":"","format":"standard","meta":{"footnotes":""},"categories":[1972],"tags":[10461,15212,18665,18666],"class_list":["post-1259466","post","type-post","status-publish","format-standard","has-post-thumbnail","hentry","category-special","tag-ismael-el-mayo-zambada","tag-rafael-caro-quintero","tag-vicente-carrillo-fuentes","tag-vicente-carrillo-fuentes-el-viceroy"],"_links":{"self":[{"href":"https:\/\/www.acapulcopress.com\/index.php\/wp-json\/wp\/v2\/posts\/1259466","targetHints":{"allow":["GET"]}}],"collection":[{"href":"https:\/\/www.acapulcopress.com\/index.php\/wp-json\/wp\/v2\/posts"}],"about":[{"href":"https:\/\/www.acapulcopress.com\/index.php\/wp-json\/wp\/v2\/types\/post"}],"author":[{"embeddable":true,"href":"https:\/\/www.acapulcopress.com\/index.php\/wp-json\/wp\/v2\/users\/1"}],"replies":[{"embeddable":true,"href":"https:\/\/www.acapulcopress.com\/index.php\/wp-json\/wp\/v2\/comments?post=1259466"}],"version-history":[{"count":5,"href":"https:\/\/www.acapulcopress.com\/index.php\/wp-json\/wp\/v2\/posts\/1259466\/revisions"}],"predecessor-version":[{"id":1259477,"href":"https:\/\/www.acapulcopress.com\/index.php\/wp-json\/wp\/v2\/posts\/1259466\/revisions\/1259477"}],"wp:featuredmedia":[{"embeddable":true,"href":"https:\/\/www.acapulcopress.com\/index.php\/wp-json\/wp\/v2\/media\/1259471"}],"wp:attachment":[{"href":"https:\/\/www.acapulcopress.com\/index.php\/wp-json\/wp\/v2\/media?parent=1259466"}],"wp:term":[{"taxonomy":"category","embeddable":true,"href":"https:\/\/www.acapulcopress.com\/index.php\/wp-json\/wp\/v2\/categories?post=1259466"},{"taxonomy":"post_tag","embeddable":true,"href":"https:\/\/www.acapulcopress.com\/index.php\/wp-json\/wp\/v2\/tags?post=1259466"}],"curies":[{"name":"wp","href":"https:\/\/api.w.org\/{rel}","templated":true}]}}