{"id":1259496,"date":"2025-08-05T20:42:03","date_gmt":"2025-08-06T02:42:03","guid":{"rendered":"https:\/\/www.acapulcopress.com\/?p=1259496"},"modified":"2025-08-05T20:53:08","modified_gmt":"2025-08-06T02:53:08","slug":"congresogro-convoca-a-jovenes-al-concurso-de-oratoria-juan-escutia","status":"publish","type":"post","link":"https:\/\/www.acapulcopress.com\/index.php\/2025\/08\/05\/congresogro-convoca-a-jovenes-al-concurso-de-oratoria-juan-escutia\/","title":{"rendered":"#CongresoGro convoca a j\u00f3venes al Concurso de Oratoria \u00abJuan Escutia\u00bb"},"content":{"rendered":"<p>CHILPANCINGO * 4 de agosto 2025<br \/>\n<em>) LXVI legislatura | Guerrero<br \/>\n<\/em>El Congreso del Estado de Guerrero, a trav\u00e9s de las Comisiones de la Juventud y el Deporte y de Educaci\u00f3n, Ciencia y Tecnolog\u00eda, invita a los j\u00f3venes guerrerenses a participar en el Concurso Nacional y Estatal de Oratoria \u201cJuan Escutia\u201d.<\/p>\n<p>Este certamen tiene como objetivo impulsar la participaci\u00f3n juvenil y fomentar valores c\u00edvicos, patri\u00f3ticos, sociales y culturales. La convocatoria busca elegir a la o el representante de Guerrero para la etapa nacional, que se llevar\u00e1 a cabo el 11 de septiembre de 2025 en el Recinto Legislativo de la XXXIV Legislatura de Nayarit.<\/p>\n<p>La fase estatal se desarrollar\u00e1 en modalidad virtual el viernes 15 de agosto de 2025, a las 11:00 horas, mediante la plataforma digital que se dar\u00e1 a conocer a las y los participantes despu\u00e9s de su registro. Podr\u00e1n concursar j\u00f3venes nacidos o residentes en Guerrero, de entre 18 y 29 a\u00f1os de edad.<\/p>\n<p>El concurso se realizar\u00e1 mediante un sorteo de temas previamente establecidos en la convocatoria. Cada participante deber\u00e1 preparar un discurso improvisado, para lo cual contar\u00e1 con 5 minutos de preparaci\u00f3n antes de su intervenci\u00f3n.<\/p>\n<p>El jurado calificador evaluar\u00e1 aspectos como uso apropiado del lenguaje, expresi\u00f3n corporal, control de auditorio, elocuencia, voz, cultura general y capacidad de improvisaci\u00f3n, entre otros.<\/p>\n<p>La convocatoria completa se encuentra disponible en la p\u00e1gina web del Congreso del Estado de Guerrero. Las y los interesados deber\u00e1n llenar la ficha de inscripci\u00f3n disponible en el enlace <a href=\"https:\/\/docs.google.com\/forms\/d\/1KimERRTvIsYRPpa6EsUQjeNgXN28ntU5quDUFCzsbo\/edit?hl=es-419\" target=\"_blank\" rel=\"noopener\"><em>https:\/\/docs.google.com\/forms\/d\/1KimERRTvIsYRPpa6EsUQjeNgXN28ntU5quDUFCzsbo\/edit?hl=es-419<\/em><\/a> y enviar al correo electr\u00f3nico jorgeivanortega@congresogro.gob.mx la documentaci\u00f3n requerida: acta de nacimiento original o copia certificada, comprobante de domicilio del Estado de Guerrero e identificaci\u00f3n oficial vigente. El asunto del correo deber\u00e1 ser \u201cConcurso Estatal de Oratoria\u201d.<\/p>\n<p>El registro estar\u00e1 abierto a partir de la publicaci\u00f3n de la convocatoria y cerrar\u00e1 el 8 de agosto de 2025.<\/p>\n<p>Este certamen rinde homenaje a Juan Bautista Pascasio Escutia y Mart\u00ednez, cadete del Heroico Colegio Militar, recordado como uno de los Ni\u00f1os H\u00e9roes que defendi\u00f3 el Castillo de Chapultepec durante la guerra contra Estados Unidos en 1847.<\/p>\n<p><em>) acapulcopress.com<\/em><\/p>\n","protected":false},"excerpt":{"rendered":"<p>CHILPANCINGO * 4 de agosto 2025 ) LXVI legislatura | Guerrero El Congreso del Estado de Guerrero, a trav\u00e9s de las Comisiones de la Juventud y el Deporte y de Educaci\u00f3n, Ciencia y Tecnolog\u00eda, invita a los j\u00f3venes guerrerenses a participar en el Concurso Nacional y Estatal de Oratoria \u201cJuan Escutia\u201d. Este certamen tiene como&#8230;<\/p>\n","protected":false},"author":1,"featured_media":1259497,"comment_status":"closed","ping_status":"open","sticky":false,"template":"","format":"standard","meta":{"footnotes":""},"categories":[2037,61],"tags":[18672,6384,18372],"class_list":["post-1259496","post","type-post","status-publish","format-standard","has-post-thumbnail","hentry","category-congreso-de-guerrero","category-legislacion","tag-congresogro-concurso-estatal-de-oratoria","tag-congreso-del-estado-de-guerrero","tag-lxvi-legislatura-guerrero"],"_links":{"self":[{"href":"https:\/\/www.acapulcopress.com\/index.php\/wp-json\/wp\/v2\/posts\/1259496","targetHints":{"allow":["GET"]}}],"collection":[{"href":"https:\/\/www.acapulcopress.com\/index.php\/wp-json\/wp\/v2\/posts"}],"about":[{"href":"https:\/\/www.acapulcopress.com\/index.php\/wp-json\/wp\/v2\/types\/post"}],"author":[{"embeddable":true,"href":"https:\/\/www.acapulcopress.com\/index.php\/wp-json\/wp\/v2\/users\/1"}],"replies":[{"embeddable":true,"href":"https:\/\/www.acapulcopress.com\/index.php\/wp-json\/wp\/v2\/comments?post=1259496"}],"version-history":[{"count":2,"href":"https:\/\/www.acapulcopress.com\/index.php\/wp-json\/wp\/v2\/posts\/1259496\/revisions"}],"predecessor-version":[{"id":1259499,"href":"https:\/\/www.acapulcopress.com\/index.php\/wp-json\/wp\/v2\/posts\/1259496\/revisions\/1259499"}],"wp:featuredmedia":[{"embeddable":true,"href":"https:\/\/www.acapulcopress.com\/index.php\/wp-json\/wp\/v2\/media\/1259497"}],"wp:attachment":[{"href":"https:\/\/www.acapulcopress.com\/index.php\/wp-json\/wp\/v2\/media?parent=1259496"}],"wp:term":[{"taxonomy":"category","embeddable":true,"href":"https:\/\/www.acapulcopress.com\/index.php\/wp-json\/wp\/v2\/categories?post=1259496"},{"taxonomy":"post_tag","embeddable":true,"href":"https:\/\/www.acapulcopress.com\/index.php\/wp-json\/wp\/v2\/tags?post=1259496"}],"curies":[{"name":"wp","href":"https:\/\/api.w.org\/{rel}","templated":true}]}}