{"id":1259500,"date":"2025-08-05T21:16:02","date_gmt":"2025-08-06T03:16:02","guid":{"rendered":"https:\/\/www.acapulcopress.com\/?p=1259500"},"modified":"2025-08-05T21:20:07","modified_gmt":"2025-08-06T03:20:07","slug":"gobernadora-inauguro-sede-del-juzgado-de-ejecucion-penal-en-acapulco","status":"publish","type":"post","link":"https:\/\/www.acapulcopress.com\/index.php\/2025\/08\/05\/gobernadora-inauguro-sede-del-juzgado-de-ejecucion-penal-en-acapulco\/","title":{"rendered":"Gobernadora inaugur\u00f3 sede del Juzgado de Ejecuci\u00f3n Penal en Acapulco"},"content":{"rendered":"<p>ACAPULCO * 5 de agosto 2025<br \/>\n<em>) Gobierno de Guerrero<\/em><br \/>\n\u00abCuando la justicia se fortalece, Guerrero se consolida como un verdadero Estado de Derecho, con instituciones s\u00f3lidas, con instituciones que <a href=\"https:\/\/www.acapulcopress.com\/wp-content\/uploads\/2025\/08\/tsja14.jpg\"><img loading=\"lazy\" decoding=\"async\" class=\"alignleft wp-image-1259514 size-cmsmasters-square-thumb\" src=\"https:\/\/www.acapulcopress.com\/wp-content\/uploads\/2025\/08\/tsja14-360x360.jpg\" alt=\"\" width=\"360\" height=\"360\" srcset=\"https:\/\/www.acapulcopress.com\/wp-content\/uploads\/2025\/08\/tsja14-360x360.jpg 360w, https:\/\/www.acapulcopress.com\/wp-content\/uploads\/2025\/08\/tsja14-150x150.jpg 150w, https:\/\/www.acapulcopress.com\/wp-content\/uploads\/2025\/08\/tsja14-70x70.jpg 70w\" sizes=\"auto, (max-width: 360px) 100vw, 360px\" \/><\/a>responden, con leyes que se cumplen y con un gobierno que hace valer la ley\u00bb, se\u00f1al\u00f3 la gobernadora <strong>Evelyn Salgado Pineda<\/strong>, durante la inauguraci\u00f3n del Edificio Sede del Juzgado de Ejecuci\u00f3n Penal del Distrito Judicial de Tabares, en donde se invirtieron 16.1 millones de pesos, en beneficio de la poblaci\u00f3n de Acapulco, Coyuca de Ben\u00edtez, Las Vigas y San Marcos.<\/p>\n<p>En compa\u00f1\u00eda del presidente del Tribunal Superior de Justicia (TSJ) del Estado, <strong>Ricardo Salinas Sandoval<\/strong>, la mandataria enfatiz\u00f3 que hay un compromiso y una convicci\u00f3n clara para lograr que el acceso a la justicia sea un derecho efectivo, por lo que, se promueve una pol\u00edtica de fortalecimiento de la infraestructura institucional en todos los niveles, se promueven los Derechos Humanos y se trabaja para lograr que la ley se cumpla con imparcialidad.<\/p>\n<p>\u201cS\u00f3lo con instituciones s\u00f3lidas, operando con integridad, con eficiencia, es posible garantizar una justicia que no se quede nada m\u00e1s en el papel, sino que se ejerza con responsabilidad y sobre todo, con sentido humano\u201d, a\u00f1adi\u00f3 la mandataria.<\/p>\n<p>En este sentido, dijo que desde el gobierno del estado, continuar\u00e1 trabajando en perfecta coordinaci\u00f3n con los Tres Poderes, en un respeto de la autonom\u00eda de cada uno, pero con el firme objetivo de enfocar los esfuerzos para lograr que le vaya bien a Guerrero.<\/p>\n<p><a href=\"https:\/\/www.acapulcopress.com\/wp-content\/uploads\/2025\/08\/tsja11.jpg\"><img loading=\"lazy\" decoding=\"async\" class=\"alignleft wp-image-1259511 size-cmsmasters-square-thumb\" src=\"https:\/\/www.acapulcopress.com\/wp-content\/uploads\/2025\/08\/tsja11-360x360.jpg\" alt=\"\" width=\"360\" height=\"360\" srcset=\"https:\/\/www.acapulcopress.com\/wp-content\/uploads\/2025\/08\/tsja11-360x360.jpg 360w, https:\/\/www.acapulcopress.com\/wp-content\/uploads\/2025\/08\/tsja11-150x150.jpg 150w, https:\/\/www.acapulcopress.com\/wp-content\/uploads\/2025\/08\/tsja11-70x70.jpg 70w\" sizes=\"auto, (max-width: 360px) 100vw, 360px\" \/><\/a>Durante su participaci\u00f3n, el presidente del TSJ del estado, agradeci\u00f3 a la gobernadora su apoyo para la consolidaci\u00f3n de esta obra, lo que representa un paso firme hacia una justicia m\u00e1s humana y m\u00e1s eficaz. Se\u00f1al\u00f3 que la apertura de este juzgado no s\u00f3lo responde al mandato constitucional de garantizar la reinserci\u00f3n social de las personas privadas de su libertad por sentencia judicial, sino tambi\u00e9n al compromiso institucional por la transformaci\u00f3n de la justicia, que ponga en el centro la dignidad humana, la legalidad y el respeto irrestricto a los Derechos Humanos.<\/p>\n<p>Salinas Sandoval detall\u00f3 que esta obra cuenta con dos salas para audiencias orales, as\u00ed como oficinas administrativas, las cuales, cuentan con implementaci\u00f3n de la tecnolog\u00eda necesaria para atender las necesidades, as\u00ed como el equipamiento requerido para permitir el adecuado funcionamiento de las instalaciones.<\/p>\n<p>\u201cMuchas gracias se\u00f1ora gobernadora, sin su decidido apoyo esta obra no hubiera sido posible, el Poder Judicial y el pueblo de Guerrero le reconocen estas importantes acciones a favor de la justicia\u201d, se\u00f1al\u00f3.<\/p>\n<p>Enseguida, se llev\u00f3 a cabo la develaci\u00f3n de la placa inaugural. Posteriormente, la gobernadora recorri\u00f3 las instalaciones, para conocer las salas, as\u00ed como todas las \u00e1reas y constat\u00f3 la instalaci\u00f3n de todo el mobiliario y equipo.<\/p>\n<p>Acompa\u00f1aron a la gobernadora el diputado presidente de la Mesa Directiva del Congreso Local, Jes\u00fas Parra Garc\u00eda; el secretario de Seguridad P\u00fablica del estado, Josu\u00e9 Barr\u00f3n Sevilla; la secretaria de Desarrollo Urbano, Obras P\u00fablicas y Ordenamiento Territorial, Irene Jim\u00e9nez Montiel; el subsecretario de Desarrollo Pol\u00edtico y Social de la Secretar\u00eda General de Gobierno, Francisco Rodr\u00edguez Cisneros, as\u00ed como representantes y presidentes de asociaciones y barras de abogados, jueces, juezas y personas jurisdiccional y administrativo, entre otros.<\/p>\n<p><a href=\"https:\/\/www.acapulcopress.com\/wp-content\/uploads\/2025\/08\/tsja5.jpg\"><img loading=\"lazy\" decoding=\"async\" class=\"alignleft size-full wp-image-1259505\" src=\"https:\/\/www.acapulcopress.com\/wp-content\/uploads\/2025\/08\/tsja5.jpg\" alt=\"\" width=\"1280\" height=\"853\" srcset=\"https:\/\/www.acapulcopress.com\/wp-content\/uploads\/2025\/08\/tsja5.jpg 1280w, https:\/\/www.acapulcopress.com\/wp-content\/uploads\/2025\/08\/tsja5-300x200.jpg 300w, https:\/\/www.acapulcopress.com\/wp-content\/uploads\/2025\/08\/tsja5-1024x682.jpg 1024w, https:\/\/www.acapulcopress.com\/wp-content\/uploads\/2025\/08\/tsja5-768x512.jpg 768w, https:\/\/www.acapulcopress.com\/wp-content\/uploads\/2025\/08\/tsja5-580x387.jpg 580w, https:\/\/www.acapulcopress.com\/wp-content\/uploads\/2025\/08\/tsja5-860x573.jpg 860w, https:\/\/www.acapulcopress.com\/wp-content\/uploads\/2025\/08\/tsja5-1160x773.jpg 1160w\" sizes=\"auto, (max-width: 1280px) 100vw, 1280px\" \/><\/a><\/p>\n<p><em><br \/>\n<a href=\"https:\/\/www.acapulcopress.com\/wp-content\/uploads\/2025\/08\/tsja12.jpg\"><img loading=\"lazy\" decoding=\"async\" class=\"alignleft size-full wp-image-1259512\" src=\"https:\/\/www.acapulcopress.com\/wp-content\/uploads\/2025\/08\/tsja12.jpg\" alt=\"\" width=\"1280\" height=\"853\" srcset=\"https:\/\/www.acapulcopress.com\/wp-content\/uploads\/2025\/08\/tsja12.jpg 1280w, https:\/\/www.acapulcopress.com\/wp-content\/uploads\/2025\/08\/tsja12-300x200.jpg 300w, https:\/\/www.acapulcopress.com\/wp-content\/uploads\/2025\/08\/tsja12-1024x682.jpg 1024w, https:\/\/www.acapulcopress.com\/wp-content\/uploads\/2025\/08\/tsja12-768x512.jpg 768w, https:\/\/www.acapulcopress.com\/wp-content\/uploads\/2025\/08\/tsja12-580x387.jpg 580w, https:\/\/www.acapulcopress.com\/wp-content\/uploads\/2025\/08\/tsja12-860x573.jpg 860w, https:\/\/www.acapulcopress.com\/wp-content\/uploads\/2025\/08\/tsja12-1160x773.jpg 1160w\" sizes=\"auto, (max-width: 1280px) 100vw, 1280px\" \/><\/a> <a href=\"https:\/\/www.acapulcopress.com\/wp-content\/uploads\/2025\/08\/tsja9.jpg\"><img loading=\"lazy\" decoding=\"async\" class=\"alignleft size-full wp-image-1259509\" src=\"https:\/\/www.acapulcopress.com\/wp-content\/uploads\/2025\/08\/tsja9.jpg\" alt=\"\" width=\"1280\" height=\"854\" srcset=\"https:\/\/www.acapulcopress.com\/wp-content\/uploads\/2025\/08\/tsja9.jpg 1280w, https:\/\/www.acapulcopress.com\/wp-content\/uploads\/2025\/08\/tsja9-300x200.jpg 300w, https:\/\/www.acapulcopress.com\/wp-content\/uploads\/2025\/08\/tsja9-1024x683.jpg 1024w, https:\/\/www.acapulcopress.com\/wp-content\/uploads\/2025\/08\/tsja9-768x512.jpg 768w, https:\/\/www.acapulcopress.com\/wp-content\/uploads\/2025\/08\/tsja9-580x387.jpg 580w, https:\/\/www.acapulcopress.com\/wp-content\/uploads\/2025\/08\/tsja9-860x574.jpg 860w, https:\/\/www.acapulcopress.com\/wp-content\/uploads\/2025\/08\/tsja9-1160x774.jpg 1160w\" sizes=\"auto, (max-width: 1280px) 100vw, 1280px\" \/><\/a> <a href=\"https:\/\/www.acapulcopress.com\/wp-content\/uploads\/2025\/08\/tsja4.jpg\"><img loading=\"lazy\" decoding=\"async\" class=\"alignleft size-full wp-image-1259504\" src=\"https:\/\/www.acapulcopress.com\/wp-content\/uploads\/2025\/08\/tsja4.jpg\" alt=\"\" width=\"1280\" height=\"853\" srcset=\"https:\/\/www.acapulcopress.com\/wp-content\/uploads\/2025\/08\/tsja4.jpg 1280w, https:\/\/www.acapulcopress.com\/wp-content\/uploads\/2025\/08\/tsja4-300x200.jpg 300w, https:\/\/www.acapulcopress.com\/wp-content\/uploads\/2025\/08\/tsja4-1024x682.jpg 1024w, https:\/\/www.acapulcopress.com\/wp-content\/uploads\/2025\/08\/tsja4-768x512.jpg 768w, https:\/\/www.acapulcopress.com\/wp-content\/uploads\/2025\/08\/tsja4-580x387.jpg 580w, https:\/\/www.acapulcopress.com\/wp-content\/uploads\/2025\/08\/tsja4-860x573.jpg 860w, https:\/\/www.acapulcopress.com\/wp-content\/uploads\/2025\/08\/tsja4-1160x773.jpg 1160w\" sizes=\"auto, (max-width: 1280px) 100vw, 1280px\" \/><\/a> <a href=\"https:\/\/www.acapulcopress.com\/wp-content\/uploads\/2025\/08\/tsja6.jpg\"><img loading=\"lazy\" decoding=\"async\" class=\"alignleft size-full wp-image-1259506\" src=\"https:\/\/www.acapulcopress.com\/wp-content\/uploads\/2025\/08\/tsja6.jpg\" alt=\"\" width=\"1280\" height=\"853\" srcset=\"https:\/\/www.acapulcopress.com\/wp-content\/uploads\/2025\/08\/tsja6.jpg 1280w, https:\/\/www.acapulcopress.com\/wp-content\/uploads\/2025\/08\/tsja6-300x200.jpg 300w, https:\/\/www.acapulcopress.com\/wp-content\/uploads\/2025\/08\/tsja6-1024x682.jpg 1024w, https:\/\/www.acapulcopress.com\/wp-content\/uploads\/2025\/08\/tsja6-768x512.jpg 768w, https:\/\/www.acapulcopress.com\/wp-content\/uploads\/2025\/08\/tsja6-580x387.jpg 580w, https:\/\/www.acapulcopress.com\/wp-content\/uploads\/2025\/08\/tsja6-860x573.jpg 860w, https:\/\/www.acapulcopress.com\/wp-content\/uploads\/2025\/08\/tsja6-1160x773.jpg 1160w\" sizes=\"auto, (max-width: 1280px) 100vw, 1280px\" \/><\/a> <a href=\"https:\/\/www.acapulcopress.com\/wp-content\/uploads\/2025\/08\/tsja7.jpg\"><img loading=\"lazy\" decoding=\"async\" class=\"alignleft size-full wp-image-1259507\" src=\"https:\/\/www.acapulcopress.com\/wp-content\/uploads\/2025\/08\/tsja7.jpg\" alt=\"\" width=\"1280\" height=\"853\" srcset=\"https:\/\/www.acapulcopress.com\/wp-content\/uploads\/2025\/08\/tsja7.jpg 1280w, https:\/\/www.acapulcopress.com\/wp-content\/uploads\/2025\/08\/tsja7-300x200.jpg 300w, https:\/\/www.acapulcopress.com\/wp-content\/uploads\/2025\/08\/tsja7-1024x682.jpg 1024w, https:\/\/www.acapulcopress.com\/wp-content\/uploads\/2025\/08\/tsja7-768x512.jpg 768w, https:\/\/www.acapulcopress.com\/wp-content\/uploads\/2025\/08\/tsja7-580x387.jpg 580w, https:\/\/www.acapulcopress.com\/wp-content\/uploads\/2025\/08\/tsja7-860x573.jpg 860w, https:\/\/www.acapulcopress.com\/wp-content\/uploads\/2025\/08\/tsja7-1160x773.jpg 1160w\" sizes=\"auto, (max-width: 1280px) 100vw, 1280px\" \/><\/a> <a href=\"https:\/\/www.acapulcopress.com\/wp-content\/uploads\/2025\/08\/tsja8.jpg\"><img loading=\"lazy\" decoding=\"async\" class=\"alignleft size-full wp-image-1259508\" src=\"https:\/\/www.acapulcopress.com\/wp-content\/uploads\/2025\/08\/tsja8.jpg\" alt=\"\" width=\"1280\" height=\"853\" srcset=\"https:\/\/www.acapulcopress.com\/wp-content\/uploads\/2025\/08\/tsja8.jpg 1280w, https:\/\/www.acapulcopress.com\/wp-content\/uploads\/2025\/08\/tsja8-300x200.jpg 300w, https:\/\/www.acapulcopress.com\/wp-content\/uploads\/2025\/08\/tsja8-1024x682.jpg 1024w, https:\/\/www.acapulcopress.com\/wp-content\/uploads\/2025\/08\/tsja8-768x512.jpg 768w, https:\/\/www.acapulcopress.com\/wp-content\/uploads\/2025\/08\/tsja8-580x387.jpg 580w, https:\/\/www.acapulcopress.com\/wp-content\/uploads\/2025\/08\/tsja8-860x573.jpg 860w, https:\/\/www.acapulcopress.com\/wp-content\/uploads\/2025\/08\/tsja8-1160x773.jpg 1160w\" sizes=\"auto, (max-width: 1280px) 100vw, 1280px\" \/><\/a> <a href=\"https:\/\/www.acapulcopress.com\/wp-content\/uploads\/2025\/08\/tsja5.jpg\"><img loading=\"lazy\" decoding=\"async\" class=\"alignleft size-full wp-image-1259505\" src=\"https:\/\/www.acapulcopress.com\/wp-content\/uploads\/2025\/08\/tsja5.jpg\" alt=\"\" width=\"1280\" height=\"853\" srcset=\"https:\/\/www.acapulcopress.com\/wp-content\/uploads\/2025\/08\/tsja5.jpg 1280w, https:\/\/www.acapulcopress.com\/wp-content\/uploads\/2025\/08\/tsja5-300x200.jpg 300w, https:\/\/www.acapulcopress.com\/wp-content\/uploads\/2025\/08\/tsja5-1024x682.jpg 1024w, https:\/\/www.acapulcopress.com\/wp-content\/uploads\/2025\/08\/tsja5-768x512.jpg 768w, https:\/\/www.acapulcopress.com\/wp-content\/uploads\/2025\/08\/tsja5-580x387.jpg 580w, https:\/\/www.acapulcopress.com\/wp-content\/uploads\/2025\/08\/tsja5-860x573.jpg 860w, https:\/\/www.acapulcopress.com\/wp-content\/uploads\/2025\/08\/tsja5-1160x773.jpg 1160w\" sizes=\"auto, (max-width: 1280px) 100vw, 1280px\" \/><\/a>) acapulcopress.com<\/em><\/p>\n","protected":false},"excerpt":{"rendered":"<p>ACAPULCO * 5 de agosto 2025 ) Gobierno de Guerrero \u00abCuando la justicia se fortalece, Guerrero se consolida como un verdadero Estado de Derecho, con instituciones s\u00f3lidas, con instituciones que responden, con leyes que se cumplen y con un gobierno que hace valer la ley\u00bb, se\u00f1al\u00f3 la gobernadora Evelyn Salgado Pineda, durante la inauguraci\u00f3n del&#8230;<\/p>\n","protected":false},"author":1,"featured_media":1259502,"comment_status":"closed","ping_status":"open","sticky":false,"template":"","format":"standard","meta":{"footnotes":""},"categories":[1980,1983],"tags":[8251,15600,17399],"class_list":["post-1259500","post","type-post","status-publish","format-standard","has-post-thumbnail","hentry","category-goverment-2","category-guerrerogob","tag-evelyn-salgado-pineda","tag-ricardo-salinas-sandoval","tag-tribunal-superior-de-justicia-tsj"],"_links":{"self":[{"href":"https:\/\/www.acapulcopress.com\/index.php\/wp-json\/wp\/v2\/posts\/1259500","targetHints":{"allow":["GET"]}}],"collection":[{"href":"https:\/\/www.acapulcopress.com\/index.php\/wp-json\/wp\/v2\/posts"}],"about":[{"href":"https:\/\/www.acapulcopress.com\/index.php\/wp-json\/wp\/v2\/types\/post"}],"author":[{"embeddable":true,"href":"https:\/\/www.acapulcopress.com\/index.php\/wp-json\/wp\/v2\/users\/1"}],"replies":[{"embeddable":true,"href":"https:\/\/www.acapulcopress.com\/index.php\/wp-json\/wp\/v2\/comments?post=1259500"}],"version-history":[{"count":1,"href":"https:\/\/www.acapulcopress.com\/index.php\/wp-json\/wp\/v2\/posts\/1259500\/revisions"}],"predecessor-version":[{"id":1259515,"href":"https:\/\/www.acapulcopress.com\/index.php\/wp-json\/wp\/v2\/posts\/1259500\/revisions\/1259515"}],"wp:featuredmedia":[{"embeddable":true,"href":"https:\/\/www.acapulcopress.com\/index.php\/wp-json\/wp\/v2\/media\/1259502"}],"wp:attachment":[{"href":"https:\/\/www.acapulcopress.com\/index.php\/wp-json\/wp\/v2\/media?parent=1259500"}],"wp:term":[{"taxonomy":"category","embeddable":true,"href":"https:\/\/www.acapulcopress.com\/index.php\/wp-json\/wp\/v2\/categories?post=1259500"},{"taxonomy":"post_tag","embeddable":true,"href":"https:\/\/www.acapulcopress.com\/index.php\/wp-json\/wp\/v2\/tags?post=1259500"}],"curies":[{"name":"wp","href":"https:\/\/api.w.org\/{rel}","templated":true}]}}