{"id":1259516,"date":"2025-08-06T11:04:56","date_gmt":"2025-08-06T17:04:56","guid":{"rendered":"https:\/\/www.acapulcopress.com\/?p=1259516"},"modified":"2025-08-06T11:05:33","modified_gmt":"2025-08-06T17:05:33","slug":"control-de-territorio-entre-ardillos-y-tlacos-trasfondo-de-narcobloqueo-en-el-ocotillo","status":"publish","type":"post","link":"https:\/\/www.acapulcopress.com\/index.php\/2025\/08\/06\/control-de-territorio-entre-ardillos-y-tlacos-trasfondo-de-narcobloqueo-en-el-ocotillo\/","title":{"rendered":"Control de territorio entre &#8216;Ardillos&#8217; y &#8216;Tlacos&#8217;, trasfondo de narcobloqueo en El Ocotillo"},"content":{"rendered":"<p>CHILPANCINGO * 6 de agosto 2025<br \/>\n<em>) Especial<\/em><br \/>\nFuentes fidedignas extraoficiales revelaron que detr\u00e1s del supuesto bloqueo vial de los cuatro carriles de la Autopista del Sol, a la altura de la <a href=\"https:\/\/www.acapulcopress.com\/wp-content\/uploads\/2025\/08\/ocotito-2.jpg\"><img loading=\"lazy\" decoding=\"async\" class=\"alignleft wp-image-1259517 size-cmsmasters-square-thumb\" src=\"https:\/\/www.acapulcopress.com\/wp-content\/uploads\/2025\/08\/ocotito-2-360x360.jpg\" alt=\"\" width=\"360\" height=\"360\" srcset=\"https:\/\/www.acapulcopress.com\/wp-content\/uploads\/2025\/08\/ocotito-2-360x360.jpg 360w, https:\/\/www.acapulcopress.com\/wp-content\/uploads\/2025\/08\/ocotito-2-150x150.jpg 150w, https:\/\/www.acapulcopress.com\/wp-content\/uploads\/2025\/08\/ocotito-2-70x70.jpg 70w\" sizes=\"auto, (max-width: 360px) 100vw, 360px\" \/><\/a>localidad de El Ocotito, tiene ra\u00edces en la disputa de territorio entre las bandas criminales conocidas como \u00abLos Ardillos\u00bb y \u00abLos Tlacos\u00bb.<\/p>\n<p>Versiones medi\u00e1ticas vinculan al comisario <strong>Jos\u00e9 David Reyna Leyva<\/strong>, instigador del llamado &#8216;narcobloqueo&#8217; sucitado este mi\u00e9rcoles, a las 8:15 de la ma\u00f1ana, a la estructura de<strong> Jos\u00e9<\/strong> <strong>Barrientos Salazar<\/strong>, alias \u00abEl \u201cDeivid\u00bb, identificado por las autoridades polic\u00edacas como \u00abgenerador de violencia en el valle del Ocotito y parte de las regiones Sierra-Centro\u00bb.<\/p>\n<p>Publicaciones en redes sociales ventilan que por instrucciones emitidad de este personaje, a trav\u00e9s de la comisar\u00eda a cargo de Reyna Leyva, se oblig\u00f3 a pobladores y transportistas de la regi\u00f3n a impedir el tr\u00e1fico en la Autopista del Sol. La supuesta movilizaci\u00f3n, lejos de pretender la intervenci\u00f3n del Gobierno del estado en el supuesto conf\u00f1icto, no es otra cosa que un mesaje de supremac\u00eda de \u00abLos Ardillos\u00bb a su filial de \u00abLos Tlacos\u00bb, grupo antag\u00f3nico con quien disputa el territorio por el trasiego de estupefacientes.<\/p>\n<p>Al respecto, el subsecretario de <em>Desarrollo Pol\u00edtico de la Secretar\u00eda General de Gobierno,<\/em> <strong>Francisco Rodr\u00edguez Cisneros<\/strong>, calific\u00f3 como injustificada la acci\u00f3n encabezada por el comisario Jos\u00e9 David Reyna.<\/p>\n<p><a href=\"https:\/\/www.acapulcopress.com\/wp-content\/uploads\/2025\/08\/ocotito.jpg\"><img loading=\"lazy\" decoding=\"async\" class=\"alignleft size-full wp-image-1259520\" src=\"https:\/\/www.acapulcopress.com\/wp-content\/uploads\/2025\/08\/ocotito.jpg\" alt=\"\" width=\"960\" height=\"720\" srcset=\"https:\/\/www.acapulcopress.com\/wp-content\/uploads\/2025\/08\/ocotito.jpg 960w, https:\/\/www.acapulcopress.com\/wp-content\/uploads\/2025\/08\/ocotito-300x225.jpg 300w, https:\/\/www.acapulcopress.com\/wp-content\/uploads\/2025\/08\/ocotito-768x576.jpg 768w, https:\/\/www.acapulcopress.com\/wp-content\/uploads\/2025\/08\/ocotito-580x435.jpg 580w, https:\/\/www.acapulcopress.com\/wp-content\/uploads\/2025\/08\/ocotito-860x645.jpg 860w\" sizes=\"auto, (max-width: 960px) 100vw, 960px\" \/><\/a><\/p>\n<p><em>) acapulcopress.com<\/em><\/p>\n","protected":false},"excerpt":{"rendered":"<p>CHILPANCINGO * 6 de agosto 2025 ) Especial Fuentes fidedignas extraoficiales revelaron que detr\u00e1s del supuesto bloqueo vial de los cuatro carriles de la Autopista del Sol, a la altura de la localidad de El Ocotito, tiene ra\u00edces en la disputa de territorio entre las bandas criminales conocidas como \u00abLos Ardillos\u00bb y \u00abLos Tlacos\u00bb. Versiones&#8230;<\/p>\n","protected":false},"author":1,"featured_media":1259521,"comment_status":"closed","ping_status":"open","sticky":false,"template":"","format":"standard","meta":{"footnotes":""},"categories":[2080],"tags":[2460,8894,18674,18673,12069,16317],"class_list":["post-1259516","post","type-post","status-publish","format-standard","has-post-thumbnail","hentry","category-regiones-de-guerrero","tag-los-tlacos","tag-francisco-rodriguez-cisneros","tag-jose-el-deivid-barrientos-salazar","tag-jose-david-reyna-leyva","tag-los-ardillos","tag-secretaria-general-de-gobierno"],"_links":{"self":[{"href":"https:\/\/www.acapulcopress.com\/index.php\/wp-json\/wp\/v2\/posts\/1259516","targetHints":{"allow":["GET"]}}],"collection":[{"href":"https:\/\/www.acapulcopress.com\/index.php\/wp-json\/wp\/v2\/posts"}],"about":[{"href":"https:\/\/www.acapulcopress.com\/index.php\/wp-json\/wp\/v2\/types\/post"}],"author":[{"embeddable":true,"href":"https:\/\/www.acapulcopress.com\/index.php\/wp-json\/wp\/v2\/users\/1"}],"replies":[{"embeddable":true,"href":"https:\/\/www.acapulcopress.com\/index.php\/wp-json\/wp\/v2\/comments?post=1259516"}],"version-history":[{"count":2,"href":"https:\/\/www.acapulcopress.com\/index.php\/wp-json\/wp\/v2\/posts\/1259516\/revisions"}],"predecessor-version":[{"id":1259523,"href":"https:\/\/www.acapulcopress.com\/index.php\/wp-json\/wp\/v2\/posts\/1259516\/revisions\/1259523"}],"wp:featuredmedia":[{"embeddable":true,"href":"https:\/\/www.acapulcopress.com\/index.php\/wp-json\/wp\/v2\/media\/1259521"}],"wp:attachment":[{"href":"https:\/\/www.acapulcopress.com\/index.php\/wp-json\/wp\/v2\/media?parent=1259516"}],"wp:term":[{"taxonomy":"category","embeddable":true,"href":"https:\/\/www.acapulcopress.com\/index.php\/wp-json\/wp\/v2\/categories?post=1259516"},{"taxonomy":"post_tag","embeddable":true,"href":"https:\/\/www.acapulcopress.com\/index.php\/wp-json\/wp\/v2\/tags?post=1259516"}],"curies":[{"name":"wp","href":"https:\/\/api.w.org\/{rel}","templated":true}]}}