{"id":1259524,"date":"2025-08-06T12:05:49","date_gmt":"2025-08-06T18:05:49","guid":{"rendered":"https:\/\/www.acapulcopress.com\/?p=1259524"},"modified":"2025-08-06T12:07:52","modified_gmt":"2025-08-06T18:07:52","slug":"exhorto-del-congreso-del-estado-para-regularizar-propiedades","status":"publish","type":"post","link":"https:\/\/www.acapulcopress.com\/index.php\/2025\/08\/06\/exhorto-del-congreso-del-estado-para-regularizar-propiedades\/","title":{"rendered":"Exhorto del Congreso del Estado para regularizar propiedades"},"content":{"rendered":"<p>Marem\u00e1gnum<br \/>\n\u00bb <a href=\"https:\/\/www.facebook.com\/ricardocastill01\" target=\"_blank\" rel=\"noopener\"><strong>RICARDO<\/strong> | <strong>CASTILLO BARRIENTOS<\/strong><\/a><\/p>\n<p>Los asentamientos humanos irregulares han sido una constante en las ciudades con mayor crecimiento demogr\u00e1fico: Acapulco, Chilpancingo, Iguala, Taxco y Zihuatanejo. En municipios de menor poblaci\u00f3n como Ometepec, Cuajinicuilapa, T\u00e9cpan, Tlapa y Ciudad Altamirano, el problema es m\u00ednimo debido a la adquisici\u00f3n de terrenos ejidales para hacerse de una propiedad.<\/p>\n<p>Hist\u00f3ricamente se ha procedido a la invasi\u00f3n de terrenos ejidales y privados, marcadamente en Acapulco, desde la primera colonia popular conocida como la Progreso, hasta las partes m\u00e1s altas de los cerros El Veladero, barrancas y laderas de alto riesgo.<\/p>\n<p>Despu\u00e9s de la colonia Progreso, se dio la primera invasi\u00f3n en la d\u00e9cada de los a\u00f1os 60s, con el liderazgo de Alfredo L\u00f3pez Cisneros, mejor conocido como el \u201cRey Lopitos\u201d, a la cual bautizo colonia La Laja; sucesivamente continu\u00f3 la fiebre de invasiones con Antonio Diosdado Mendoza, fundador de la Colonia Jard\u00edn y Pancho Bernal, en la colonia La Mira.<\/p>\n<p>A principios de la d\u00e9cada de los a\u00f1os 70s, comenz\u00f3 una considerable invasi\u00f3n silenciosa en el anfiteatro de Acapulco (partes intermedias de la zona El Veladero); vi\u00e9ndose obligados los gobiernos federal y estatal, a proceder a un desalojo masivo de familias y reubicarlas en un nuevo asentamiento al que se denomin\u00f3 Ciudad Renacimiento, que contar\u00eda con nuevas viviendas y servicios p\u00fablicos de relativa calidad.<\/p>\n<p>En este momento llama la atenci\u00f3n del exhorto del Congreso del Estado, -iniciativa de la diputada Ana Lilia Botello Figueroa y diputado Carlos Bello Solano- a las autoridades estatales y federales \u201ca implementar programas que garanticen el derecho a la propiedad en zonas suburbanas, ejidales y comunales\u201d.<\/p>\n<p>Esta trascendente iniciativa tiene el objetivo de atender a las familias que habitan en predios irregulares y brindarles certeza jur\u00eddica sobre sus propiedades, en reconocimiento al derecho humano a la vivienda, procediendo a la regularizaci\u00f3n de predios que han habitado durante varios a\u00f1os.<\/p>\n<p>Durante el segundo periodo de gobierno del Lic. \u00c1ngel Aguirre Rivero, se procedi\u00f3 a la regularizaci\u00f3n de 7 mil 500 lotes de colonias irregulares de Acapulco, con la entrega gratuita de escrituras p\u00fablicas a familias pobres de la periferia.<\/p>\n<p>En el presente gobierno de la Mtra. Evelyn Salgado Pineda, se han entregado hasta el momento 4 mil 500 escrituras gratuitas, garantizando la seguridad jur\u00eddica en sus propiedades.<\/p>\n<p>Despu\u00e9s del desastre del hurac\u00e1n <em>Otis<\/em>, el ex presidente Andr\u00e9s Manuel L\u00f3pez Obrador, conociendo la problem\u00e1tica urbana y de asentamientos humanos irregulares, propuso llevar a cabo un programa federal tendiente a regularizar la situaci\u00f3n legal de viviendas en asentamientos irregulares, con la entrega de Certificados de Posesi\u00f3n, previo a la escritura de propiedad.<\/p>\n<p>Este programa del gobierno federal no pudo cumplirse por la renovaci\u00f3n del Poder Ejecutivo, quedando pendiente, en espera de una nueva disposici\u00f3n de la presidenta Claudia Sheinbaum, para regularizar 50 mil lotes, a fin de dar continuidad al compromiso presidencial del ex mandatario nacional.<\/p>\n<p><strong>Marea Baja.-<\/strong> Ya era tiempo que se implementara un operativo para la protecci\u00f3n de miles de motociclistas, con el uso obligatorio del casco, como lo establece la Ley de Transporte y Vialidad del Estado de Guerrero.<\/p>\n<p>El Operativo \u201c<strong>Casco Seguro<\/strong>\u201d de la Secretar\u00eda de Seguridad P\u00fablica estatal, es una respuesta apremiante ante el incumplimiento de los motociclistas infractores de la normatividad vigente, que busca la protecci\u00f3n de su integridad f\u00edsica, ante el elevado n\u00famero de accidentes que vienen cobrando infinidad de v\u00edctimas y lamentables p\u00e9rdidas de vidas humanas.<\/p>\n<p><strong>Marea Alta.-<\/strong> Me comenta alguna de mis tetra lectores (Paty Quintana), sobre la terrible anarqu\u00eda del transporte urbano y la falta de <em>acabuses<\/em>, con varios minutos de espera en las estaciones, ocasionando la saturaci\u00f3n de pasajeros en las pocas unidades.<\/p>\n<p>Refiere que los choferes de los taxis colectivos son una verdadera calamidad; y los camiones en la Costera, adem\u00e1s de deficientes y deteriorados, los conductores son maleducados, tirando a los pasajeros porque van a las ganadas, remat\u00f3.<\/p>\n<p><strong>Maremoto.-<\/strong> La mera neta que el Instituto Nacional Electoral <strong>(INE<\/strong>), se est\u00e1 pasando de lanza en aplicar sanciones a periodistas que ejercen con valent\u00eda la libertad de expresi\u00f3n en el noble oficio del periodismo, de manera objetiva y cr\u00edtica, siempre con respeto a la vida privada.<\/p>\n<p>Ahora toc\u00f3 el turno al portal digital \u201c<strong>El Tlacolol<\/strong>\u201d, por haber hecho referencia sobre lo turbio del pasado proceso electoral del Poder Judicial de la Federaci\u00f3n, sinti\u00e9ndose agraviada una candidata a magistrada, qu\u00e9 formul\u00f3 una endeble denuncia en el<strong> INE<\/strong>, dizque por inducci\u00f3n al voto y violencia pol\u00edtica en raz\u00f3n de g\u00e9nero.<\/p>\n<p>En los meses recientes se viene abusando de esta figura jur\u00eddica, en su mayor\u00eda sin sustento jur\u00eddico, como el caso del medio period\u00edstico \u201c<strong>El Tlacolol<\/strong>\u201d, en Chilpancingo, de los pocos medios profesionales en la entidad.<\/p>\n<p>Nuestra solidaridad con los compa\u00f1eros de la direcci\u00f3n colectiva, Jes\u00fas Guerrero, experimentado y combativo periodista y los j\u00f3venes comunicadores Arturo de Dios Palma y Emiliano Tizapa Lucena.<\/p>\n<p>\u00a1La censura, no pasar\u00e1! \u00a1Respeto a la libertad de expresi\u00f3n!<\/p>\n","protected":false},"excerpt":{"rendered":"<p>Marem\u00e1gnum | Los asentamientos humanos irregulares han sido una constante en ciudades con mayor crecimiento demogr\u00e1fico: <\/p>\n","protected":false},"author":1,"featured_media":1259525,"comment_status":"closed","ping_status":"open","sticky":false,"template":"","format":"standard","meta":{"footnotes":""},"categories":[2071,1991],"tags":[12503,15575],"class_list":["post-1259524","post","type-post","status-publish","format-standard","has-post-thumbnail","hentry","category-opinion-analisis-columnas","category-libertad-de-expresion","tag-maremagnum","tag-ricardo-castillo-barrientos"],"_links":{"self":[{"href":"https:\/\/www.acapulcopress.com\/index.php\/wp-json\/wp\/v2\/posts\/1259524","targetHints":{"allow":["GET"]}}],"collection":[{"href":"https:\/\/www.acapulcopress.com\/index.php\/wp-json\/wp\/v2\/posts"}],"about":[{"href":"https:\/\/www.acapulcopress.com\/index.php\/wp-json\/wp\/v2\/types\/post"}],"author":[{"embeddable":true,"href":"https:\/\/www.acapulcopress.com\/index.php\/wp-json\/wp\/v2\/users\/1"}],"replies":[{"embeddable":true,"href":"https:\/\/www.acapulcopress.com\/index.php\/wp-json\/wp\/v2\/comments?post=1259524"}],"version-history":[{"count":2,"href":"https:\/\/www.acapulcopress.com\/index.php\/wp-json\/wp\/v2\/posts\/1259524\/revisions"}],"predecessor-version":[{"id":1259527,"href":"https:\/\/www.acapulcopress.com\/index.php\/wp-json\/wp\/v2\/posts\/1259524\/revisions\/1259527"}],"wp:featuredmedia":[{"embeddable":true,"href":"https:\/\/www.acapulcopress.com\/index.php\/wp-json\/wp\/v2\/media\/1259525"}],"wp:attachment":[{"href":"https:\/\/www.acapulcopress.com\/index.php\/wp-json\/wp\/v2\/media?parent=1259524"}],"wp:term":[{"taxonomy":"category","embeddable":true,"href":"https:\/\/www.acapulcopress.com\/index.php\/wp-json\/wp\/v2\/categories?post=1259524"},{"taxonomy":"post_tag","embeddable":true,"href":"https:\/\/www.acapulcopress.com\/index.php\/wp-json\/wp\/v2\/tags?post=1259524"}],"curies":[{"name":"wp","href":"https:\/\/api.w.org\/{rel}","templated":true}]}}