{"id":1259528,"date":"2025-08-06T13:40:17","date_gmt":"2025-08-06T19:40:17","guid":{"rendered":"https:\/\/www.acapulcopress.com\/?p=1259528"},"modified":"2025-08-06T13:41:24","modified_gmt":"2025-08-06T19:41:24","slug":"hombre-de-confianza-de-harfuch-vendria-a-reforzar-la-seguridad-en-guerrero","status":"publish","type":"post","link":"https:\/\/www.acapulcopress.com\/index.php\/2025\/08\/06\/hombre-de-confianza-de-harfuch-vendria-a-reforzar-la-seguridad-en-guerrero\/","title":{"rendered":"Hombre de confianza de Harfuch vendr\u00eda a reforzar la Seguridad en Guerrero"},"content":{"rendered":"<p>CHILPANCINGO * 6 de agosto 2025<br \/>\n<em>) Especial<\/em><br \/>\nTras una reuni\u00f3n clave en Ciudad de M\u00e9xico con el secretario federal de <em>Seguridad P\u00fablica y Protecci\u00f3n Ciudadana (SSPyPC),<\/em> <strong>Omar Garc\u00eda Harfuch<\/strong>, el pasado lunes, trascendi\u00f3 que este mi\u00e9rcoles la gobernadora <strong>Evelyn Salgado Pineda<\/strong> har\u00eda oficial la designaci\u00f3n de<strong> Daniel Antonio Ledesma Osuna<\/strong>, hombre de m\u00e1xima confianza de Harfuch, como secretario de Seguridad P\u00fablica del Estado de Guerrero.<\/p>\n<p>Ledesma Osuna cuenta con amplia trayectoria polic\u00edaca, formaci\u00f3n especializada y experiencia operativa e interinstitucional. Su trabajo ha destacada en \u00e1reas clave como inteligencia criminal, seguridad federal y coordinaci\u00f3n ciudadana.<\/p>\n<p>Su relaci\u00f3n estrecha con Harfuch lo posicionan como un operador estrat\u00e9gico que permitir\u00e1 alinear la estrategia estatal con el plan nacional de seguridad, lo que augura que su presencia en la SSP de Guerrero sea una garant\u00eda para la paz y el orden que la entidad necesita.<\/p>\n<p>Daniel Ledesma es licenciado en Psicolog\u00eda y Computaci\u00f3n.\u00a0Es un Polic\u00eda de Investigaci\u00f3n con formaci\u00f3n profesional.<\/p>\n<p>Adem\u00e1s de su colaboraci\u00f3n directa con Harfuch en estrategias de seguridad nacional, las siguientes, son parte de su experiencia laboral en el servicio p\u00fablico de la seguridad:<\/p>\n<p>* Analista en inteligencia criminal en la FGR (2019\u20132020).<\/p>\n<p>* Director General de Servicios de Seguridad del SPF (2023\u20132025).<\/p>\n<p>* Encargado de seguridad en Magdalena Contreras y SSC CDMX (2020\u20132022).<\/p>\n<p>* Subsecretario de Seguridad P\u00fablica en BCS (2015\u20132017).<\/p>\n<p>* Coordinador de operativos federales de protecci\u00f3n de infraestructura.<\/p>\n<p><em>) acapulcopress.com<\/em><\/p>\n","protected":false},"excerpt":{"rendered":"<p>CHILPANCINGO * 6 de agosto 2025 ) Especial Tras una reuni\u00f3n clave en Ciudad de M\u00e9xico con el secretario federal de Seguridad P\u00fablica y Protecci\u00f3n Ciudadana (SSPyPC), Omar Garc\u00eda Harfuch, el pasado lunes, trascendi\u00f3 que este mi\u00e9rcoles la gobernadora Evelyn Salgado Pineda har\u00eda oficial la designaci\u00f3n de Daniel Antonio Ledesma Osuna, hombre de m\u00e1xima confianza&#8230;<\/p>\n","protected":false},"author":1,"featured_media":1259529,"comment_status":"closed","ping_status":"open","sticky":false,"template":"","format":"standard","meta":{"footnotes":""},"categories":[2010],"tags":[8251,13940,16270,18675],"class_list":["post-1259528","post","type-post","status-publish","format-standard","has-post-thumbnail","hentry","category-sociedad","tag-evelyn-salgado-pineda","tag-omar-garcia-harfuch","tag-secretaria-de-seguridad-publica-del-estado-de-guerrero","tag-seguridad-publica-y-proteccion-ciudadana-sspypc"],"_links":{"self":[{"href":"https:\/\/www.acapulcopress.com\/index.php\/wp-json\/wp\/v2\/posts\/1259528","targetHints":{"allow":["GET"]}}],"collection":[{"href":"https:\/\/www.acapulcopress.com\/index.php\/wp-json\/wp\/v2\/posts"}],"about":[{"href":"https:\/\/www.acapulcopress.com\/index.php\/wp-json\/wp\/v2\/types\/post"}],"author":[{"embeddable":true,"href":"https:\/\/www.acapulcopress.com\/index.php\/wp-json\/wp\/v2\/users\/1"}],"replies":[{"embeddable":true,"href":"https:\/\/www.acapulcopress.com\/index.php\/wp-json\/wp\/v2\/comments?post=1259528"}],"version-history":[{"count":2,"href":"https:\/\/www.acapulcopress.com\/index.php\/wp-json\/wp\/v2\/posts\/1259528\/revisions"}],"predecessor-version":[{"id":1259531,"href":"https:\/\/www.acapulcopress.com\/index.php\/wp-json\/wp\/v2\/posts\/1259528\/revisions\/1259531"}],"wp:featuredmedia":[{"embeddable":true,"href":"https:\/\/www.acapulcopress.com\/index.php\/wp-json\/wp\/v2\/media\/1259529"}],"wp:attachment":[{"href":"https:\/\/www.acapulcopress.com\/index.php\/wp-json\/wp\/v2\/media?parent=1259528"}],"wp:term":[{"taxonomy":"category","embeddable":true,"href":"https:\/\/www.acapulcopress.com\/index.php\/wp-json\/wp\/v2\/categories?post=1259528"},{"taxonomy":"post_tag","embeddable":true,"href":"https:\/\/www.acapulcopress.com\/index.php\/wp-json\/wp\/v2\/tags?post=1259528"}],"curies":[{"name":"wp","href":"https:\/\/api.w.org\/{rel}","templated":true}]}}