{"id":1259532,"date":"2025-08-11T19:42:13","date_gmt":"2025-08-12T01:42:13","guid":{"rendered":"https:\/\/www.acapulcopress.com\/?p=1259532"},"modified":"2025-08-11T19:46:29","modified_gmt":"2025-08-12T01:46:29","slug":"marina-y-asipona-imponen-proyecto-jardin-del-puerto","status":"publish","type":"post","link":"https:\/\/www.acapulcopress.com\/index.php\/2025\/08\/11\/marina-y-asipona-imponen-proyecto-jardin-del-puerto\/","title":{"rendered":"Marina y Asipona, imponen proyecto \u201cJard\u00edn del Puerto\u201d"},"content":{"rendered":"<p>\u00bb <a href=\"https:\/\/www.facebook.com\/ricardocastill01\" target=\"_blank\" rel=\"noopener\"><strong>RICARDO<\/strong> |<strong> CASTILLO BARRIENTOS<\/strong><\/a><\/p>\n<p>No pod\u00eda ser de otra manera, estaba predicho que la Secretar\u00eda de Marina (<strong>Marina\/Sermar<\/strong>), impondr\u00eda su proyecto en el \u201c<strong>Jard\u00edn del<\/strong> <a href=\"https:\/\/www.acapulcopress.com\/wp-content\/uploads\/2025\/08\/CASTILLO-OPINION.jpg\"><img loading=\"lazy\" decoding=\"async\" class=\"alignleft wp-image-1259536 size-cmsmasters-square-thumb\" src=\"https:\/\/www.acapulcopress.com\/wp-content\/uploads\/2025\/08\/CASTILLO-OPINION-360x360.jpg\" alt=\"\" width=\"360\" height=\"360\" srcset=\"https:\/\/www.acapulcopress.com\/wp-content\/uploads\/2025\/08\/CASTILLO-OPINION-360x360.jpg 360w, https:\/\/www.acapulcopress.com\/wp-content\/uploads\/2025\/08\/CASTILLO-OPINION-150x150.jpg 150w, https:\/\/www.acapulcopress.com\/wp-content\/uploads\/2025\/08\/CASTILLO-OPINION-70x70.jpg 70w\" sizes=\"auto, (max-width: 360px) 100vw, 360px\" \/><\/a><strong>Puerto<\/strong>\u201d, que de \u201c<strong>Jard\u00edn<\/strong>\u201d no tendr\u00eda nada y muy distante del origen y raz\u00f3n de ser del otrora maravilloso espacio urbano de los acapulque\u00f1os, perdido por la voracidad comercial permitida en m\u00e1s de 50 a\u00f1os por los gobiernos en turno.<\/p>\n<p>El criterio comercial y privado, ahora denominado sostenible o autofinanciable, predomina en un <strong>80%<\/strong> en el presupuesto de la <strong>Marina\/Sermar<\/strong>, para la ejecuci\u00f3n de proyectos en el Sistema Portuario Nacional, quedando en segundo plano el beneficio de la <strong>utilidad p\u00fablica<\/strong>, siendo lo menos que interesa. Se impone de sobremanera el <strong>capital privado<\/strong>.<\/p>\n<p>A partir del gobierno del ex presidente Andr\u00e9s Manuel L\u00f3pez Obrador, las obras p\u00fablicas m\u00e1s importantes del sexenio, fueron ejecutadas a rajatabla por la <strong>Sedena\/Defensa<\/strong>\u00a0y la <strong>Marina\/Sermar<\/strong>: Aeropuerto AIFA, Tren Maya, Corredor Interoce\u00e1nico del Istmo de Tehuantepec, Acueducto \u201cEl Cuchillo\u201d, en Monterrey, aeropuertos regionales, caminos rurales en el sureste y la construcci\u00f3n naval (buques y dragas).<\/p>\n<p>El criterio comercial establecido por la <strong>Marina <\/strong>en el \u201c<strong>Jard\u00edn del<\/strong> <strong>Puerto<\/strong>\u201d, con la renta de locales al mejor postor, tiene la finalidad de financiar los gastos de mantenimiento del espacio p\u00fablico, cuya responsabilidad administrativa corresponde a <strong>Fonatur,<\/strong> en toda la zona tur\u00edstica.<\/p>\n<p>La <strong>Marina\/Sermar<\/strong>\u00a0tiene proyectado en la ex<em> Terminal de Veh\u00edculos de Exportaci\u00f3n,<\/em> una serie de obras y acciones de tipo comercial, cultural y social, donde se justifica plenamente el auto sostenimiento del inmueble con la renta de locales comerciales, no en el \u201c<strong>Jard\u00edn del Puerto<\/strong>\u201d, porque as\u00ed lo indica su nombre: \u201c<strong>JARD\u00cdN<\/strong>\u201d, queriendo dejar un m\u00ednimo espacio de \u00e1reas verdes. El negocio va por delante.<\/p>\n<p>M\u00e1s de una <strong>treintena<\/strong> de asociaciones civiles y privadas, organizaciones sociales y culturales, reclaman en\u00e9rgicamente la recuperaci\u00f3n de ese hist\u00f3rico espacio urbano en el coraz\u00f3n del puerto, para que las autoridades navales reconsideren el proyecto, contemplando el <strong>80% de \u00e1reas verdes<\/strong> y el 20% en los servicios b\u00e1sicos necesarios. Est\u00e1n requiriendo la empat\u00eda del Gobierno del Estado y municipal.<\/p>\n<p>La <em><strong>Administraci\u00f3n del Sistema Portuario Nacional <\/strong>(Asipona)\u00a0<\/em>ha expedido una convocatoria a empresarios y emprendedores para que pongan negocios de restaurantes, cafeter\u00edas, snacks, ventas de artesan\u00edas y servicios con enfoque cultural y tur\u00edstico.<\/p>\n<p>Despu\u00e9s del espacio original del \u201c<strong>Jard\u00edn del Puerto<\/strong>\u201d, se construyeron locales comerciales para la venta de joyer\u00eda de plata, artesan\u00edas, restaurant y otras actividades, sin \u00e9xito alguno a largo plazo, vi\u00e9ndose obligados a cerrar los \u201cnegocios\u201d, en definitiva.<\/p>\n<p>La cerraz\u00f3n de la <strong>Marina\/Asipona<\/strong>\u00a0de no escuchar a la gente, rompe con los postulados de <strong>Morena<\/strong>, sobre el fortalecimiento de la participaci\u00f3n democr\u00e1tica, impulsada por la presidenta Claudia Sheinbaum, quien tiene un marcado inter\u00e9s por mejorar y modernizar al puerto, a fin de lograr el relanzamiento tur\u00edstico tan anhelado por los acapulque\u00f1os.<\/p>\n<p>\u00a1La jerarqu\u00eda marina, carece de sensibilidad social!<\/p>\n<p>\u00a1Ansina quero, ansina se le hace!<\/p>\n","protected":false},"excerpt":{"rendered":"<p>No pod\u00eda ser de otra manera, estaba predicho que la Secretar\u00eda de Marina, impondr\u00eda su proyecto en el \u201cJard\u00edn del Puerto\u201d, que de \u201cJard\u00edn\u201d<\/p>\n","protected":false},"author":1,"featured_media":1259533,"comment_status":"closed","ping_status":"open","sticky":false,"template":"","format":"standard","meta":{"footnotes":""},"categories":[2071,1991],"tags":[2427,18676,15575,16222],"class_list":["post-1259532","post","type-post","status-publish","format-standard","has-post-thumbnail","hentry","category-opinion-analisis-columnas","category-libertad-de-expresion","tag-jardin-del-puerto-acapulco","tag-administracion-del-sistema-portuario-nacional-asipona","tag-ricardo-castillo-barrientos","tag-secretaria-de-marina-semar"],"_links":{"self":[{"href":"https:\/\/www.acapulcopress.com\/index.php\/wp-json\/wp\/v2\/posts\/1259532","targetHints":{"allow":["GET"]}}],"collection":[{"href":"https:\/\/www.acapulcopress.com\/index.php\/wp-json\/wp\/v2\/posts"}],"about":[{"href":"https:\/\/www.acapulcopress.com\/index.php\/wp-json\/wp\/v2\/types\/post"}],"author":[{"embeddable":true,"href":"https:\/\/www.acapulcopress.com\/index.php\/wp-json\/wp\/v2\/users\/1"}],"replies":[{"embeddable":true,"href":"https:\/\/www.acapulcopress.com\/index.php\/wp-json\/wp\/v2\/comments?post=1259532"}],"version-history":[{"count":3,"href":"https:\/\/www.acapulcopress.com\/index.php\/wp-json\/wp\/v2\/posts\/1259532\/revisions"}],"predecessor-version":[{"id":1259537,"href":"https:\/\/www.acapulcopress.com\/index.php\/wp-json\/wp\/v2\/posts\/1259532\/revisions\/1259537"}],"wp:featuredmedia":[{"embeddable":true,"href":"https:\/\/www.acapulcopress.com\/index.php\/wp-json\/wp\/v2\/media\/1259533"}],"wp:attachment":[{"href":"https:\/\/www.acapulcopress.com\/index.php\/wp-json\/wp\/v2\/media?parent=1259532"}],"wp:term":[{"taxonomy":"category","embeddable":true,"href":"https:\/\/www.acapulcopress.com\/index.php\/wp-json\/wp\/v2\/categories?post=1259532"},{"taxonomy":"post_tag","embeddable":true,"href":"https:\/\/www.acapulcopress.com\/index.php\/wp-json\/wp\/v2\/tags?post=1259532"}],"curies":[{"name":"wp","href":"https:\/\/api.w.org\/{rel}","templated":true}]}}