{"id":1259542,"date":"2025-08-11T20:45:12","date_gmt":"2025-08-12T02:45:12","guid":{"rendered":"https:\/\/www.acapulcopress.com\/?p=1259542"},"modified":"2025-08-11T21:45:37","modified_gmt":"2025-08-12T03:45:37","slug":"fiscalia-de-veracruz-determina-que-maestra-irma-hernandez-murio-por-tortura","status":"publish","type":"post","link":"https:\/\/www.acapulcopress.com\/index.php\/2025\/08\/11\/fiscalia-de-veracruz-determina-que-maestra-irma-hernandez-murio-por-tortura\/","title":{"rendered":"Fiscal\u00eda de Veracruz determina que maestra Irma Hern\u00e1ndez muri\u00f3 por tortura"},"content":{"rendered":"<p>VERACRUZ * 11 de agosto 2025<br \/>\n<em>) <a href=\"https:\/\/es-us.noticias.yahoo.com\/autoridades-m%C3%A9xico-confirman-muerte-maestra-001120603.html\" target=\"_blank\" rel=\"noopener\">Efe | Yahoo<\/a><br \/>\n<\/em>La<em> Fiscal\u00eda General del Estado de Veracruz<\/em> inform\u00f3 que la muerte de la maestra jubilada de 62 a\u00f1os, <strong>Irma Hern\u00e1ndez Cruz<\/strong>, que <a href=\"https:\/\/www.acapulcopress.com\/wp-content\/uploads\/2025\/08\/MAESTRA-IRMA.webp\"><img loading=\"lazy\" decoding=\"async\" class=\"alignleft wp-image-1259545 size-cmsmasters-square-thumb\" src=\"https:\/\/www.acapulcopress.com\/wp-content\/uploads\/2025\/08\/MAESTRA-IRMA-360x360.webp\" alt=\"\" width=\"360\" height=\"360\" srcset=\"https:\/\/www.acapulcopress.com\/wp-content\/uploads\/2025\/08\/MAESTRA-IRMA-360x360.webp 360w, https:\/\/www.acapulcopress.com\/wp-content\/uploads\/2025\/08\/MAESTRA-IRMA-150x150.webp 150w, https:\/\/www.acapulcopress.com\/wp-content\/uploads\/2025\/08\/MAESTRA-IRMA-70x70.webp 70w\" sizes=\"auto, (max-width: 360px) 100vw, 360px\" \/><\/a>conduc\u00eda un taxi y fue obligada por un grupo del crimen organizado a grabar un video para amenazar a otros taxistas, ocurri\u00f3 por \u201cagresi\u00f3n, tortura y violencia ejercida durante su cautiverio\u201d el 18 de julio.<\/p>\n<p>La fiscal de la entidad, Ver\u00f3nica Hern\u00e1ndez Giadans, apunt\u00f3 este lunes que las cuatro personas -identificadas como Octavio \u2018N\u2019, Jeana Paola \u2018N\u2019, V\u00edctor Manuel \u2018N\u2019 y Jos\u00e9 Eduardo \u2018N\u2019- permanecen en prisi\u00f3n preventiva oficiosa mientras siguen las investigaciones sobre otros posibles implicados.<\/p>\n<p>Y confirm\u00f3 que de manera inicial estas personas \u00abfueron detenidas por delitos contra las instituciones y delitos contra la salud\u00bb, pero \u00abposteriormente se le imput\u00f3 el tipo penal de secuestro agravado\u00bb.<\/p>\n<p>\u201cEn el tema de la maestra Irma llevamos avances considerables, ha habido otros detenidos en la zona norte en este esfuerzo que se ha hecho con las fuerzas federales, estatales y la fiscal\u00eda del estado, que est\u00e1n siendo investigados por su presunta participaci\u00f3n\u201d, destac\u00f3 en conferencia de prensa.<\/p>\n<p>La titular de la Fiscal\u00eda local agreg\u00f3 que se ha tenido comunicaci\u00f3n constante con los familiares de la maestra, desde la localizaci\u00f3n de su cuerpo sin vida -seis d\u00edas despu\u00e9s de su secuestro- hasta la reciente imputaci\u00f3n.<\/p>\n<p><a href=\"https:\/\/www.acapulcopress.com\/wp-content\/uploads\/2025\/08\/ASESINOS-DE-IRMA.webp\"><img loading=\"lazy\" decoding=\"async\" class=\"alignleft wp-image-1259543 size-cmsmasters-square-thumb\" src=\"https:\/\/www.acapulcopress.com\/wp-content\/uploads\/2025\/08\/ASESINOS-DE-IRMA-360x360.webp\" alt=\"\" width=\"360\" height=\"360\" srcset=\"https:\/\/www.acapulcopress.com\/wp-content\/uploads\/2025\/08\/ASESINOS-DE-IRMA-360x360.webp 360w, https:\/\/www.acapulcopress.com\/wp-content\/uploads\/2025\/08\/ASESINOS-DE-IRMA-150x150.webp 150w, https:\/\/www.acapulcopress.com\/wp-content\/uploads\/2025\/08\/ASESINOS-DE-IRMA-70x70.webp 70w\" sizes=\"auto, (max-width: 360px) 100vw, 360px\" \/><\/a>El asesinato de Hern\u00e1ndez Cruz en el municipio de \u00c1lamo Temapache (norte de Veracruz) tuvo impacto nacional debido a que durante su secuestro se viraliz\u00f3 un video en redes sociales en el que se le observa arrodillada y rodeada por una decena de hombres armados.<\/p>\n<p>\u00abCompa\u00f1eros taxistas, con la mafia veracruzana no se juega, paguen su cuota, como debe de ser, con ellos (&#8230;) o van a terminar como yo\u00bb, dice en el video la maestra, quien se hab\u00eda negado a pagar la cuota de extorsi\u00f3n exigida por esta banda criminal y apareci\u00f3 muerta en un racho el 24 de julio.<\/p>\n<p>Previo a esta informaci\u00f3n ofrecida por la fiscal\u00eda, la gobernadora de Veracruz, Roc\u00edo Nahle Garc\u00eda, hab\u00eda se\u00f1alado que la muerte de Hern\u00e1ndez Cruz se debi\u00f3 a un infarto derivado de las agresiones y golpes recibidos durante su secuestro, declaraci\u00f3n que respald\u00f3 el m\u00e9dico responsable de la autopsia, Jos\u00e9 Eduardo M\u00e1rquez.<\/p>\n<p>Al ser cuestionada sobre la autopsia de Hern\u00e1ndez Cruz, la fiscal respondi\u00f3 que \u201cel dictamen cumple con todos los requisitos de ley\u201d.<\/p>\n<p>Seg\u00fan cifras del Secretariado Ejecutivo del Sistema Nacional de Seguridad P\u00fablica, al cierre de 2024 se acumularon 10.804 v\u00edctimas de extorsi\u00f3n en M\u00e9xico, en tanto que el promedio diario de incidencia fue de 29,77 v\u00edctimas en enero de 2025, lo que signific\u00f3 un alza del 57,62 % en los \u00faltimos seis a\u00f1os.<\/p>\n<p>El 10 de julio, la presidenta de M\u00e9xico, <strong>Claudia Sheinbaum<\/strong>, envi\u00f3 una reforma constitucional al Congreso mexicano para combatir la extorsi\u00f3n, que se ha convertido en uno de los delitos de mayor crecimiento en el pa\u00eds, con el objetivo de homologar las penas y sanciones en toda la naci\u00f3n.<\/p>\n<div style=\"width: 640px;\" class=\"wp-video\"><video class=\"wp-video-shortcode\" id=\"video-1259542-1\" width=\"640\" height=\"360\" preload=\"metadata\" controls=\"controls\"><source type=\"video\/mp4\" src=\"https:\/\/www.acapulcopress.com\/wp-content\/uploads\/2025\/08\/Irma-Hernandez-Cruz.mp4?_=1\" \/><a href=\"https:\/\/www.acapulcopress.com\/wp-content\/uploads\/2025\/08\/Irma-Hernandez-Cruz.mp4\">https:\/\/www.acapulcopress.com\/wp-content\/uploads\/2025\/08\/Irma-Hernandez-Cruz.mp4<\/a><\/video><\/div>\n<p><em>) acapulcopress.com<\/em><\/p>\n","protected":false},"excerpt":{"rendered":"<p>VERACRUZ * 11 de agosto 2025 ) Efe | Yahoo La Fiscal\u00eda General del Estado de Veracruz inform\u00f3 que la muerte de la maestra jubilada de 62 a\u00f1os, Irma Hern\u00e1ndez Cruz, que conduc\u00eda un taxi y fue obligada por un grupo del crimen organizado a grabar un video para amenazar a otros taxistas, ocurri\u00f3 por&#8230;<\/p>\n","protected":false},"author":1,"featured_media":1259546,"comment_status":"closed","ping_status":"open","sticky":false,"template":"","format":"standard","meta":{"footnotes":""},"categories":[2080],"tags":[8707,18677],"class_list":["post-1259542","post","type-post","status-publish","format-standard","has-post-thumbnail","hentry","category-regiones-de-guerrero","tag-fiscalia-general-del-estado-de-veracruz","tag-irma-hernandez-cruz"],"_links":{"self":[{"href":"https:\/\/www.acapulcopress.com\/index.php\/wp-json\/wp\/v2\/posts\/1259542","targetHints":{"allow":["GET"]}}],"collection":[{"href":"https:\/\/www.acapulcopress.com\/index.php\/wp-json\/wp\/v2\/posts"}],"about":[{"href":"https:\/\/www.acapulcopress.com\/index.php\/wp-json\/wp\/v2\/types\/post"}],"author":[{"embeddable":true,"href":"https:\/\/www.acapulcopress.com\/index.php\/wp-json\/wp\/v2\/users\/1"}],"replies":[{"embeddable":true,"href":"https:\/\/www.acapulcopress.com\/index.php\/wp-json\/wp\/v2\/comments?post=1259542"}],"version-history":[{"count":2,"href":"https:\/\/www.acapulcopress.com\/index.php\/wp-json\/wp\/v2\/posts\/1259542\/revisions"}],"predecessor-version":[{"id":1259556,"href":"https:\/\/www.acapulcopress.com\/index.php\/wp-json\/wp\/v2\/posts\/1259542\/revisions\/1259556"}],"wp:featuredmedia":[{"embeddable":true,"href":"https:\/\/www.acapulcopress.com\/index.php\/wp-json\/wp\/v2\/media\/1259546"}],"wp:attachment":[{"href":"https:\/\/www.acapulcopress.com\/index.php\/wp-json\/wp\/v2\/media?parent=1259542"}],"wp:term":[{"taxonomy":"category","embeddable":true,"href":"https:\/\/www.acapulcopress.com\/index.php\/wp-json\/wp\/v2\/categories?post=1259542"},{"taxonomy":"post_tag","embeddable":true,"href":"https:\/\/www.acapulcopress.com\/index.php\/wp-json\/wp\/v2\/tags?post=1259542"}],"curies":[{"name":"wp","href":"https:\/\/api.w.org\/{rel}","templated":true}]}}