{"id":1259548,"date":"2025-08-11T21:24:33","date_gmt":"2025-08-12T03:24:33","guid":{"rendered":"https:\/\/www.acapulcopress.com\/?p=1259548"},"modified":"2025-08-11T21:45:20","modified_gmt":"2025-08-12T03:45:20","slug":"gobernadora-evelyn-salgado-gestiono-mas-proyectos-carreteros-para-guerrero","status":"publish","type":"post","link":"https:\/\/www.acapulcopress.com\/index.php\/2025\/08\/11\/gobernadora-evelyn-salgado-gestiono-mas-proyectos-carreteros-para-guerrero\/","title":{"rendered":"Gobernadora Evelyn Salgado gestion\u00f3 m\u00e1s proyectos carreteros para Guerrero"},"content":{"rendered":"<p>CIUDAD DE M\u00c9XICO * 11 de agosto 2025<br \/>\n<em>) Gobierno de Guerrero<\/em><br \/>\n<a href=\"https:\/\/www.acapulcopress.com\/wp-content\/uploads\/2025\/08\/SICT.jpg\"><img loading=\"lazy\" decoding=\"async\" class=\"alignleft wp-image-1259549\" src=\"https:\/\/www.acapulcopress.com\/wp-content\/uploads\/2025\/08\/SICT-360x360.jpg\" alt=\"\" width=\"300\" height=\"200\" srcset=\"https:\/\/www.acapulcopress.com\/wp-content\/uploads\/2025\/08\/SICT-300x200.jpg 300w, https:\/\/www.acapulcopress.com\/wp-content\/uploads\/2025\/08\/SICT-1024x682.jpg 1024w, https:\/\/www.acapulcopress.com\/wp-content\/uploads\/2025\/08\/SICT-768x512.jpg 768w, https:\/\/www.acapulcopress.com\/wp-content\/uploads\/2025\/08\/SICT-580x387.jpg 580w, https:\/\/www.acapulcopress.com\/wp-content\/uploads\/2025\/08\/SICT-860x573.jpg 860w, https:\/\/www.acapulcopress.com\/wp-content\/uploads\/2025\/08\/SICT-1160x773.jpg 1160w, https:\/\/www.acapulcopress.com\/wp-content\/uploads\/2025\/08\/SICT.jpg 1280w\" sizes=\"auto, (max-width: 300px) 100vw, 300px\" \/><\/a>La gobernadora <strong>Evelyn Salgado Pineda<\/strong> sostuvo una reuni\u00f3n de trabajo con el secretario de Infraestructura, Comunicaciones y Transportes,<strong> Jes\u00fas Antonio Esteva Medina<\/strong>, para dar seguimiento a los proyectos de infraestructura carretera y fortalecer la gesti\u00f3n de obras de conectividad y desarrollo para el estado de Guerrero.<\/p>\n<p>Como parte de la agenda de trabajo por la Ciudad de M\u00e9xico, la mandataria guerrerense estuvo acompa\u00f1ada por la titular de la <em>Secretar\u00eda de Desarrollo Urbano, Obras P\u00fablicas y Ordenamiento Territorial<\/em>, <strong>Irene Jim\u00e9nez Montiel<\/strong>, y por <strong>Mart\u00edn Vega Gonz\u00e1lez<\/strong>, titular de la <em>Comisi\u00f3n de Infraestructura Carretera y Aeroportuaria del Estado de Guerrero (CICAEG)<\/em>.<\/p>\n<p>Evelyn Salgado dijo que pr\u00f3ximamente se dar\u00e1n a conocer los detalles de estos proyectos estrat\u00e9gicos, impulsados en coordinaci\u00f3n con el Gobierno de M\u00e9xico, los cuales beneficiar\u00e1n a todas las regiones del estado, con el objetivo de transformar la calidad de vida de la poblaci\u00f3n, impulsar el bienestar social, fomentar el crecimiento econ\u00f3mico y generar mayores oportunidades para las y los guerrerenses.<\/p>\n<p><em>) acapulcopress.com<\/em><\/p>\n","protected":false},"excerpt":{"rendered":"<p>La gobernadora Evelyn Salgado Pineda sostuvo una reuni\u00f3n de trabajo con el secretario de Infraestructura, Comunicaciones y Transportes, Jes\u00fas Antonio Esteva Medina,<\/p>\n","protected":false},"author":1,"featured_media":1259550,"comment_status":"closed","ping_status":"open","sticky":false,"template":"","format":"standard","meta":{"footnotes":""},"categories":[1980,1983],"tags":[6104,8251,9302,10712,12762],"class_list":["post-1259548","post","type-post","status-publish","format-standard","has-post-thumbnail","hentry","category-goverment-2","category-guerrerogob","tag-comision-de-infraestructura-carretera-y-aeroportuaria-del-estado-de-guerrero-cicaeg","tag-evelyn-salgado-pineda","tag-gobierno-de-guerrero","tag-jesus-antonio-esteva-medina","tag-martin-vega-gonzalez"],"_links":{"self":[{"href":"https:\/\/www.acapulcopress.com\/index.php\/wp-json\/wp\/v2\/posts\/1259548","targetHints":{"allow":["GET"]}}],"collection":[{"href":"https:\/\/www.acapulcopress.com\/index.php\/wp-json\/wp\/v2\/posts"}],"about":[{"href":"https:\/\/www.acapulcopress.com\/index.php\/wp-json\/wp\/v2\/types\/post"}],"author":[{"embeddable":true,"href":"https:\/\/www.acapulcopress.com\/index.php\/wp-json\/wp\/v2\/users\/1"}],"replies":[{"embeddable":true,"href":"https:\/\/www.acapulcopress.com\/index.php\/wp-json\/wp\/v2\/comments?post=1259548"}],"version-history":[{"count":4,"href":"https:\/\/www.acapulcopress.com\/index.php\/wp-json\/wp\/v2\/posts\/1259548\/revisions"}],"predecessor-version":[{"id":1259555,"href":"https:\/\/www.acapulcopress.com\/index.php\/wp-json\/wp\/v2\/posts\/1259548\/revisions\/1259555"}],"wp:featuredmedia":[{"embeddable":true,"href":"https:\/\/www.acapulcopress.com\/index.php\/wp-json\/wp\/v2\/media\/1259550"}],"wp:attachment":[{"href":"https:\/\/www.acapulcopress.com\/index.php\/wp-json\/wp\/v2\/media?parent=1259548"}],"wp:term":[{"taxonomy":"category","embeddable":true,"href":"https:\/\/www.acapulcopress.com\/index.php\/wp-json\/wp\/v2\/categories?post=1259548"},{"taxonomy":"post_tag","embeddable":true,"href":"https:\/\/www.acapulcopress.com\/index.php\/wp-json\/wp\/v2\/tags?post=1259548"}],"curies":[{"name":"wp","href":"https:\/\/api.w.org\/{rel}","templated":true}]}}