{"id":1259561,"date":"2025-08-10T17:48:16","date_gmt":"2025-08-10T23:48:16","guid":{"rendered":"https:\/\/www.acapulcopress.com\/?p=1259561"},"modified":"2025-08-12T18:40:46","modified_gmt":"2025-08-13T00:40:46","slug":"proponen-reconocer-a-autoridades-electas-por-usos-y-costumbres","status":"publish","type":"post","link":"https:\/\/www.acapulcopress.com\/index.php\/2025\/08\/10\/proponen-reconocer-a-autoridades-electas-por-usos-y-costumbres\/","title":{"rendered":"Proponen reconocer a autoridades electas por usos y costumbres"},"content":{"rendered":"<p>CHILPANCINGO * 10 de agosto 2025<br \/>\n<em>) LXVI legislatura | Guerrero<\/em><br \/>\nLa diputada <strong>Gladys Cort\u00e9s Genchi<\/strong> present\u00f3 una iniciativa para reformar los art\u00edculos 5 y 27 de la <em>Ley Org\u00e1nica del Municipio Libre del Estado de Guerrero<\/em> para que se reconozcan las autoridades emanadas de sistemas normativos que se rigen por usos y costumbres.<\/p>\n<p>La Constituci\u00f3n Pol\u00edtica de los Estados Unidos Mexicanos, en su \u00faltima reforma al art\u00edculo segundo, garantiza el reconocimiento como figuras sujetas de derecho a las comunidades y pueblos ind\u00edgenas y afromexicanas, en total respeto a los principios constitucionales as\u00ed como a los derechos humanos reconocidos por el Estado Mexicano.<\/p>\n<p>As\u00ed, los mencionados sujetos de derechos contar\u00e1n con las garant\u00edas legales para elegir a sus autoridades a partir de procesos de usos y costumbres, los cuales tendr\u00e1n que cumplir con los valores democr\u00e1ticos, la transparencia y la equidad, garantizando en todo momento la participaci\u00f3n de las mujeres en condiciones de igualdad sustantiva.<\/p>\n<p>Dichos mecanismos, como asambleas comunitarias, elecciones tradicionales, normas propias para la designaci\u00f3n de autoridades y mecanismos colectivos de resoluci\u00f3n de conflictos tendr\u00e1n que apegarse en todo momento al respeto de los derechos humanos reconocidos universalmente.<\/p>\n<p>En armon\u00eda con el art\u00edculo segundo constitucional, la iniciativa presentada tiene como finalidad el mantener y fortalecer los sistemas pol\u00edticos, econ\u00f3micos y jur\u00eddicos emanados de los sistemas tradicionales de usos y costumbres, y con ello promover una sociedad m\u00e1s pac\u00edfica e inclusiva.<\/p>\n<p>Con el reconocimiento de dicha autonom\u00eda el Poder Legislativo del Estado de Guerrero reafirma su compromiso con los principios constitucionales de igualdad, dignidad, pluralismo pol\u00edtico, pluralismo jur\u00eddico y respeto a los derechos colectivos, contribuyendo adem\u00e1s a construir una entidad m\u00e1s justa, democr\u00e1tica y respetuosa de su diversidad cultural.<\/p>\n<p><em>) acapulcopress.com<\/em><\/p>\n","protected":false},"excerpt":{"rendered":"<p>CHILPANCINGO * 10 de agosto 2025 ) LXVI legislatura | Guerrero La diputada Gladys Cort\u00e9s Genchi present\u00f3 una iniciativa para reformar los art\u00edculos 5 y 27 de la Ley Org\u00e1nica del Municipio Libre del Estado de Guerrero para que se reconozcan las autoridades emanadas de sistemas normativos que se rigen por usos y costumbres. La&#8230;<\/p>\n","protected":false},"author":1,"featured_media":1259562,"comment_status":"closed","ping_status":"open","sticky":false,"template":"","format":"standard","meta":{"footnotes":""},"categories":[2037,61],"tags":[9230,11902,18372],"class_list":["post-1259561","post","type-post","status-publish","format-standard","has-post-thumbnail","hentry","category-congreso-de-guerrero","category-legislacion","tag-gladys-cortes-genchi","tag-ley-organica-del-municipio-libre-del-estado-de-guerrero","tag-lxvi-legislatura-guerrero"],"_links":{"self":[{"href":"https:\/\/www.acapulcopress.com\/index.php\/wp-json\/wp\/v2\/posts\/1259561","targetHints":{"allow":["GET"]}}],"collection":[{"href":"https:\/\/www.acapulcopress.com\/index.php\/wp-json\/wp\/v2\/posts"}],"about":[{"href":"https:\/\/www.acapulcopress.com\/index.php\/wp-json\/wp\/v2\/types\/post"}],"author":[{"embeddable":true,"href":"https:\/\/www.acapulcopress.com\/index.php\/wp-json\/wp\/v2\/users\/1"}],"replies":[{"embeddable":true,"href":"https:\/\/www.acapulcopress.com\/index.php\/wp-json\/wp\/v2\/comments?post=1259561"}],"version-history":[{"count":1,"href":"https:\/\/www.acapulcopress.com\/index.php\/wp-json\/wp\/v2\/posts\/1259561\/revisions"}],"predecessor-version":[{"id":1259563,"href":"https:\/\/www.acapulcopress.com\/index.php\/wp-json\/wp\/v2\/posts\/1259561\/revisions\/1259563"}],"wp:featuredmedia":[{"embeddable":true,"href":"https:\/\/www.acapulcopress.com\/index.php\/wp-json\/wp\/v2\/media\/1259562"}],"wp:attachment":[{"href":"https:\/\/www.acapulcopress.com\/index.php\/wp-json\/wp\/v2\/media?parent=1259561"}],"wp:term":[{"taxonomy":"category","embeddable":true,"href":"https:\/\/www.acapulcopress.com\/index.php\/wp-json\/wp\/v2\/categories?post=1259561"},{"taxonomy":"post_tag","embeddable":true,"href":"https:\/\/www.acapulcopress.com\/index.php\/wp-json\/wp\/v2\/tags?post=1259561"}],"curies":[{"name":"wp","href":"https:\/\/api.w.org\/{rel}","templated":true}]}}