{"id":1259574,"date":"2025-08-12T19:09:38","date_gmt":"2025-08-13T01:09:38","guid":{"rendered":"https:\/\/www.acapulcopress.com\/?p=1259574"},"modified":"2025-08-12T19:09:38","modified_gmt":"2025-08-13T01:09:38","slug":"implementan-en-guerrero-red-estatal-para-el-diagnostico-oportuno-del-cancer-infantil","status":"publish","type":"post","link":"https:\/\/www.acapulcopress.com\/index.php\/2025\/08\/12\/implementan-en-guerrero-red-estatal-para-el-diagnostico-oportuno-del-cancer-infantil\/","title":{"rendered":"Implementan en Guerrero red estatal para el Diagn\u00f3stico Oportuno del C\u00e1ncer Infantil"},"content":{"rendered":"<p>CHILPANCINGO * 12 de agosto 2025<br \/>\n<em>) Salud Guerrero<\/em><br \/>\nCon el objetivo de detectar de manera temprana el c\u00e1ncer infantil y en adolescentes, la<em> Secretar\u00eda de Salud de Guerrero<\/em>, puso en marcha la <em>Red Estatal para el Diagn\u00f3stico Oportuno del C\u00e1ncer Infantil<\/em>, dirigida a pacientes de primera vez que no cuentan con seguridad social.<\/p>\n<p>La titular de la Secretar\u00eda de Salud, Alondra Garc\u00eda Carbajal. Inform\u00f3 que esta iniciativa, desarrollada a trav\u00e9s del \u00e1rea de Telemedicina en coordinaci\u00f3n con el <em>Instituto Estatal de Cancerolog\u00eda (IECAN),<\/em> permitir\u00e1 brindar atenci\u00f3n m\u00e9dica especializada a distancia, beneficiando a ni\u00f1as, ni\u00f1os y adolescentes de todo el estado.<\/p>\n<p>Destac\u00f3 que este proyecto busca ofrecer diagn\u00f3sticos y tratamientos tempranos y efectivos, adem\u00e1s de fortalecer la capacitaci\u00f3n continua del personal m\u00e9dico y en formaci\u00f3n en temas relacionados con el c\u00e1ncer infantil, de igual forma, subray\u00f3 que esta enfermedad tiene un fuerte impacto emocional, social y econ\u00f3mico, no solo en los pacientes, sino tambi\u00e9n en sus familias.<\/p>\n<p>Garc\u00eda Carbajal invit\u00f3 a aprovechar las ventajas de la Telemedicina para acercar la atenci\u00f3n m\u00e9dica especializada a comunidades marginadas, mejorando la cobertura y calidad de los servicios de salud y se\u00f1al\u00f3 que la meta es incrementar en un 30% la detecci\u00f3n de nuevos casos con sospecha de c\u00e1ncer infantil mediante este modelo de atenci\u00f3n.<\/p>\n<p>Por su parte, el director del IECAN, Rael Alberto Escoto Hern\u00e1ndez, reconoci\u00f3 el trabajo conjunto de las instituciones involucradas y afirm\u00f3 que las tele consultas permitir\u00e1n atender de forma oportuna a pacientes en todo el estado, facilitando la detecci\u00f3n temprana de s\u00edntomas oncol\u00f3gicos.<\/p>\n<p>En el evento participaron tambi\u00e9n la subsecretaria de Prevenci\u00f3n y Control de Enfermedades, Jessy Solchaga Rosas; la directora de los Servicios de Salud, Nancy Karina Mart\u00ednez Osorio; el subdirector de Salud P\u00fablica, H\u00e9ctor Alejandro Catal\u00e1n Cuevas; el subdirector de Atenci\u00f3n M\u00e9dica, Rub\u00e9n Dar\u00edo G\u00f3mez Rodr\u00edguez; la jefa del Departamento de Telemedicina, Cinthya Yameli Bernab\u00e9 Nava; representantes del IMSS-Bienestar y personal del IECAN, entre otros.<\/p>\n<p><a href=\"https:\/\/www.acapulcopress.com\/wp-content\/uploads\/2025\/08\/CANCER-INFANTIL-GRO9.jpg\"><img loading=\"lazy\" decoding=\"async\" class=\"alignleft size-full wp-image-1259583\" src=\"https:\/\/www.acapulcopress.com\/wp-content\/uploads\/2025\/08\/CANCER-INFANTIL-GRO9.jpg\" alt=\"\" width=\"1600\" height=\"1066\" srcset=\"https:\/\/www.acapulcopress.com\/wp-content\/uploads\/2025\/08\/CANCER-INFANTIL-GRO9.jpg 1600w, https:\/\/www.acapulcopress.com\/wp-content\/uploads\/2025\/08\/CANCER-INFANTIL-GRO9-300x200.jpg 300w, https:\/\/www.acapulcopress.com\/wp-content\/uploads\/2025\/08\/CANCER-INFANTIL-GRO9-1024x682.jpg 1024w, https:\/\/www.acapulcopress.com\/wp-content\/uploads\/2025\/08\/CANCER-INFANTIL-GRO9-768x512.jpg 768w, https:\/\/www.acapulcopress.com\/wp-content\/uploads\/2025\/08\/CANCER-INFANTIL-GRO9-1536x1023.jpg 1536w, https:\/\/www.acapulcopress.com\/wp-content\/uploads\/2025\/08\/CANCER-INFANTIL-GRO9-580x386.jpg 580w, https:\/\/www.acapulcopress.com\/wp-content\/uploads\/2025\/08\/CANCER-INFANTIL-GRO9-860x573.jpg 860w, https:\/\/www.acapulcopress.com\/wp-content\/uploads\/2025\/08\/CANCER-INFANTIL-GRO9-1160x773.jpg 1160w, https:\/\/www.acapulcopress.com\/wp-content\/uploads\/2025\/08\/CANCER-INFANTIL-GRO9-1320x879.jpg 1320w\" sizes=\"auto, (max-width: 1600px) 100vw, 1600px\" \/><\/a> <a href=\"https:\/\/www.acapulcopress.com\/wp-content\/uploads\/2025\/08\/CANCER-INFANTIL-GRO8.jpg\"><img loading=\"lazy\" decoding=\"async\" class=\"alignleft size-full wp-image-1259582\" src=\"https:\/\/www.acapulcopress.com\/wp-content\/uploads\/2025\/08\/CANCER-INFANTIL-GRO8.jpg\" alt=\"\" width=\"1600\" height=\"1066\" srcset=\"https:\/\/www.acapulcopress.com\/wp-content\/uploads\/2025\/08\/CANCER-INFANTIL-GRO8.jpg 1600w, https:\/\/www.acapulcopress.com\/wp-content\/uploads\/2025\/08\/CANCER-INFANTIL-GRO8-300x200.jpg 300w, https:\/\/www.acapulcopress.com\/wp-content\/uploads\/2025\/08\/CANCER-INFANTIL-GRO8-1024x682.jpg 1024w, https:\/\/www.acapulcopress.com\/wp-content\/uploads\/2025\/08\/CANCER-INFANTIL-GRO8-768x512.jpg 768w, https:\/\/www.acapulcopress.com\/wp-content\/uploads\/2025\/08\/CANCER-INFANTIL-GRO8-1536x1023.jpg 1536w, https:\/\/www.acapulcopress.com\/wp-content\/uploads\/2025\/08\/CANCER-INFANTIL-GRO8-580x386.jpg 580w, https:\/\/www.acapulcopress.com\/wp-content\/uploads\/2025\/08\/CANCER-INFANTIL-GRO8-860x573.jpg 860w, https:\/\/www.acapulcopress.com\/wp-content\/uploads\/2025\/08\/CANCER-INFANTIL-GRO8-1160x773.jpg 1160w, https:\/\/www.acapulcopress.com\/wp-content\/uploads\/2025\/08\/CANCER-INFANTIL-GRO8-1320x879.jpg 1320w\" sizes=\"auto, (max-width: 1600px) 100vw, 1600px\" \/><\/a> <a href=\"https:\/\/www.acapulcopress.com\/wp-content\/uploads\/2025\/08\/CANCER-INFANTIL-GRO7.jpg\"><img loading=\"lazy\" decoding=\"async\" class=\"alignleft size-full wp-image-1259581\" src=\"https:\/\/www.acapulcopress.com\/wp-content\/uploads\/2025\/08\/CANCER-INFANTIL-GRO7.jpg\" alt=\"\" width=\"1600\" height=\"1066\" srcset=\"https:\/\/www.acapulcopress.com\/wp-content\/uploads\/2025\/08\/CANCER-INFANTIL-GRO7.jpg 1600w, https:\/\/www.acapulcopress.com\/wp-content\/uploads\/2025\/08\/CANCER-INFANTIL-GRO7-300x200.jpg 300w, https:\/\/www.acapulcopress.com\/wp-content\/uploads\/2025\/08\/CANCER-INFANTIL-GRO7-1024x682.jpg 1024w, https:\/\/www.acapulcopress.com\/wp-content\/uploads\/2025\/08\/CANCER-INFANTIL-GRO7-768x512.jpg 768w, https:\/\/www.acapulcopress.com\/wp-content\/uploads\/2025\/08\/CANCER-INFANTIL-GRO7-1536x1023.jpg 1536w, https:\/\/www.acapulcopress.com\/wp-content\/uploads\/2025\/08\/CANCER-INFANTIL-GRO7-580x386.jpg 580w, https:\/\/www.acapulcopress.com\/wp-content\/uploads\/2025\/08\/CANCER-INFANTIL-GRO7-860x573.jpg 860w, https:\/\/www.acapulcopress.com\/wp-content\/uploads\/2025\/08\/CANCER-INFANTIL-GRO7-1160x773.jpg 1160w, https:\/\/www.acapulcopress.com\/wp-content\/uploads\/2025\/08\/CANCER-INFANTIL-GRO7-1320x879.jpg 1320w\" sizes=\"auto, (max-width: 1600px) 100vw, 1600px\" \/><\/a> <a href=\"https:\/\/www.acapulcopress.com\/wp-content\/uploads\/2025\/08\/CANCER-INFANTIL-GRO6.jpg\"><img loading=\"lazy\" decoding=\"async\" class=\"alignleft size-full wp-image-1259580\" src=\"https:\/\/www.acapulcopress.com\/wp-content\/uploads\/2025\/08\/CANCER-INFANTIL-GRO6.jpg\" alt=\"\" width=\"1600\" height=\"1066\" srcset=\"https:\/\/www.acapulcopress.com\/wp-content\/uploads\/2025\/08\/CANCER-INFANTIL-GRO6.jpg 1600w, https:\/\/www.acapulcopress.com\/wp-content\/uploads\/2025\/08\/CANCER-INFANTIL-GRO6-300x200.jpg 300w, https:\/\/www.acapulcopress.com\/wp-content\/uploads\/2025\/08\/CANCER-INFANTIL-GRO6-1024x682.jpg 1024w, https:\/\/www.acapulcopress.com\/wp-content\/uploads\/2025\/08\/CANCER-INFANTIL-GRO6-768x512.jpg 768w, https:\/\/www.acapulcopress.com\/wp-content\/uploads\/2025\/08\/CANCER-INFANTIL-GRO6-1536x1023.jpg 1536w, https:\/\/www.acapulcopress.com\/wp-content\/uploads\/2025\/08\/CANCER-INFANTIL-GRO6-580x386.jpg 580w, https:\/\/www.acapulcopress.com\/wp-content\/uploads\/2025\/08\/CANCER-INFANTIL-GRO6-860x573.jpg 860w, https:\/\/www.acapulcopress.com\/wp-content\/uploads\/2025\/08\/CANCER-INFANTIL-GRO6-1160x773.jpg 1160w, https:\/\/www.acapulcopress.com\/wp-content\/uploads\/2025\/08\/CANCER-INFANTIL-GRO6-1320x879.jpg 1320w\" sizes=\"auto, (max-width: 1600px) 100vw, 1600px\" \/><\/a> <a href=\"https:\/\/www.acapulcopress.com\/wp-content\/uploads\/2025\/08\/CANCER-INFANTIL-GRO5.jpg\"><img loading=\"lazy\" decoding=\"async\" class=\"alignleft size-full wp-image-1259579\" src=\"https:\/\/www.acapulcopress.com\/wp-content\/uploads\/2025\/08\/CANCER-INFANTIL-GRO5.jpg\" alt=\"\" width=\"1600\" height=\"1066\" srcset=\"https:\/\/www.acapulcopress.com\/wp-content\/uploads\/2025\/08\/CANCER-INFANTIL-GRO5.jpg 1600w, https:\/\/www.acapulcopress.com\/wp-content\/uploads\/2025\/08\/CANCER-INFANTIL-GRO5-300x200.jpg 300w, https:\/\/www.acapulcopress.com\/wp-content\/uploads\/2025\/08\/CANCER-INFANTIL-GRO5-1024x682.jpg 1024w, https:\/\/www.acapulcopress.com\/wp-content\/uploads\/2025\/08\/CANCER-INFANTIL-GRO5-768x512.jpg 768w, https:\/\/www.acapulcopress.com\/wp-content\/uploads\/2025\/08\/CANCER-INFANTIL-GRO5-1536x1023.jpg 1536w, https:\/\/www.acapulcopress.com\/wp-content\/uploads\/2025\/08\/CANCER-INFANTIL-GRO5-580x386.jpg 580w, https:\/\/www.acapulcopress.com\/wp-content\/uploads\/2025\/08\/CANCER-INFANTIL-GRO5-860x573.jpg 860w, https:\/\/www.acapulcopress.com\/wp-content\/uploads\/2025\/08\/CANCER-INFANTIL-GRO5-1160x773.jpg 1160w, https:\/\/www.acapulcopress.com\/wp-content\/uploads\/2025\/08\/CANCER-INFANTIL-GRO5-1320x879.jpg 1320w\" sizes=\"auto, (max-width: 1600px) 100vw, 1600px\" \/><\/a> <a href=\"https:\/\/www.acapulcopress.com\/wp-content\/uploads\/2025\/08\/CANCER-INFANTIL-GRO4.jpg\"><img loading=\"lazy\" decoding=\"async\" class=\"alignleft size-full wp-image-1259578\" src=\"https:\/\/www.acapulcopress.com\/wp-content\/uploads\/2025\/08\/CANCER-INFANTIL-GRO4.jpg\" alt=\"\" width=\"1600\" height=\"1066\" srcset=\"https:\/\/www.acapulcopress.com\/wp-content\/uploads\/2025\/08\/CANCER-INFANTIL-GRO4.jpg 1600w, https:\/\/www.acapulcopress.com\/wp-content\/uploads\/2025\/08\/CANCER-INFANTIL-GRO4-300x200.jpg 300w, https:\/\/www.acapulcopress.com\/wp-content\/uploads\/2025\/08\/CANCER-INFANTIL-GRO4-1024x682.jpg 1024w, https:\/\/www.acapulcopress.com\/wp-content\/uploads\/2025\/08\/CANCER-INFANTIL-GRO4-768x512.jpg 768w, https:\/\/www.acapulcopress.com\/wp-content\/uploads\/2025\/08\/CANCER-INFANTIL-GRO4-1536x1023.jpg 1536w, https:\/\/www.acapulcopress.com\/wp-content\/uploads\/2025\/08\/CANCER-INFANTIL-GRO4-580x386.jpg 580w, https:\/\/www.acapulcopress.com\/wp-content\/uploads\/2025\/08\/CANCER-INFANTIL-GRO4-860x573.jpg 860w, https:\/\/www.acapulcopress.com\/wp-content\/uploads\/2025\/08\/CANCER-INFANTIL-GRO4-1160x773.jpg 1160w, https:\/\/www.acapulcopress.com\/wp-content\/uploads\/2025\/08\/CANCER-INFANTIL-GRO4-1320x879.jpg 1320w\" sizes=\"auto, (max-width: 1600px) 100vw, 1600px\" \/><\/a> <a href=\"https:\/\/www.acapulcopress.com\/wp-content\/uploads\/2025\/08\/CANCER-INFANTIL-GRO2.jpg\"><img loading=\"lazy\" decoding=\"async\" class=\"alignleft size-full wp-image-1259576\" src=\"https:\/\/www.acapulcopress.com\/wp-content\/uploads\/2025\/08\/CANCER-INFANTIL-GRO2.jpg\" alt=\"\" width=\"1600\" height=\"1066\" srcset=\"https:\/\/www.acapulcopress.com\/wp-content\/uploads\/2025\/08\/CANCER-INFANTIL-GRO2.jpg 1600w, https:\/\/www.acapulcopress.com\/wp-content\/uploads\/2025\/08\/CANCER-INFANTIL-GRO2-300x200.jpg 300w, https:\/\/www.acapulcopress.com\/wp-content\/uploads\/2025\/08\/CANCER-INFANTIL-GRO2-1024x682.jpg 1024w, https:\/\/www.acapulcopress.com\/wp-content\/uploads\/2025\/08\/CANCER-INFANTIL-GRO2-768x512.jpg 768w, https:\/\/www.acapulcopress.com\/wp-content\/uploads\/2025\/08\/CANCER-INFANTIL-GRO2-1536x1023.jpg 1536w, https:\/\/www.acapulcopress.com\/wp-content\/uploads\/2025\/08\/CANCER-INFANTIL-GRO2-580x386.jpg 580w, https:\/\/www.acapulcopress.com\/wp-content\/uploads\/2025\/08\/CANCER-INFANTIL-GRO2-860x573.jpg 860w, https:\/\/www.acapulcopress.com\/wp-content\/uploads\/2025\/08\/CANCER-INFANTIL-GRO2-1160x773.jpg 1160w, https:\/\/www.acapulcopress.com\/wp-content\/uploads\/2025\/08\/CANCER-INFANTIL-GRO2-1320x879.jpg 1320w\" sizes=\"auto, (max-width: 1600px) 100vw, 1600px\" \/><\/a> <a href=\"https:\/\/www.acapulcopress.com\/wp-content\/uploads\/2025\/08\/CANCER-INFANTIL-GRO.jpg\"><img loading=\"lazy\" decoding=\"async\" class=\"alignleft size-full wp-image-1259575\" src=\"https:\/\/www.acapulcopress.com\/wp-content\/uploads\/2025\/08\/CANCER-INFANTIL-GRO.jpg\" alt=\"\" width=\"1600\" height=\"1066\" srcset=\"https:\/\/www.acapulcopress.com\/wp-content\/uploads\/2025\/08\/CANCER-INFANTIL-GRO.jpg 1600w, https:\/\/www.acapulcopress.com\/wp-content\/uploads\/2025\/08\/CANCER-INFANTIL-GRO-300x200.jpg 300w, https:\/\/www.acapulcopress.com\/wp-content\/uploads\/2025\/08\/CANCER-INFANTIL-GRO-1024x682.jpg 1024w, https:\/\/www.acapulcopress.com\/wp-content\/uploads\/2025\/08\/CANCER-INFANTIL-GRO-768x512.jpg 768w, https:\/\/www.acapulcopress.com\/wp-content\/uploads\/2025\/08\/CANCER-INFANTIL-GRO-1536x1023.jpg 1536w, https:\/\/www.acapulcopress.com\/wp-content\/uploads\/2025\/08\/CANCER-INFANTIL-GRO-580x386.jpg 580w, https:\/\/www.acapulcopress.com\/wp-content\/uploads\/2025\/08\/CANCER-INFANTIL-GRO-860x573.jpg 860w, https:\/\/www.acapulcopress.com\/wp-content\/uploads\/2025\/08\/CANCER-INFANTIL-GRO-1160x773.jpg 1160w, https:\/\/www.acapulcopress.com\/wp-content\/uploads\/2025\/08\/CANCER-INFANTIL-GRO-1320x879.jpg 1320w\" sizes=\"auto, (max-width: 1600px) 100vw, 1600px\" \/><\/a><\/p>\n<p><em>) acapulcopress.com<\/em><\/p>\n","protected":false},"excerpt":{"rendered":"<p>CHILPANCINGO * 12 de agosto 2025 ) Salud Guerrero Con el objetivo de detectar de manera temprana el c\u00e1ncer infantil y en adolescentes, la Secretar\u00eda de Salud de Guerrero, puso en marcha la Red Estatal para el Diagn\u00f3stico Oportuno del C\u00e1ncer Infantil, dirigida a pacientes de primera vez que no cuentan con seguridad social. La&#8230;<\/p>\n","protected":false},"author":1,"featured_media":1259577,"comment_status":"closed","ping_status":"open","sticky":false,"template":"","format":"standard","meta":{"footnotes":""},"categories":[2010],"tags":[10269,18681,16241],"class_list":["post-1259574","post","type-post","status-publish","format-standard","has-post-thumbnail","hentry","category-sociedad","tag-instituto-estatal-de-cancerologia-iecan","tag-red-estatal-para-el-diagnostico-oportuno-del-cancer-infantil","tag-secretaria-de-salud-de-guerrero"],"_links":{"self":[{"href":"https:\/\/www.acapulcopress.com\/index.php\/wp-json\/wp\/v2\/posts\/1259574","targetHints":{"allow":["GET"]}}],"collection":[{"href":"https:\/\/www.acapulcopress.com\/index.php\/wp-json\/wp\/v2\/posts"}],"about":[{"href":"https:\/\/www.acapulcopress.com\/index.php\/wp-json\/wp\/v2\/types\/post"}],"author":[{"embeddable":true,"href":"https:\/\/www.acapulcopress.com\/index.php\/wp-json\/wp\/v2\/users\/1"}],"replies":[{"embeddable":true,"href":"https:\/\/www.acapulcopress.com\/index.php\/wp-json\/wp\/v2\/comments?post=1259574"}],"version-history":[{"count":1,"href":"https:\/\/www.acapulcopress.com\/index.php\/wp-json\/wp\/v2\/posts\/1259574\/revisions"}],"predecessor-version":[{"id":1259584,"href":"https:\/\/www.acapulcopress.com\/index.php\/wp-json\/wp\/v2\/posts\/1259574\/revisions\/1259584"}],"wp:featuredmedia":[{"embeddable":true,"href":"https:\/\/www.acapulcopress.com\/index.php\/wp-json\/wp\/v2\/media\/1259577"}],"wp:attachment":[{"href":"https:\/\/www.acapulcopress.com\/index.php\/wp-json\/wp\/v2\/media?parent=1259574"}],"wp:term":[{"taxonomy":"category","embeddable":true,"href":"https:\/\/www.acapulcopress.com\/index.php\/wp-json\/wp\/v2\/categories?post=1259574"},{"taxonomy":"post_tag","embeddable":true,"href":"https:\/\/www.acapulcopress.com\/index.php\/wp-json\/wp\/v2\/tags?post=1259574"}],"curies":[{"name":"wp","href":"https:\/\/api.w.org\/{rel}","templated":true}]}}