{"id":1259624,"date":"2025-08-13T08:57:45","date_gmt":"2025-08-13T14:57:45","guid":{"rendered":"https:\/\/www.acapulcopress.com\/?p=1259624"},"modified":"2025-08-13T09:01:13","modified_gmt":"2025-08-13T15:01:13","slug":"termoelectrica-radicalizaran-protestas-pescadores-de-petacalco","status":"publish","type":"post","link":"https:\/\/www.acapulcopress.com\/index.php\/2025\/08\/13\/termoelectrica-radicalizaran-protestas-pescadores-de-petacalco\/","title":{"rendered":"Radicalizar\u00e1n protestas pescadores de Petacalco"},"content":{"rendered":"<p>Marem\u00e1gnum<br \/>\n\u00bb <a href=\"https:\/\/www.facebook.com\/ricardocastill01\" target=\"_blank\" rel=\"noopener\"><strong>RICARDO<\/strong> | <strong>CASTILLO BARRIENTOS<\/strong><\/a><\/p>\n<p>Un grito desesperado en el desierto es el clamor de los pescadores y habitantes de la localidad de <strong>Petacalco<\/strong>, municipio de La Uni\u00f3n, en la Costa Grande, ante las innumerables afectaciones causadas a la salud, a la producci\u00f3n pesquera y a la ecolog\u00eda, durante los 35 a\u00f1os de operaci\u00f3n de la <strong>Central Termoel\u00e9ctrica<\/strong> Presidente Plutarco El\u00edas Calles.<\/p>\n<p>La <strong>Termoel\u00e9ctrica de Petacalco<\/strong> est\u00e1 considerada como una de las mayores en su tipo en Latinoam\u00e9rica, por su capacidad de generaci\u00f3n de energ\u00eda el\u00e9ctrica, utiliza como combustible el carb\u00f3n y el combust\u00f3leo, cuyas emisiones son nocivas para la salud de los habitantes y la fauna marina. Por esa raz\u00f3n exigen la conversi\u00f3n del combustible a gas natural por resultar menos da\u00f1ino.<\/p>\n<p>La Comisi\u00f3n Federal de Electricidad (<strong>CFE<\/strong>) ha hecho caso omiso a las demandas de los pescadores, solo ha dado paliativos con migajas econ\u00f3micas, sin resolver lo esencial indefinidamente; vi\u00e9ndose obligados a recurrir a las autoridades del ramo responsables del cuidado de medio ambiente: <strong>Semarnat <\/strong>y<strong> Profepa<\/strong>, instituciones inoperantes, pues no intervienen en la atenci\u00f3n de la exigencia de casi 5 mil pobladores de realizar la <strong>conversi\u00f3n t\u00e9cnica<\/strong> a la gigantesca planta industrial de la <strong>CFE<\/strong>.<\/p>\n<p>El Movimiento por la Dignidad y Resistencia del Pueblo de Petacalco, conformado por cooperativas pesqueras de la localidad y comunidades cercanas, han demandado la intervenci\u00f3n de la gobernadora Evelyn Salgado Pineda, ante la presidenta Claudia Sheinbaum Pardo, a efecto obtengan una soluci\u00f3n definitiva al problema, que trastoca la vida de la poblaci\u00f3n en la salud, la econom\u00eda popular y la ecolog\u00eda.<\/p>\n<p>Mientras tanto, han entregado un documento a la Direcci\u00f3n General de Atenci\u00f3n Ciudadana de la Presidencia, donde solicitan una audiencia con la presidenta Claudia Sheinbaum, a fin de exponerle con evidencias y testimonios, los severos da\u00f1os causados a la salud y a la ecolog\u00eda, por las mort\u00edferas emisiones de la <strong>Central Termoel\u00e9ctrica de la CFE<\/strong>, que han llegado a provocar c\u00e1ncer a casi un centenar de personas y diversos tipos de enfermedades respiratorias.<\/p>\n<p>Los ciudadanos de<strong> Petacalco<\/strong> han expresado que si no son atendidos por la Presidenta de M\u00e9xico, se ver\u00e1n obligados a radicalizar sus protestas con el bloqueo a la planta generadora de electricidad y la interrupci\u00f3n de la carretera federal, entre otras medidas; ya que no est\u00e1n dispuestos por ning\u00fan motivo, a seguir siendo ignorados por las autoridades de los tres niveles de gobierno, las cuales han mostrado una indiferencia y apat\u00eda durante d\u00e9cadas.<\/p>\n<p><strong>Marea Baja.-<\/strong> Trascendi\u00f3 que el ex presidente municipal de Ometepec, Efr\u00e9n Adame Montalb\u00e1n y el ex candidato de la coalici\u00f3n PRI-PRD, Salvador Robles Zacapala, fueron llamados a comparecer ante la Fiscal\u00eda Especializada en Delitos Electorales (<strong>Fepade<\/strong>), por presuntas irregularidades cometidas en el pasado proceso electoral.<\/p>\n<p>A ambos ex funcionarios priistas se les acusa de haber recogido credenciales de electores, compra de votos y haber obligado a empleados del ayuntamiento a votar por los candidatos del PRI, en caso de resultar sancionados podr\u00edan estar en prisi\u00f3n durante tres a\u00f1os y ser inhabilitados de la funci\u00f3n p\u00fablica.<\/p>\n<p><strong>Marea Alta.-<\/strong> El arquitecto Jeovel Guinto Gonz\u00e1lez, destacado profesionista de Coyuca de Ben\u00edtez, viene desarrollando una intensa pero discreta serie de actividades, tendientes a impulsar el desarrollo econ\u00f3mico, agr\u00edcola y comercial de la entidad, sin aspavientos ni reflectores.<\/p>\n<p>En d\u00edas pasados se celebr\u00f3 el Encuentro Regional de Productos de la Costa Grande. El objetivo central fue de vincular a productores de mango, coco, caf\u00e9, miel, sustrato, industria maderera y ganaderos, con brokers y empresarios estadounidenses afiliados a la C\u00e1mara de Comercio de Houston, Texas, USA, contando con la presencia de su vicepresidente Lic. Ricardo Games, qui\u00e9n se comprometi\u00f3 a acelerar las acciones para posicionar los productos guerrerenses en ese importante estado de la Uni\u00f3n Americana.<\/p>\n<p><strong>Maremoto.-<\/strong> Aunque existe la decisi\u00f3n pol\u00edtica para continuar al frente de la <strong>Jucopo<\/strong>\u00a0del Congreso del Estado, el diputado Jes\u00fas Uri\u00f3stegui Garc\u00eda, est\u00e1 sufriendo las de Ca\u00edn, debido a los barruntos de inconformidad de una buena parte de los diputados de la fracci\u00f3n morenista, que consideran que su gesti\u00f3n ha dejado mucho que desear al frente de esa instituci\u00f3n legislativa.<\/p>\n<p>Lo \u00fanico malo es que est\u00e1n levantando la mano para el codiciado puesto, m\u00e1s de media docena de diputados guindas, al observar la impericia del tal Chucho, que no da pie con bola, situaci\u00f3n que ha provocado una aut\u00e9ntica rebeli\u00f3n en la granja.<br \/>\n) ACAPULCO PRESS<\/p>\n","protected":false},"excerpt":{"rendered":"<p>Marem\u00e1gnum | Un grito desesperado en el desierto es el clamor de los pescadores y habitantes de la localidad de Petacalco<\/p>\n","protected":false},"author":1,"featured_media":1259625,"comment_status":"closed","ping_status":"open","sticky":false,"template":"","format":"standard","meta":{"footnotes":""},"categories":[2071,1991],"tags":[18685,12503,15575,18686],"class_list":["post-1259624","post","type-post","status-publish","format-standard","has-post-thumbnail","hentry","category-opinion-analisis-columnas","category-libertad-de-expresion","tag-central-termoelectrica-presidente-plutarco-elias-calles","tag-maremagnum","tag-ricardo-castillo-barrientos","tag-termoelectrica-de-petacalco"],"_links":{"self":[{"href":"https:\/\/www.acapulcopress.com\/index.php\/wp-json\/wp\/v2\/posts\/1259624","targetHints":{"allow":["GET"]}}],"collection":[{"href":"https:\/\/www.acapulcopress.com\/index.php\/wp-json\/wp\/v2\/posts"}],"about":[{"href":"https:\/\/www.acapulcopress.com\/index.php\/wp-json\/wp\/v2\/types\/post"}],"author":[{"embeddable":true,"href":"https:\/\/www.acapulcopress.com\/index.php\/wp-json\/wp\/v2\/users\/1"}],"replies":[{"embeddable":true,"href":"https:\/\/www.acapulcopress.com\/index.php\/wp-json\/wp\/v2\/comments?post=1259624"}],"version-history":[{"count":3,"href":"https:\/\/www.acapulcopress.com\/index.php\/wp-json\/wp\/v2\/posts\/1259624\/revisions"}],"predecessor-version":[{"id":1259628,"href":"https:\/\/www.acapulcopress.com\/index.php\/wp-json\/wp\/v2\/posts\/1259624\/revisions\/1259628"}],"wp:featuredmedia":[{"embeddable":true,"href":"https:\/\/www.acapulcopress.com\/index.php\/wp-json\/wp\/v2\/media\/1259625"}],"wp:attachment":[{"href":"https:\/\/www.acapulcopress.com\/index.php\/wp-json\/wp\/v2\/media?parent=1259624"}],"wp:term":[{"taxonomy":"category","embeddable":true,"href":"https:\/\/www.acapulcopress.com\/index.php\/wp-json\/wp\/v2\/categories?post=1259624"},{"taxonomy":"post_tag","embeddable":true,"href":"https:\/\/www.acapulcopress.com\/index.php\/wp-json\/wp\/v2\/tags?post=1259624"}],"curies":[{"name":"wp","href":"https:\/\/api.w.org\/{rel}","templated":true}]}}