{"id":1259629,"date":"2025-08-13T10:04:06","date_gmt":"2025-08-13T16:04:06","guid":{"rendered":"https:\/\/www.acapulcopress.com\/?p=1259629"},"modified":"2025-08-13T10:24:26","modified_gmt":"2025-08-13T16:24:26","slug":"recluyen-a-pedro-segura-al-penal-de-maxima-seguridad-de-almoloya","status":"publish","type":"post","link":"https:\/\/www.acapulcopress.com\/index.php\/2025\/08\/13\/recluyen-a-pedro-segura-al-penal-de-maxima-seguridad-de-almoloya\/","title":{"rendered":"Recluyen a Pedro Segura al penal de m\u00e1xima seguridad de Almoloya"},"content":{"rendered":"<p><em>* <strong>Pedro Segura est\u00e1 vinculado al grupo criminal de \u00abGuerreros Unidos\u00bb y a la desparici\u00f3n de los 43 normalistas de Ayotzinapa, seg\u00fan la Causa Penal 13\/2025 asentada en el uzgado Segundo de Distrito en Materia Penal de Toluca, Estado de M\u00e9xico<\/strong><\/em><\/p>\n<p>CHILPANCINGO * 13 de agosto 2025<br \/>\n<em>) <a href=\"https:\/\/heraldodemexico.com.mx\/nacional\/2025\/8\/13\/ingresan-pedro-segura-al-altiplano-en-estado-de-mexico-es-vinculado-la-desaparicion-de-los-43-de-ayotzinapa-722130.html\" target=\"_blank\" rel=\"noopener\">El Heraldo<\/a> | Redacci\u00f3n Aps<br \/>\n<\/em><a href=\"https:\/\/www.acapulcopress.com\/wp-content\/uploads\/2025\/08\/pedro-segura-almoloya-2.jpeg\"><img loading=\"lazy\" decoding=\"async\" class=\"alignleft wp-image-1259630 size-cmsmasters-square-thumb\" src=\"https:\/\/www.acapulcopress.com\/wp-content\/uploads\/2025\/08\/pedro-segura-almoloya-2-360x360.jpeg\" alt=\"\" width=\"360\" height=\"360\" srcset=\"https:\/\/www.acapulcopress.com\/wp-content\/uploads\/2025\/08\/pedro-segura-almoloya-2-360x360.jpeg 360w, https:\/\/www.acapulcopress.com\/wp-content\/uploads\/2025\/08\/pedro-segura-almoloya-2-150x150.jpeg 150w, https:\/\/www.acapulcopress.com\/wp-content\/uploads\/2025\/08\/pedro-segura-almoloya-2-70x70.jpeg 70w\" sizes=\"auto, (max-width: 360px) 100vw, 360px\" \/><\/a>Detenido ayer al filo de las 7:47 de la noche por agentes de la FGR por \u00abdelincuencia organizada, seg\u00fan la causa penal 13\/2025 asentada en el Juzgado Segundo de Distrito en Materia Penal de Toluca, Estado de M\u00e9xico, que sustent\u00f3 su captura, el ex excandidato a la gubernatura de Guerrero en 2021 por la coalici\u00f3n PT\/PVEM,<strong> Pedro Segura Valladares<\/strong>, ingres\u00f3 a las 5:08 horas de este mi\u00e9rcoles al penal del Altiplano en Almoloya de Ju\u00e1rez en el Estado de M\u00e9xico, tras acreditarse su pertenencia al grupo criminal \u201cGuerreros Unidos\u201d y a la investigaci\u00f3n del caso Ayotzinapa.<\/p>\n<p>Proveniente de las instalaciones de la Fiscal\u00eda General de la Rep\u00fablica (FGR) en Cuernavaca, Morelos, tras su detenci\u00f3n en Guerrero, el empresario guerrerense fue traslado bajo un operativo discreto con apenas dos unidades de la FGR y otras cuatro de la <em>Secretar\u00eda de Seguridad y Protecci\u00f3n Ciudadana (SSPC)<\/em>.<\/p>\n<p>Su orden de aprehensi\u00f3n por delincuencia organizada fue girada por el Juzgado Segundo de Distrito en Materia Penal con sede en Toluca, Estado de M\u00e9xico, por la causa penal 13\/2025.<\/p>\n<p><strong>Caso Guerreros Unidos y Ayotzinapa<\/strong><\/p>\n<p>De acuerdo con las investigaciones de la FGR a Pedro Segura Valladares, oriundo del municipio de Teloloapan, tambi\u00e9n ligado por las autoridades federales con el narcotr\u00e1fico, se le vincula al grupo delictivo <a href=\"https:\/\/www.acapulcopress.com\/wp-content\/uploads\/2025\/08\/PEDRO-SEGURA-DETENIDO-1.jpg\"><img loading=\"lazy\" decoding=\"async\" class=\"alignleft wp-image-1259634 size-cmsmasters-square-thumb\" src=\"https:\/\/www.acapulcopress.com\/wp-content\/uploads\/2025\/08\/PEDRO-SEGURA-DETENIDO-1-360x360.jpg\" alt=\"\" width=\"360\" height=\"360\" srcset=\"https:\/\/www.acapulcopress.com\/wp-content\/uploads\/2025\/08\/PEDRO-SEGURA-DETENIDO-1-360x360.jpg 360w, https:\/\/www.acapulcopress.com\/wp-content\/uploads\/2025\/08\/PEDRO-SEGURA-DETENIDO-1-150x150.jpg 150w, https:\/\/www.acapulcopress.com\/wp-content\/uploads\/2025\/08\/PEDRO-SEGURA-DETENIDO-1-70x70.jpg 70w\" sizes=\"auto, (max-width: 360px) 100vw, 360px\" \/><\/a>\u201cGuerreros Unidos\u201d y a la investigaci\u00f3n de la desaparici\u00f3n de los 43 normalistas de Ayotzinapa, seg\u00fan la causa penal a la que tuvo acceso El Heraldo de M\u00e9xico. El documento refiere que al menos dos testigos, establecen que el excandidato utiliz\u00f3 como fachada empresas que tiene en Chicago, Illinois en Estados Unidos y su hotel donde recib\u00eda droga para ser distribuida posteriormente.<\/p>\n<p>\u00abGeneraba condiciones para el \u00e9xito de la empresa criminal, como es el caso del consignado quien utiliz\u00f3 como fachada su hotel \u00abVida en el Lago\u00bb, donde recib\u00eda droga y permit\u00eda reuniones con l\u00edderes del ente criminal, por lo que es evidente que realizaba funciones de apoyo log\u00edstico a integrantes del grupo delictivo\u00bb.<\/p>\n<p>\u201cEst\u00e1 acreditada la pertenencia de Pedro Segura Valladares y\/o Pedro Segura Balladares, integrante del mencionado grupo criminal, porque as\u00ed lo se\u00f1alaron los testigos \u00abCarla\u00bb y Ernesto Pineda Vega, quienes dijeron que esta persona se encuentra relacionada con Guerreros Unidos\u201d.<\/p>\n<p><strong>Se\u00f1alan v\u00ednculos con ex alcalde de Iguala<\/strong><\/p>\n<p>Los testigos se\u00f1alan incluso reuniones con el exalcalde de Iguala, Jos\u00e9 Luis Abarca, en donde tambi\u00e9n participaron l\u00edderes como Gilberto L\u00f3pez Astudillo \u00abEl Cabo Gil\u00bb y Sidronio Casarrubias Salgado, todos presos, as\u00ed como que dejaban droga en el hotel cada 15 d\u00edas recibidos por el propio Segura Valladares \u00abproporcion\u00e1ndoles desde media tonelada hasta tres toneladas de marihuana\u00bb.<\/p>\n<p>E incluso se le acusa que el 27 de septiembre de 2014, fue Pedro Segura Valladares quien recibi\u00f3 aproximadamente a cuatro j\u00f3venes en su hotel \u00abVida en el Lago\u00bb los cuales \u201cfueron llevados por Orlando, que era gente de plaza de Tepecuacuilco, quien se los entreg\u00f3\u201d, en referencia al caso Ayotzinapa.<\/p>\n<div style=\"width: 432px;\" class=\"wp-video\"><video class=\"wp-video-shortcode\" id=\"video-1259629-1\" width=\"432\" height=\"768\" preload=\"metadata\" controls=\"controls\"><source type=\"video\/mp4\" src=\"https:\/\/www.acapulcopress.com\/wp-content\/uploads\/2025\/08\/PEDRO-SEGURA-DETENIDO-1.mp4?_=1\" \/><a href=\"https:\/\/www.acapulcopress.com\/wp-content\/uploads\/2025\/08\/PEDRO-SEGURA-DETENIDO-1.mp4\">https:\/\/www.acapulcopress.com\/wp-content\/uploads\/2025\/08\/PEDRO-SEGURA-DETENIDO-1.mp4<\/a><\/video><\/div>\n<p>) ACAPULCO PRESS<\/p>\n","protected":false},"excerpt":{"rendered":"<p>* Pedro Segura est\u00e1 vinculado al grupo criminal de \u00abGuerreros Unidos\u00bb y a la desparici\u00f3n de los 43 normalistas de Ayotzinapa, seg\u00fan la Causa Penal 13\/2025 asentada en el uzgado Segundo de Distrito en Materia Penal de Toluca, Estado de M\u00e9xico CHILPANCINGO * 13 de agosto 2025 ) El Heraldo | Redacci\u00f3n Aps Detenido ayer&#8230;<\/p>\n","protected":false},"author":1,"featured_media":1259632,"comment_status":"closed","ping_status":"open","sticky":false,"template":"","format":"standard","meta":{"footnotes":""},"categories":[1997],"tags":[9574,14408],"class_list":["post-1259629","post","type-post","status-publish","format-standard","has-post-thumbnail","hentry","category-noticias-destacadas","tag-guerreros-unidos","tag-pedro-segura-valladares"],"_links":{"self":[{"href":"https:\/\/www.acapulcopress.com\/index.php\/wp-json\/wp\/v2\/posts\/1259629","targetHints":{"allow":["GET"]}}],"collection":[{"href":"https:\/\/www.acapulcopress.com\/index.php\/wp-json\/wp\/v2\/posts"}],"about":[{"href":"https:\/\/www.acapulcopress.com\/index.php\/wp-json\/wp\/v2\/types\/post"}],"author":[{"embeddable":true,"href":"https:\/\/www.acapulcopress.com\/index.php\/wp-json\/wp\/v2\/users\/1"}],"replies":[{"embeddable":true,"href":"https:\/\/www.acapulcopress.com\/index.php\/wp-json\/wp\/v2\/comments?post=1259629"}],"version-history":[{"count":4,"href":"https:\/\/www.acapulcopress.com\/index.php\/wp-json\/wp\/v2\/posts\/1259629\/revisions"}],"predecessor-version":[{"id":1259638,"href":"https:\/\/www.acapulcopress.com\/index.php\/wp-json\/wp\/v2\/posts\/1259629\/revisions\/1259638"}],"wp:featuredmedia":[{"embeddable":true,"href":"https:\/\/www.acapulcopress.com\/index.php\/wp-json\/wp\/v2\/media\/1259632"}],"wp:attachment":[{"href":"https:\/\/www.acapulcopress.com\/index.php\/wp-json\/wp\/v2\/media?parent=1259629"}],"wp:term":[{"taxonomy":"category","embeddable":true,"href":"https:\/\/www.acapulcopress.com\/index.php\/wp-json\/wp\/v2\/categories?post=1259629"},{"taxonomy":"post_tag","embeddable":true,"href":"https:\/\/www.acapulcopress.com\/index.php\/wp-json\/wp\/v2\/tags?post=1259629"}],"curies":[{"name":"wp","href":"https:\/\/api.w.org\/{rel}","templated":true}]}}