{"id":1259670,"date":"2025-08-15T13:08:33","date_gmt":"2025-08-15T19:08:33","guid":{"rendered":"https:\/\/www.acapulcopress.com\/?p=1259670"},"modified":"2025-08-15T13:28:26","modified_gmt":"2025-08-15T19:28:26","slug":"por-delincuencia-organizada-fgr-detiene-a-exoperador-politico-de-astudillo","status":"publish","type":"post","link":"https:\/\/www.acapulcopress.com\/index.php\/2025\/08\/15\/por-delincuencia-organizada-fgr-detiene-a-exoperador-politico-de-astudillo\/","title":{"rendered":"Por \u00abdelincuencia organizada\u00bb FGR detiene a exoperador pol\u00edtico de Astudillo"},"content":{"rendered":"<p>CHILPANCINGO * 15 de agosto 2025<br \/>\n<em>) Agencias | Redes Sociales<\/em><br \/>\nPor presuntos delitos de \u00abdelincuencia organizada\u00bb, \u00ablavado de dinero\u00bb y \u00abtrata de personas\u00bb, agentes de la <em>Fiscal\u00eda General de la Rep\u00fablica (FGR)<\/em> detuvieron al empresario <strong>Luis Alberto Santos Hern\u00e1ndez<\/strong>, se\u00f1alado como exoperador pol\u00edtico del exgobernador pri\u00edsta <strong>H\u00e9ctor Antonio Astudillo Flores<\/strong>.<\/p>\n<p><a href=\"https:\/\/www.acapulcopress.com\/wp-content\/uploads\/2025\/08\/DATOS-SANTOS-HERNANDEZ-1.jpg\"><img loading=\"lazy\" decoding=\"async\" class=\"alignleft wp-image-1259676 size-cmsmasters-square-thumb\" src=\"https:\/\/www.acapulcopress.com\/wp-content\/uploads\/2025\/08\/DATOS-SANTOS-HERNANDEZ-1-360x360.jpg\" alt=\"\" width=\"360\" height=\"360\" srcset=\"https:\/\/www.acapulcopress.com\/wp-content\/uploads\/2025\/08\/DATOS-SANTOS-HERNANDEZ-1-360x360.jpg 360w, https:\/\/www.acapulcopress.com\/wp-content\/uploads\/2025\/08\/DATOS-SANTOS-HERNANDEZ-1-150x150.jpg 150w, https:\/\/www.acapulcopress.com\/wp-content\/uploads\/2025\/08\/DATOS-SANTOS-HERNANDEZ-1-70x70.jpg 70w\" sizes=\"auto, (max-width: 360px) 100vw, 360px\" \/><\/a>De acuerdo con el <em>Registro Nacional de Detenciones<\/em>, su captura ocurri\u00f3 al filo de las 18:20 horas de ayer jueves sobre la Autopista del Sol. Extraoficialmente, datos medi\u00e1ticos indican que durante su detenci\u00f3n le fue decomisada una arma de fuego.<\/p>\n<p>Posteriormente, fue trasladado a las oficina de la FGR en Acapulco.<\/p>\n<p>La detenci\u00f3n de Santos Hern\u00e1ndez desempolv\u00f3 las redes de complicidad entre operadores pol\u00edticos del exgobernador Astudillo y empresarios favorecidos con la adjudicaci\u00f3n de obras y contratos millonarios a trav\u00e9s de la<em> Comisi\u00f3n de Infraestructura, Carretera y Aeroportuaria del Estado de Guerrero (CICAEG)<\/em> y el <em>Instituto Guerrerense de la Infraestructura F\u00edsica Educativa (IGIFE)<\/em>, cuyas dependendencias estuvieron a cargos de los hermano <strong>Ricardo<\/strong> y <strong>Javier Taja Ram\u00edrez<\/strong>, respectivamente, a quienes tambi\u00e9n se acusa de haberse enriquecido durante el r\u00e9gimen astudillista. Este \u00faltimo aspira competir por la presidencia de Acapulco en 2027.<\/p>\n<p>Santos Hern\u00e1ndez y su hermano, <strong>Luis M\u00e1cara Her\u00e1ndez Santos<\/strong>, seg\u00fan la revista <em>Poceso<\/em>, son due\u00f1os de\u00a0las empresas <em>Conagol<\/em> y <em>Arquitectos Hern\u00e1ndez<\/em>, y amigos de infancia de los hijos del exmandatario pri\u00edsta que gobernado de 2015 a 2018 el estado de Guererro, lo que confirma el v\u00ednculo de amistad y colaboraci\u00f3n pol\u00edtica con el exgobernador Astudillo y su familia.<\/p>\n<p>)<a href=\"https:\/\/www.facebook.com\/acapulcopress\/\" target=\"_blank\" rel=\"noopener\"> ACAPULCO PRESS<\/a> |<em><a href=\"https:\/\/www.facebook.com\/Steparious\/\" target=\"_blank\" rel=\"noopener\"> fb.me\/steparious<\/a><\/em><\/p>\n<p>&nbsp;<\/p>\n","protected":false},"excerpt":{"rendered":"<p>CHILPANCINGO * 15 de agosto 2025 ) Agencias | Redes Sociales Por presuntos delitos de \u00abdelincuencia organizada\u00bb, \u00ablavado de dinero\u00bb y \u00abtrata de personas\u00bb, agentes de la Fiscal\u00eda General de la Rep\u00fablica (FGR) detuvieron al empresario Luis Alberto Santos Hern\u00e1ndez, se\u00f1alado como exoperador pol\u00edtico del exgobernador pri\u00edsta H\u00e9ctor Antonio Astudillo Flores. De acuerdo con el&#8230;<\/p>\n","protected":false},"author":1,"featured_media":1259671,"comment_status":"closed","ping_status":"open","sticky":false,"template":"","format":"standard","meta":{"footnotes":""},"categories":[1997],"tags":[18694,18696,6104,18693,8691,9701,10283,10648,18692,18695,15606],"class_list":["post-1259670","post","type-post","status-publish","format-standard","has-post-thumbnail","hentry","category-noticias-destacadas","tag-arquitectos-hernandez","tag-comision-de-infraestructura","tag-comision-de-infraestructura-carretera-y-aeroportuaria-del-estado-de-guerrero-cicaeg","tag-conagol","tag-fiscalia-general-de-la-republica-fgr","tag-hector-antonio-astudillo-flores","tag-instituto-guerrerense-de-la-infraestructura-fisica-educativa-igife","tag-javier-taja-ramirez","tag-luis-alberto-santos-hernandez","tag-luis-macara-herandez-santos","tag-ricardo-taja-ramirez"],"_links":{"self":[{"href":"https:\/\/www.acapulcopress.com\/index.php\/wp-json\/wp\/v2\/posts\/1259670","targetHints":{"allow":["GET"]}}],"collection":[{"href":"https:\/\/www.acapulcopress.com\/index.php\/wp-json\/wp\/v2\/posts"}],"about":[{"href":"https:\/\/www.acapulcopress.com\/index.php\/wp-json\/wp\/v2\/types\/post"}],"author":[{"embeddable":true,"href":"https:\/\/www.acapulcopress.com\/index.php\/wp-json\/wp\/v2\/users\/1"}],"replies":[{"embeddable":true,"href":"https:\/\/www.acapulcopress.com\/index.php\/wp-json\/wp\/v2\/comments?post=1259670"}],"version-history":[{"count":4,"href":"https:\/\/www.acapulcopress.com\/index.php\/wp-json\/wp\/v2\/posts\/1259670\/revisions"}],"predecessor-version":[{"id":1259677,"href":"https:\/\/www.acapulcopress.com\/index.php\/wp-json\/wp\/v2\/posts\/1259670\/revisions\/1259677"}],"wp:featuredmedia":[{"embeddable":true,"href":"https:\/\/www.acapulcopress.com\/index.php\/wp-json\/wp\/v2\/media\/1259671"}],"wp:attachment":[{"href":"https:\/\/www.acapulcopress.com\/index.php\/wp-json\/wp\/v2\/media?parent=1259670"}],"wp:term":[{"taxonomy":"category","embeddable":true,"href":"https:\/\/www.acapulcopress.com\/index.php\/wp-json\/wp\/v2\/categories?post=1259670"},{"taxonomy":"post_tag","embeddable":true,"href":"https:\/\/www.acapulcopress.com\/index.php\/wp-json\/wp\/v2\/tags?post=1259670"}],"curies":[{"name":"wp","href":"https:\/\/api.w.org\/{rel}","templated":true}]}}