{"id":1259678,"date":"2025-08-15T19:06:50","date_gmt":"2025-08-16T01:06:50","guid":{"rendered":"https:\/\/www.acapulcopress.com\/?p=1259678"},"modified":"2025-08-15T19:10:12","modified_gmt":"2025-08-16T01:10:12","slug":"mis-guerrero-2025-en-custodia-de-fgr-por-posesion-de-arma","status":"publish","type":"post","link":"https:\/\/www.acapulcopress.com\/index.php\/2025\/08\/15\/mis-guerrero-2025-en-custodia-de-fgr-por-posesion-de-arma\/","title":{"rendered":"Detuvieron a Miss Guerrero 2025 con un arma del Ej\u00e9rcito"},"content":{"rendered":"<p>ACAPULCO * 15 de agosto 2025<br \/>\n<em>) Especial<\/em><br \/>\nLa acapulque\u00f1a <strong>Isadora Lagos<\/strong>, \u00abMiss Guerrero 2025\u00bb, fue detenida\u00a0la noche del jueves por agentes federales en un operativo <a href=\"https:\/\/www.acapulcopress.com\/wp-content\/uploads\/2025\/08\/MISS-GUERRERO-Isadora-Lagos.jpg\"><img loading=\"lazy\" decoding=\"async\" class=\"alignleft wp-image-1259680 size-cmsmasters-square-thumb\" src=\"https:\/\/www.acapulcopress.com\/wp-content\/uploads\/2025\/08\/MISS-GUERRERO-Isadora-Lagos-360x360.jpg\" alt=\"\" width=\"360\" height=\"360\" srcset=\"https:\/\/www.acapulcopress.com\/wp-content\/uploads\/2025\/08\/MISS-GUERRERO-Isadora-Lagos-360x360.jpg 360w, https:\/\/www.acapulcopress.com\/wp-content\/uploads\/2025\/08\/MISS-GUERRERO-Isadora-Lagos-150x150.jpg 150w, https:\/\/www.acapulcopress.com\/wp-content\/uploads\/2025\/08\/MISS-GUERRERO-Isadora-Lagos-70x70.jpg 70w\" sizes=\"auto, (max-width: 360px) 100vw, 360px\" \/><\/a>implementado en la Caseta de La Venta de la <em>Autopista del Sol<\/em> y fue remitida a la delegaci\u00f3n de la<em> Fiscal\u00eda General de la Rep\u00fablica (FGR)<\/em> de Acapulco por la portaci\u00f3n de una arma de fuego de uso exclusivo del Ej\u00e9rcito.<\/p>\n<p>La noticia fue oficialmente publicada por las p\u00e1ginas <a href=\"https:\/\/www.facebook.com\/MissMexicoNews\" target=\"_blank\" rel=\"noopener\"><em>Miss M\u00e9xico News<\/em><\/a>,y <a href=\"https:\/\/www.instagram.com\/missmexicoorg\/p\/DH7BsHSvS1T\" target=\"_blank\" rel=\"noopener\"><em>Miss M\u00e9xico.org<\/em><\/a>, sitios oficiales del certemen de belleza nacional.<\/p>\n<p>Si situaci\u00f3n jur\u00eddica de Isadora Lagos se definir\u00e1\u00a0 en las pr\u00f3ximas 48 horas.<\/p>\n<p class=\"c-paragraph\">La modelo de 25 a\u00f1os de edad y licenciada en Derecho y estudiante de Gastronom\u00eda viajaba acompa\u00f1ada de su escolta en una camioneta <em>Dodge Durango, <\/em>color blanca, con placas del estado de Morelos.<\/p>\n<p>Durante la revisi\u00f3nle del veh\u00edculo, en la cajuela le fue encontrada una arma de fuego, cuya posesi\u00f3n no pudo ser acreditada, y cartuchos \u00fatiles, lo que bast\u00f3 para ser remitida a custodia de la FGR en Acapulco.<\/p>\n<p>La reina de belleza guerrerenses es licenciada en Derecho y estudiante de Gastronom\u00eda. Este a\u00f1o se preparaba para competir en Miss M\u00e9xico 2025.<\/p>\n<p>) ACAPULCO PRESS | <a href=\"https:\/\/www.facebook.com\/Steparious\/\" target=\"_blank\" rel=\"noopener\">fb.me\/steparious<\/a><\/p>\n","protected":false},"excerpt":{"rendered":"<p>La acapulque\u00f1a Isadora Lagos, \u00abMiss Guerrero 2025\u00bb, fue detenida\u00a0la noche del jueves por agentes federales en un operativo<br \/>\nimplementado en la Caseta de La Venta de la Autopista del Sol en posesi\u00f3n de una arma de fuego del Ej\u00e9rcito.\u00a0<\/p>\n","protected":false},"author":1,"featured_media":1259681,"comment_status":"closed","ping_status":"open","sticky":false,"template":"","format":"standard","meta":{"footnotes":""},"categories":[1988,1992],"tags":[18698,18697,18699,18700],"class_list":["post-1259678","post","type-post","status-publish","format-standard","has-post-thumbnail","hentry","category-lifestyles","category-pasarelas","tag-miss-guerrero-2025","tag-isadora-lagos","tag-miss-mexico-news","tag-miss-mexico-org"],"_links":{"self":[{"href":"https:\/\/www.acapulcopress.com\/index.php\/wp-json\/wp\/v2\/posts\/1259678","targetHints":{"allow":["GET"]}}],"collection":[{"href":"https:\/\/www.acapulcopress.com\/index.php\/wp-json\/wp\/v2\/posts"}],"about":[{"href":"https:\/\/www.acapulcopress.com\/index.php\/wp-json\/wp\/v2\/types\/post"}],"author":[{"embeddable":true,"href":"https:\/\/www.acapulcopress.com\/index.php\/wp-json\/wp\/v2\/users\/1"}],"replies":[{"embeddable":true,"href":"https:\/\/www.acapulcopress.com\/index.php\/wp-json\/wp\/v2\/comments?post=1259678"}],"version-history":[{"count":5,"href":"https:\/\/www.acapulcopress.com\/index.php\/wp-json\/wp\/v2\/posts\/1259678\/revisions"}],"predecessor-version":[{"id":1259686,"href":"https:\/\/www.acapulcopress.com\/index.php\/wp-json\/wp\/v2\/posts\/1259678\/revisions\/1259686"}],"wp:featuredmedia":[{"embeddable":true,"href":"https:\/\/www.acapulcopress.com\/index.php\/wp-json\/wp\/v2\/media\/1259681"}],"wp:attachment":[{"href":"https:\/\/www.acapulcopress.com\/index.php\/wp-json\/wp\/v2\/media?parent=1259678"}],"wp:term":[{"taxonomy":"category","embeddable":true,"href":"https:\/\/www.acapulcopress.com\/index.php\/wp-json\/wp\/v2\/categories?post=1259678"},{"taxonomy":"post_tag","embeddable":true,"href":"https:\/\/www.acapulcopress.com\/index.php\/wp-json\/wp\/v2\/tags?post=1259678"}],"curies":[{"name":"wp","href":"https:\/\/api.w.org\/{rel}","templated":true}]}}