{"id":1259710,"date":"2025-08-18T19:30:52","date_gmt":"2025-08-19T01:30:52","guid":{"rendered":"https:\/\/www.acapulcopress.com\/?p=1259710"},"modified":"2025-08-18T19:30:52","modified_gmt":"2025-08-19T01:30:52","slug":"evelyn-salgado-asistio-a-toma-de-posesion-de-nuevo-comandante-de-27-zona-militar","status":"publish","type":"post","link":"https:\/\/www.acapulcopress.com\/index.php\/2025\/08\/18\/evelyn-salgado-asistio-a-toma-de-posesion-de-nuevo-comandante-de-27-zona-militar\/","title":{"rendered":"Evelyn Salgado asisti\u00f3 a toma de posesi\u00f3n de nuevo comandante de 27 Zona Militar"},"content":{"rendered":"<p>CHILPANCINGO * 18 de agosto 2025<br \/>\n<em>) Gobierno de Guerrero<\/em><br \/>\nAl asistir a la ceremonia de toma de posesi\u00f3n de <strong>Antonio Melchor Ru\u00edz<\/strong>, como comandante de la 27 Zona Militar, la gobernadora <strong>Evelyn <a href=\"https:\/\/www.acapulcopress.com\/wp-content\/uploads\/2025\/08\/TOMA-DE-PROTESTA3.jpg\"><img loading=\"lazy\" decoding=\"async\" class=\"alignleft wp-image-1259713 size-cmsmasters-square-thumb\" src=\"https:\/\/www.acapulcopress.com\/wp-content\/uploads\/2025\/08\/TOMA-DE-PROTESTA3-360x360.jpg\" alt=\"\" width=\"360\" height=\"360\" srcset=\"https:\/\/www.acapulcopress.com\/wp-content\/uploads\/2025\/08\/TOMA-DE-PROTESTA3-360x360.jpg 360w, https:\/\/www.acapulcopress.com\/wp-content\/uploads\/2025\/08\/TOMA-DE-PROTESTA3-150x150.jpg 150w, https:\/\/www.acapulcopress.com\/wp-content\/uploads\/2025\/08\/TOMA-DE-PROTESTA3-70x70.jpg 70w\" sizes=\"auto, (max-width: 360px) 100vw, 360px\" \/><\/a>Salgado Pineda<\/strong> reconoci\u00f3 al Ej\u00e9rcito Mexicano como una instituci\u00f3n fundamental en la historia del pa\u00eds, que, con disciplina, lealtad, vocaci\u00f3n de servicio y amor a la Patria, defiende la soberan\u00eda y que ha estado siempre presente en los momentos m\u00e1s decisivos para M\u00e9xico y Guerrero.<\/p>\n<p>\u201cEn nuestro estado, la presencia del Ej\u00e9rcito, ha significado seguridad, acompa\u00f1amiento y apoyo en cada emergencia, lo hemos vivido en las contingencias naturales, en las labores de reconstrucci\u00f3n y por supuesto, en los operativos de seguridad. En cada circunstancia, el Ej\u00e9rcito ha respondido con firmeza y con solidaridad, gan\u00e1ndose la confianza y el reconocimiento de las familias guerrerenses\u201d, expres\u00f3 la jefa del Ejecutivo estatal.<\/p>\n<p>En el evento que se realiz\u00f3 en las instalaciones de la Base A\u00e9rea Militar N\u00famero 7, en Pie de la Cuesta, la gobernadora expres\u00f3 su respaldo, coordinaci\u00f3n y compromiso, para trabajar de la mano con las autoridades de los diversos \u00f3rdenes de gobierno, con el firme prop\u00f3sito de garantizar la seguridad y tranquilidad de las familias.<\/p>\n<p>\u201cA partir de hoy, se abre una nueva etapa que habremos de transitar juntas y juntos, con la certeza de que la misi\u00f3n es com\u00fan, proteger, servir y honrar al pueblo de Guerrero. La seguridad y la paz, no son tareas aisladas, son responsabilidades compartidas. Por ello, reiteramos <a href=\"https:\/\/www.acapulcopress.com\/wp-content\/uploads\/2025\/08\/TOMA-DE-PROTESTA4.jpg\"><img loading=\"lazy\" decoding=\"async\" class=\"alignleft wp-image-1259714 size-cmsmasters-square-thumb\" src=\"https:\/\/www.acapulcopress.com\/wp-content\/uploads\/2025\/08\/TOMA-DE-PROTESTA4-360x360.jpg\" alt=\"\" width=\"360\" height=\"360\" srcset=\"https:\/\/www.acapulcopress.com\/wp-content\/uploads\/2025\/08\/TOMA-DE-PROTESTA4-360x360.jpg 360w, https:\/\/www.acapulcopress.com\/wp-content\/uploads\/2025\/08\/TOMA-DE-PROTESTA4-150x150.jpg 150w, https:\/\/www.acapulcopress.com\/wp-content\/uploads\/2025\/08\/TOMA-DE-PROTESTA4-70x70.jpg 70w\" sizes=\"auto, (max-width: 360px) 100vw, 360px\" \/><\/a>nuestro compromiso de seguir trabajando de la mano con las Fuerzas Armadas, con las autoridades federales, municipales y con la sociedad en su conjunto, s\u00f3lo as\u00ed podremos atender las causas, responder a las necesidades reales y garantizar un Guerrero con justicia, bienestar y tranquilidad\u201d, a\u00f1adi\u00f3.<\/p>\n<p>En la ceremonia, el comandante de la Novena Regi\u00f3n Militar, Ernesto Jos\u00e9 Zapata P\u00e9rez tom\u00f3 protesta al nuevo comandante, se llev\u00f3 a cabo la lectura de la Orden Extraordinaria y se realizaron los actos protocolarios correspondientes.<\/p>\n<p>El comandante Antonio Melchor Ru\u00edz, naci\u00f3 el 8 de enero de 1966, en Tehuac\u00e1n, Puebla; inici\u00f3 sus estudios en el Heroico Colegio Militar en septiembre de 1982. Actualmente ostenta el cargo de General de Brigada de Estado Mayor. Como parte de su preparaci\u00f3n acad\u00e9mica, realiz\u00f3 diversos cursos como el de Formaci\u00f3n de Oficiales, en el Heroico Colegio Militar; de Paracaidistas, en la Brigada de Fusileros Paracaidistas, as\u00ed como el de Aplicaci\u00f3n de las Armas y de los Servicios.<\/p>\n<p>Melchor Ruiz tambi\u00e9n curs\u00f3 la Licenciatura en Administraci\u00f3n Militar en la Escuela Superior de Guerra y la Maestr\u00eda en Administraci\u00f3n Militar para la Seguridad Interior y Defensa Nacional en el Colegio de Defensa Nacional.<\/p>\n<p>Como parte de su desempe\u00f1o, fue comandante de Secci\u00f3n y de Compa\u00f1\u00eda en el 50 Batall\u00f3n de Infanter\u00eda en Chilpancingo; comandante de Compa\u00f1\u00eda en el 17 Batall\u00f3n de Infanter\u00eda en Atasta, Tabasco; comandante del 93 Batall\u00f3n de Infanter\u00eda, en Tlapa de Comonfort; comandante del 14 Batall\u00f3n de Infanter\u00eda, en Guadalajara, Jalisco; Jefe de Estado Mayor en la Segunda Brigada de Polic\u00eda Militar, en Santa Luc\u00eda, Estado de M\u00e9xico, s\u00f3lo por mencionar algunos.<\/p>\n<p>Asistieron a este evento la presidenta municipal de Acapulco, Abelina L\u00f3pez Rodr\u00edguez; el diputado local y presidente de la Mesa Directiva del Congreso del Estado de Guerrero, Jes\u00fas Parra Garc\u00eda; el presidente del Tribunal Superior de Justicia del estado, Ricardo Salinas Sandoval; el coordinador estatal de la Guardia Nacional en Guerrero, \u00d3scar Garc\u00eda Ponce de Le\u00f3n; el comandante del Mando Especial de la Guardia Nacional Acapulco, Miguel \u00c1ngel Arag\u00f3n V\u00e1zquez; el inspector de la Octava Regi\u00f3n Naval, Jes\u00fas Pineda Flores; el subjefe de Estado Mayor de la B.A.M. 7, Rogelio Guti\u00e9rrez Hern\u00e1ndez, as\u00ed como autoridades civiles de los diferentes \u00f3rdenes de gobierno.<\/p>\n<p><em>) ACAPULCO PRESS | <a href=\"https:\/\/www.facebook.com\/Steparious\/\" target=\"_blank\" rel=\"noopener\">fb.me\/steparious<\/a><\/em><\/p>\n","protected":false},"excerpt":{"rendered":"<p>CHILPANCINGO * 18 de agosto 2025 ) Gobierno de Guerrero Al asistir a la ceremonia de toma de posesi\u00f3n de Antonio Melchor Ru\u00edz, como comandante de la 27 Zona Militar, la gobernadora Evelyn Salgado Pineda reconoci\u00f3 al Ej\u00e9rcito Mexicano como una instituci\u00f3n fundamental en la historia del pa\u00eds, que, con disciplina, lealtad, vocaci\u00f3n de servicio&#8230;<\/p>\n","protected":false},"author":1,"featured_media":1259712,"comment_status":"closed","ping_status":"open","sticky":false,"template":"","format":"standard","meta":{"footnotes":""},"categories":[1980,1983],"tags":[2988,18704,8251],"class_list":["post-1259710","post","type-post","status-publish","format-standard","has-post-thumbnail","hentry","category-goverment-2","category-guerrerogob","tag-27-zona-militar","tag-antonio-melchor-ruiz","tag-evelyn-salgado-pineda"],"_links":{"self":[{"href":"https:\/\/www.acapulcopress.com\/index.php\/wp-json\/wp\/v2\/posts\/1259710","targetHints":{"allow":["GET"]}}],"collection":[{"href":"https:\/\/www.acapulcopress.com\/index.php\/wp-json\/wp\/v2\/posts"}],"about":[{"href":"https:\/\/www.acapulcopress.com\/index.php\/wp-json\/wp\/v2\/types\/post"}],"author":[{"embeddable":true,"href":"https:\/\/www.acapulcopress.com\/index.php\/wp-json\/wp\/v2\/users\/1"}],"replies":[{"embeddable":true,"href":"https:\/\/www.acapulcopress.com\/index.php\/wp-json\/wp\/v2\/comments?post=1259710"}],"version-history":[{"count":1,"href":"https:\/\/www.acapulcopress.com\/index.php\/wp-json\/wp\/v2\/posts\/1259710\/revisions"}],"predecessor-version":[{"id":1259716,"href":"https:\/\/www.acapulcopress.com\/index.php\/wp-json\/wp\/v2\/posts\/1259710\/revisions\/1259716"}],"wp:featuredmedia":[{"embeddable":true,"href":"https:\/\/www.acapulcopress.com\/index.php\/wp-json\/wp\/v2\/media\/1259712"}],"wp:attachment":[{"href":"https:\/\/www.acapulcopress.com\/index.php\/wp-json\/wp\/v2\/media?parent=1259710"}],"wp:term":[{"taxonomy":"category","embeddable":true,"href":"https:\/\/www.acapulcopress.com\/index.php\/wp-json\/wp\/v2\/categories?post=1259710"},{"taxonomy":"post_tag","embeddable":true,"href":"https:\/\/www.acapulcopress.com\/index.php\/wp-json\/wp\/v2\/tags?post=1259710"}],"curies":[{"name":"wp","href":"https:\/\/api.w.org\/{rel}","templated":true}]}}