{"id":1259728,"date":"2025-08-19T19:31:42","date_gmt":"2025-08-20T01:31:42","guid":{"rendered":"https:\/\/www.acapulcopress.com\/?p=1259728"},"modified":"2025-08-19T19:31:42","modified_gmt":"2025-08-20T01:31:42","slug":"convencion-minera-y-de-gobernadores","status":"publish","type":"post","link":"https:\/\/www.acapulcopress.com\/index.php\/2025\/08\/19\/convencion-minera-y-de-gobernadores\/","title":{"rendered":"Convencion Minera y de gobernadores"},"content":{"rendered":"<p>Tercera V\u00eda<br \/>\n\u00bb <a href=\"https:\/\/www.facebook.com\/profile.php?id=100029214670744\" target=\"_blank\" rel=\"noopener\"><strong>ERNESTO<\/strong> | <strong>RIVERA RODR\u00cdGUEZ<\/strong><\/a><\/p>\n<p>En la 36 Convenci\u00f3n Internacional de Mineria a realizarse en Acapulco del 19 al 22 de noviembre pr\u00f3ximo reunir\u00e1 cerca de 12 mil participantes, y se espera la participaci\u00f3n representativa de 18 pa\u00edses, espacio donde igualmente se realizar\u00e1 la \u00abCumbre\u00bb de Gobernadores, en los que participan los siete estados mineros del pa\u00eds: Sonora, Zacatecas, Coahuila, Durango, Guerrero, Chihuahua y San Luis Potos\u00ed, para generar acuerdos y poner en marcha nuevas estrategias en favor del sector minero nacional.<\/p>\n<p>La gobernadora Evelyn Cesia Salgado Pineda al asistir a la reuni\u00f3n preparatoria con los integrantes del Comit\u00e9 Organizador de la 36 Convencion Internacional de Miner\u00eda, la primera ejecutiva del estado, aport\u00f3 todas las facilidades como estrategias de seguridad y log\u00edstica de organizaci\u00f3n para tal evento que se presume dejar\u00e1 una derrama de 200 millones de pesos, as\u00ed c\u00f3mo la ocupaci\u00f3n de m\u00e1s de 2 mil habitaciones.<\/p>\n<p>Ruben del Pozo Mendoza, presidente del Consejo Directivo Nacional de la Asociaci\u00f3n de Ingenirros de Minas, Metalurgistas, y Geol\u00f3gos de M\u00e9xico, agradeci\u00f3 al gobierno de Guerrero ante la realizaci\u00f3n de este evento en Acapulco.<\/p>\n<p>Guerrero es una regi\u00f3n minera en la parte meridional de M\u00e9xico, atravesada por la Sierra Madre del Sur, al norte por el Eje Volc\u00e1nico Transversal y, al sur, por el oc\u00e9ano Pac\u00edfico; abarca un \u00e1rea geogr\u00e1fica con gran distorsi\u00f3n tectonica y erogenica en la que predominan los derrames volc\u00e1nicos.<\/p>\n<p>Las mineralizaciones m\u00e1s importantes son las de hierro como en el caso de las Truchas, entre Guerrero y Michoacan; las de cobre, en la depresi\u00f3n del Balsas, y las de Inguaran, entre Guerrero y Michoacan; las de oro, oro-cobre, oro-plata, plomo-plata en el Estado de M\u00e9xico y Guerrero, en la regi\u00f3n que comprende Zacualpa, Sultepec y Taxco.<\/p>\n<p>Las de oro-plata-cobre y zinc en la regi\u00f3n Mezcala centro, donde operan las tres mineras de inter\u00e9s: Pe\u00f1oles, Media Luna y Los Filos. Los estudios del Servicio Geol\u00f3gico Mexicano (sgm) han clasificado el territorio estatal en 12 regiones mineras considerando la concentraci\u00f3n de minerales que hacen costeable su explotaci\u00f3n. Tal cual sucede en Guerrero.<br \/>\n<em>) ACAPULCO PRESS |<a href=\"https:\/\/www.facebook.com\/Steparious\/\" target=\"_blank\" rel=\"noopener\"> fb.me\/steparious<\/a><\/em><\/p>\n","protected":false},"excerpt":{"rendered":"<p>Tercera V\u00eda \u00bb ERNESTO | RIVERA RODR\u00cdGUEZ En la 36 Convenci\u00f3n Internacional de Mineria a realizarse en Acapulco del 19 al 22 de noviembre pr\u00f3ximo reunir\u00e1 cerca de 12 mil participantes, y se espera la participaci\u00f3n representativa de 18 pa\u00edses, espacio donde igualmente se realizar\u00e1 la \u00abCumbre\u00bb de Gobernadores, en los que participan los siete&#8230;<\/p>\n","protected":false},"author":1,"featured_media":1259729,"comment_status":"closed","ping_status":"open","sticky":false,"template":"","format":"standard","meta":{"footnotes":""},"categories":[2071,1991],"tags":[8065,17071],"class_list":["post-1259728","post","type-post","status-publish","format-standard","has-post-thumbnail","hentry","category-opinion-analisis-columnas","category-libertad-de-expresion","tag-ernesto-rodriguez-rivera","tag-tercera-via"],"_links":{"self":[{"href":"https:\/\/www.acapulcopress.com\/index.php\/wp-json\/wp\/v2\/posts\/1259728","targetHints":{"allow":["GET"]}}],"collection":[{"href":"https:\/\/www.acapulcopress.com\/index.php\/wp-json\/wp\/v2\/posts"}],"about":[{"href":"https:\/\/www.acapulcopress.com\/index.php\/wp-json\/wp\/v2\/types\/post"}],"author":[{"embeddable":true,"href":"https:\/\/www.acapulcopress.com\/index.php\/wp-json\/wp\/v2\/users\/1"}],"replies":[{"embeddable":true,"href":"https:\/\/www.acapulcopress.com\/index.php\/wp-json\/wp\/v2\/comments?post=1259728"}],"version-history":[{"count":1,"href":"https:\/\/www.acapulcopress.com\/index.php\/wp-json\/wp\/v2\/posts\/1259728\/revisions"}],"predecessor-version":[{"id":1259730,"href":"https:\/\/www.acapulcopress.com\/index.php\/wp-json\/wp\/v2\/posts\/1259728\/revisions\/1259730"}],"wp:featuredmedia":[{"embeddable":true,"href":"https:\/\/www.acapulcopress.com\/index.php\/wp-json\/wp\/v2\/media\/1259729"}],"wp:attachment":[{"href":"https:\/\/www.acapulcopress.com\/index.php\/wp-json\/wp\/v2\/media?parent=1259728"}],"wp:term":[{"taxonomy":"category","embeddable":true,"href":"https:\/\/www.acapulcopress.com\/index.php\/wp-json\/wp\/v2\/categories?post=1259728"},{"taxonomy":"post_tag","embeddable":true,"href":"https:\/\/www.acapulcopress.com\/index.php\/wp-json\/wp\/v2\/tags?post=1259728"}],"curies":[{"name":"wp","href":"https:\/\/api.w.org\/{rel}","templated":true}]}}