{"id":1259731,"date":"2025-08-19T19:59:17","date_gmt":"2025-08-20T01:59:17","guid":{"rendered":"https:\/\/www.acapulcopress.com\/?p=1259731"},"modified":"2025-08-19T20:01:08","modified_gmt":"2025-08-20T02:01:08","slug":"evelyn-salgado-participo-en-reunion-de-gabinete-de-seguridad-nacional-con-sheinbaum","status":"publish","type":"post","link":"https:\/\/www.acapulcopress.com\/index.php\/2025\/08\/19\/evelyn-salgado-participo-en-reunion-de-gabinete-de-seguridad-nacional-con-sheinbaum\/","title":{"rendered":"Evelyn Salgado particip\u00f3 en reuni\u00f3n de Gabinete de Seguridad Nacional con Sheinbaum"},"content":{"rendered":"<p>CIUDAD DE M\u00c9XICO * 19 de agosto 2025<br \/>\n<em>) Gobierno de Guerrero\u00a0<\/em><br \/>\nPara seguir fortaleciendo la coordinaci\u00f3n para la construcci\u00f3n de un estado m\u00e1s seguro, la gobernadora <strong>Evelyn Salgado Pineda<\/strong> particip\u00f3 <a href=\"https:\/\/www.acapulcopress.com\/wp-content\/uploads\/2025\/08\/EVELYN-SEGURIDAD4.jpg\"><img loading=\"lazy\" decoding=\"async\" class=\"alignleft wp-image-1259735\" src=\"https:\/\/www.acapulcopress.com\/wp-content\/uploads\/2025\/08\/EVELYN-SEGURIDAD4-501x420.jpg\" alt=\"\" width=\"350\" height=\"439\" srcset=\"https:\/\/www.acapulcopress.com\/wp-content\/uploads\/2025\/08\/EVELYN-SEGURIDAD4-300x377.jpg 300w, https:\/\/www.acapulcopress.com\/wp-content\/uploads\/2025\/08\/EVELYN-SEGURIDAD4.jpg 501w\" sizes=\"auto, (max-width: 350px) 100vw, 350px\" \/><\/a>este martes en la reuni\u00f3n del Gabinete de Seguridad Nacional, encabezada por la presidenta de M\u00e9xico, <strong>Claudia Sheinbaum Pardo<\/strong>, en Palacio Nacional.<\/p>\n<p>En este encuentro se evaluaron los avances de la estrategia nacional de seguridad y se fortalecieron los mecanismos de coordinaci\u00f3n entre la federaci\u00f3n y los gobiernos estatales, con el prop\u00f3sito de seguir garantizando la paz y la tranquilidad de las familias mexicanas.<\/p>\n<p>La mandataria guerrerense reconoci\u00f3 el apoyo permanente del Gobierno de M\u00e9xico para atender de manera conjunta los retos en materia de seguridad, y refrend\u00f3 su compromiso de trabajar con responsabilidad y firmeza en la ruta de la pacificaci\u00f3n en las ocho regiones del estado.<\/p>\n<p>\u201cCon el respaldo de la presidenta Claudia Sheinbaum y la colaboraci\u00f3n de las instituciones federales, en Guerrero avanzamos en la construcci\u00f3n de un estado m\u00e1s seguro, donde la prioridad es siempre la protecci\u00f3n de las familias\u201d, se\u00f1al\u00f3 Evelyn Salgado.<\/p>\n<p>El gobierno del estado de Guerrero ratifica as\u00ed su compromiso de mantener una coordinaci\u00f3n estrecha con la federaci\u00f3n y los municipios, para fortalecer las acciones de prevenci\u00f3n, proximidad social y procuraci\u00f3n de justicia que contribuyan a la paz duradera en la entidad.<\/p>\n<p><a href=\"https:\/\/www.acapulcopress.com\/wp-content\/uploads\/2025\/08\/EVELYN-SEGURIDAD2.jpg\"><img loading=\"lazy\" decoding=\"async\" class=\"alignnone wp-image-1259733 size-full\" src=\"https:\/\/www.acapulcopress.com\/wp-content\/uploads\/2025\/08\/EVELYN-SEGURIDAD2.jpg\" alt=\"\" width=\"1280\" height=\"922\" srcset=\"https:\/\/www.acapulcopress.com\/wp-content\/uploads\/2025\/08\/EVELYN-SEGURIDAD2.jpg 1280w, https:\/\/www.acapulcopress.com\/wp-content\/uploads\/2025\/08\/EVELYN-SEGURIDAD2-300x216.jpg 300w, https:\/\/www.acapulcopress.com\/wp-content\/uploads\/2025\/08\/EVELYN-SEGURIDAD2-1024x738.jpg 1024w, https:\/\/www.acapulcopress.com\/wp-content\/uploads\/2025\/08\/EVELYN-SEGURIDAD2-768x553.jpg 768w, https:\/\/www.acapulcopress.com\/wp-content\/uploads\/2025\/08\/EVELYN-SEGURIDAD2-580x418.jpg 580w, https:\/\/www.acapulcopress.com\/wp-content\/uploads\/2025\/08\/EVELYN-SEGURIDAD2-860x619.jpg 860w, https:\/\/www.acapulcopress.com\/wp-content\/uploads\/2025\/08\/EVELYN-SEGURIDAD2-1160x836.jpg 1160w\" sizes=\"auto, (max-width: 1280px) 100vw, 1280px\" \/><\/a> <a href=\"https:\/\/www.acapulcopress.com\/wp-content\/uploads\/2025\/08\/EVELYN-SEGURIDAD3.jpg\"><img loading=\"lazy\" decoding=\"async\" class=\"alignnone wp-image-1259734 size-full\" src=\"https:\/\/www.acapulcopress.com\/wp-content\/uploads\/2025\/08\/EVELYN-SEGURIDAD3.jpg\" alt=\"\" width=\"1280\" height=\"852\" srcset=\"https:\/\/www.acapulcopress.com\/wp-content\/uploads\/2025\/08\/EVELYN-SEGURIDAD3.jpg 1280w, https:\/\/www.acapulcopress.com\/wp-content\/uploads\/2025\/08\/EVELYN-SEGURIDAD3-300x200.jpg 300w, https:\/\/www.acapulcopress.com\/wp-content\/uploads\/2025\/08\/EVELYN-SEGURIDAD3-1024x682.jpg 1024w, https:\/\/www.acapulcopress.com\/wp-content\/uploads\/2025\/08\/EVELYN-SEGURIDAD3-768x511.jpg 768w, https:\/\/www.acapulcopress.com\/wp-content\/uploads\/2025\/08\/EVELYN-SEGURIDAD3-580x386.jpg 580w, https:\/\/www.acapulcopress.com\/wp-content\/uploads\/2025\/08\/EVELYN-SEGURIDAD3-860x572.jpg 860w, https:\/\/www.acapulcopress.com\/wp-content\/uploads\/2025\/08\/EVELYN-SEGURIDAD3-1160x772.jpg 1160w\" sizes=\"auto, (max-width: 1280px) 100vw, 1280px\" \/><\/a> <a href=\"https:\/\/www.acapulcopress.com\/wp-content\/uploads\/2025\/08\/EVELYN-SEGURIDAD5.jpg\"><img loading=\"lazy\" decoding=\"async\" class=\"alignnone wp-image-1259736 size-full\" src=\"https:\/\/www.acapulcopress.com\/wp-content\/uploads\/2025\/08\/EVELYN-SEGURIDAD5.jpg\" alt=\"\" width=\"853\" height=\"1280\" srcset=\"https:\/\/www.acapulcopress.com\/wp-content\/uploads\/2025\/08\/EVELYN-SEGURIDAD5.jpg 853w, https:\/\/www.acapulcopress.com\/wp-content\/uploads\/2025\/08\/EVELYN-SEGURIDAD5-300x450.jpg 300w, https:\/\/www.acapulcopress.com\/wp-content\/uploads\/2025\/08\/EVELYN-SEGURIDAD5-682x1024.jpg 682w, https:\/\/www.acapulcopress.com\/wp-content\/uploads\/2025\/08\/EVELYN-SEGURIDAD5-768x1152.jpg 768w, https:\/\/www.acapulcopress.com\/wp-content\/uploads\/2025\/08\/EVELYN-SEGURIDAD5-580x870.jpg 580w\" sizes=\"auto, (max-width: 853px) 100vw, 853px\" \/><\/a><\/p>\n<p><em>) ACAPULCO PRESS |<a href=\"https:\/\/www.facebook.com\/Steparious\/\" target=\"_blank\" rel=\"noopener\"> fb.me\/steparious<\/a><\/em><\/p>\n","protected":false},"excerpt":{"rendered":"<p>CIUDAD DE M\u00c9XICO * 19 de agosto 2025 ) Gobierno de Guerrero\u00a0 Para seguir fortaleciendo la coordinaci\u00f3n para la construcci\u00f3n de un estado m\u00e1s seguro, la gobernadora Evelyn Salgado Pineda particip\u00f3 este martes en la reuni\u00f3n del Gabinete de Seguridad Nacional, encabezada por la presidenta de M\u00e9xico, Claudia Sheinbaum Pardo, en Palacio Nacional. En este&#8230;<\/p>\n","protected":false},"author":1,"featured_media":1259737,"comment_status":"closed","ping_status":"open","sticky":false,"template":"","format":"standard","meta":{"footnotes":""},"categories":[1980,1983],"tags":[5853,8251,9046],"class_list":["post-1259731","post","type-post","status-publish","format-standard","has-post-thumbnail","hentry","category-goverment-2","category-guerrerogob","tag-claudia-sheinbaum-pardo","tag-evelyn-salgado-pineda","tag-gabinete-de-seguridad-nacional"],"_links":{"self":[{"href":"https:\/\/www.acapulcopress.com\/index.php\/wp-json\/wp\/v2\/posts\/1259731","targetHints":{"allow":["GET"]}}],"collection":[{"href":"https:\/\/www.acapulcopress.com\/index.php\/wp-json\/wp\/v2\/posts"}],"about":[{"href":"https:\/\/www.acapulcopress.com\/index.php\/wp-json\/wp\/v2\/types\/post"}],"author":[{"embeddable":true,"href":"https:\/\/www.acapulcopress.com\/index.php\/wp-json\/wp\/v2\/users\/1"}],"replies":[{"embeddable":true,"href":"https:\/\/www.acapulcopress.com\/index.php\/wp-json\/wp\/v2\/comments?post=1259731"}],"version-history":[{"count":3,"href":"https:\/\/www.acapulcopress.com\/index.php\/wp-json\/wp\/v2\/posts\/1259731\/revisions"}],"predecessor-version":[{"id":1259740,"href":"https:\/\/www.acapulcopress.com\/index.php\/wp-json\/wp\/v2\/posts\/1259731\/revisions\/1259740"}],"wp:featuredmedia":[{"embeddable":true,"href":"https:\/\/www.acapulcopress.com\/index.php\/wp-json\/wp\/v2\/media\/1259737"}],"wp:attachment":[{"href":"https:\/\/www.acapulcopress.com\/index.php\/wp-json\/wp\/v2\/media?parent=1259731"}],"wp:term":[{"taxonomy":"category","embeddable":true,"href":"https:\/\/www.acapulcopress.com\/index.php\/wp-json\/wp\/v2\/categories?post=1259731"},{"taxonomy":"post_tag","embeddable":true,"href":"https:\/\/www.acapulcopress.com\/index.php\/wp-json\/wp\/v2\/tags?post=1259731"}],"curies":[{"name":"wp","href":"https:\/\/api.w.org\/{rel}","templated":true}]}}