{"id":1259741,"date":"2025-08-19T20:26:07","date_gmt":"2025-08-20T02:26:07","guid":{"rendered":"https:\/\/www.acapulcopress.com\/?p=1259741"},"modified":"2025-08-19T20:42:35","modified_gmt":"2025-08-20T02:42:35","slug":"ejecutan-a-ernesto-barajas-vocalista-de-enigma-norteno","status":"publish","type":"post","link":"https:\/\/www.acapulcopress.com\/index.php\/2025\/08\/19\/ejecutan-a-ernesto-barajas-vocalista-de-enigma-norteno\/","title":{"rendered":"Ejecutan a Ernesto Barajas, vocalista de Enigma Norte\u00f1o"},"content":{"rendered":"<p>GUADALAJARA * 19 de agosto 2025<br \/>\n<em>) <a href=\"https:\/\/www.infobae.com\/mexico\/2025\/08\/19\/muere-ernesto-barajas-vocalista-y-dueno-de-enigma-norteno\/\" target=\"_blank\" rel=\"noopener\">Infobae<\/a><br \/>\n<\/em>A trav\u00e9s de redes sociales se dio a conocer el fallecimiento de <strong>Ernesto Barajas<\/strong>, vocalista y due\u00f1o del grupo <em>Enigma Norte\u00f1o<\/em>. De acuerdo con los primeros reportes, el cantante habr\u00eda sido asesinado en Guadalajara. Al parecer, su muerte estuvo relacionada con un ajuste de cuentas, pues supuestamente habr\u00eda cambiado de residencia tras ser advertido en Culiac\u00e1n.<\/p>\n<p>Los primeros informes indican que los hechos ocurrieron en la colonia Arenales Tapat\u00edos de Zapopan, donde presuntamente dos sujetos a bordo de una motocicleta llegaron y dispararon en contra de dos hombres y una mujer, lo que dio como resultado la muerte de Ernesto Barajas y uno de sus acompa\u00f1antes.<\/p>\n<p>Hasta el momento fuentes cercanas al artista no se han pronunciado al respecto; mientras que en sus redes sociales sus \u00faltimas publicaciones se realizaron hace m\u00e1s de 12 horas.<\/p>\n<p>Sin embargo, Infobae M\u00e9xico pudo confirmar con fuentes estatales que el asesinato del artista ocurri\u00f3 mientras acud\u00eda a una pensi\u00f3n de autom\u00f3viles; uno de sus acompa\u00f1antes tambi\u00e9n perdi\u00f3 la vida y el otro result\u00f3 herido.<\/p>\n<p><strong>* Fue amenazado con narcomanta<\/strong><\/p>\n<p>Cabe recordar que en 2023, el cantante fue amenazado por el Cartel Jalisco Nueva Generaci\u00f3n a trav\u00e9s de una narcomanta, por lo que en ese entonces prefiri\u00f3 mantener un perfil bajo en sus redes sociales.<\/p>\n<p><strong><em>\u201cErnesto Barajas, vocalista de Enigma Norte\u00f1o, deja de sentirte protegido por las hermanas Aquiles y Rana, aqu\u00ed no vas a venir a cantar corridos de tu bandera. La Baja tiene due\u00f1o. Atte CJNG\u201d.<\/em><\/strong><\/p>\n<p>A ra\u00edz de la advertencia, la agrupaci\u00f3n cancel\u00f3 la presentaci\u00f3n que ten\u00eda programada en la Feria de Rosarito 2023 en Baja California. A trav\u00e9s de un comunicado, explicaron que la decisi\u00f3n se deb\u00eda a una recomendaci\u00f3n por parte de autoridades y organizadores.<\/p>\n<p>Aunque no existe confirmaci\u00f3n sobre la autenticidad de las acusaciones y el cantante prefiri\u00f3 permanecer en silencio ante el tema. El mensaje de la manta menciona que el vocalista supuestamente contar\u00eda con protecci\u00f3n de Alfonso Arzate Garc\u00eda, \u201cEl Aquiles\u201d, y Ren\u00e9 Arzate Garc\u00eda, conocido como \u201cLa Rana\u201d, ambos se\u00f1alados como presuntos miembros de una organizaci\u00f3n delictiva ligada al C\u00e1rtel de Sinaloa.<\/p>\n<p><strong>* Qui\u00e9n era Ernesto Barajas<\/strong><\/p>\n<p>Nacido en Culiac\u00e1n, Sinaloa, el cantante se consolid\u00f3 como una figura central del g\u00e9nero regional mexicano por su voz y destreza con el bajo, as\u00ed como su papel como productor y director de <em>Enigma Norte\u00f1o<\/em>, agrupaci\u00f3n fundada en 2004.<\/p>\n<p>Con apenas con seis a\u00f1os, la banda logr\u00f3 una presencia significativa en Estados Unidos, donde sus temas alcanzaron notoriedad en diversas estaciones de radio.<\/p>\n<p>El repertorio de Enigma Norte\u00f1o incluye t\u00edtulos como Mayito Gordo, Los lujos del R, Quem\u00e1ndose un Gallito (El Rambo), Chavo F\u00e9lix y El Ondeado, canciones que influyeron en la popularidad del grupo, pero que tambi\u00e9n lo situaron en una posici\u00f3n vulnerable frente a los intereses de organizaciones criminales.<\/p>\n<p>Cabe recordar que el propio Barajas declar\u00f3 en varias ocasiones que no mantiene v\u00ednculos con ning\u00fan grupo delictivo, aunque reconoci\u00f3 que en algunas ocasiones le solicitaron componer corridos a su medida.<\/p>\n<p>Adem\u00e1s de la m\u00fasica, lleg\u00f3 a conducir el p\u00f3dcast Puntos de vista, donde entrevist\u00f3 a figuras del g\u00e9nero como Tano Elizalde (primo de Valent\u00edn Elizalde, conocido como \u201cEl Gallo de Oro\u201d y se\u00f1alado de supuesta traici\u00f3n en el asesinato del cantante), as\u00ed como a Chuy Montana, Gabito Ballesteros, Eduin Caz, Marca Registrada, Roberto Tapia y Grupo Arriesgado.<\/p>\n<p>Mientras que en Instagram continuamente compart\u00eda im\u00e1genes junto a su familia, autom\u00f3viles de lujo, celebraciones, viajes y fragmentos de conciertos, adem\u00e1s de manifestar su afici\u00f3n por el club de f\u00fatbol <em>Las Chivas<\/em>.<\/p>\n<p><a href=\"https:\/\/www.acapulcopress.com\/wp-content\/uploads\/2025\/08\/ENIGMA-NORTENO.jpg\"><img loading=\"lazy\" decoding=\"async\" class=\"alignleft size-full wp-image-1259742\" src=\"https:\/\/www.acapulcopress.com\/wp-content\/uploads\/2025\/08\/ENIGMA-NORTENO.jpg\" alt=\"\" width=\"992\" height=\"558\" srcset=\"https:\/\/www.acapulcopress.com\/wp-content\/uploads\/2025\/08\/ENIGMA-NORTENO.jpg 992w, https:\/\/www.acapulcopress.com\/wp-content\/uploads\/2025\/08\/ENIGMA-NORTENO-300x169.jpg 300w, https:\/\/www.acapulcopress.com\/wp-content\/uploads\/2025\/08\/ENIGMA-NORTENO-768x432.jpg 768w, https:\/\/www.acapulcopress.com\/wp-content\/uploads\/2025\/08\/ENIGMA-NORTENO-580x326.jpg 580w, https:\/\/www.acapulcopress.com\/wp-content\/uploads\/2025\/08\/ENIGMA-NORTENO-860x484.jpg 860w\" sizes=\"auto, (max-width: 992px) 100vw, 992px\" \/><\/a><\/p>\n<p><em>) ACAPULCO PRESS |<a href=\"https:\/\/www.facebook.com\/Steparious\/\" target=\"_blank\" rel=\"noopener\"> fb.me\/steparious<\/a><\/em><\/p>\n","protected":false},"excerpt":{"rendered":"<p>A trav\u00e9s de redes sociales se dio a conocer el fallecimiento de Ernesto Barajas, vocalista y due\u00f1o del grupo Enigma Norte\u00f1o. De acuerdo con los primeros reportes, el cantante habr\u00eda sido asesinado en Guadalajara. Al parecer, su muerte estuvo relacionada con un ajuste de cuentas,<\/p>\n","protected":false},"author":1,"featured_media":1259743,"comment_status":"closed","ping_status":"open","sticky":false,"template":"","format":"standard","meta":{"footnotes":""},"categories":[1988],"tags":[18706,18705],"class_list":["post-1259741","post","type-post","status-publish","format-standard","has-post-thumbnail","hentry","category-lifestyles","tag-enigma-norteno","tag-ernesto-barajas"],"_links":{"self":[{"href":"https:\/\/www.acapulcopress.com\/index.php\/wp-json\/wp\/v2\/posts\/1259741","targetHints":{"allow":["GET"]}}],"collection":[{"href":"https:\/\/www.acapulcopress.com\/index.php\/wp-json\/wp\/v2\/posts"}],"about":[{"href":"https:\/\/www.acapulcopress.com\/index.php\/wp-json\/wp\/v2\/types\/post"}],"author":[{"embeddable":true,"href":"https:\/\/www.acapulcopress.com\/index.php\/wp-json\/wp\/v2\/users\/1"}],"replies":[{"embeddable":true,"href":"https:\/\/www.acapulcopress.com\/index.php\/wp-json\/wp\/v2\/comments?post=1259741"}],"version-history":[{"count":5,"href":"https:\/\/www.acapulcopress.com\/index.php\/wp-json\/wp\/v2\/posts\/1259741\/revisions"}],"predecessor-version":[{"id":1259749,"href":"https:\/\/www.acapulcopress.com\/index.php\/wp-json\/wp\/v2\/posts\/1259741\/revisions\/1259749"}],"wp:featuredmedia":[{"embeddable":true,"href":"https:\/\/www.acapulcopress.com\/index.php\/wp-json\/wp\/v2\/media\/1259743"}],"wp:attachment":[{"href":"https:\/\/www.acapulcopress.com\/index.php\/wp-json\/wp\/v2\/media?parent=1259741"}],"wp:term":[{"taxonomy":"category","embeddable":true,"href":"https:\/\/www.acapulcopress.com\/index.php\/wp-json\/wp\/v2\/categories?post=1259741"},{"taxonomy":"post_tag","embeddable":true,"href":"https:\/\/www.acapulcopress.com\/index.php\/wp-json\/wp\/v2\/tags?post=1259741"}],"curies":[{"name":"wp","href":"https:\/\/api.w.org\/{rel}","templated":true}]}}