{"id":1259750,"date":"2025-08-20T07:24:09","date_gmt":"2025-08-20T13:24:09","guid":{"rendered":"https:\/\/www.acapulcopress.com\/?p=1259750"},"modified":"2025-08-21T07:49:01","modified_gmt":"2025-08-21T13:49:01","slug":"luisa-maria-alcalde-busca-fortalecer-morena-guerrero","status":"publish","type":"post","link":"https:\/\/www.acapulcopress.com\/index.php\/2025\/08\/20\/luisa-maria-alcalde-busca-fortalecer-morena-guerrero\/","title":{"rendered":"Luisa Mar\u00eda Alcalde busca fortalecer Morena Guerrero"},"content":{"rendered":"<p>Marem\u00e1gnum<br \/>\n\u00bb <a href=\"https:\/\/www.facebook.com\/ricardocastill01\" target=\"_blank\" rel=\"noopener\"><strong>RICARDO<\/strong> | <strong>CASTILLO BARRIENTOS<\/strong><\/a><\/p>\n<p>En el marco de la Campa\u00f1a Nacional de Afiliaci\u00f3n de <strong>Morena<\/strong>, la dirigente nacional, Luisa Mar\u00eda Alcalde Luj\u00e1n, se reuni\u00f3 ayer en la capital del estado con la estructura partidista, a fin de evaluar los trabajos en esta tarea y la integraci\u00f3n de 6 mil 835 comit\u00e9s seccionales de base en el territorio estatal.<\/p>\n<p>Es la primera ocasi\u00f3n en la historia pol\u00edtica del pa\u00eds, que un partido mayoritario se traza la ambiciosa meta de afiliar a 10 millones ce personas a nivel nacional y 300 mil, a nivel estatal. De esta \u00faltima cifra, Luisa Mar\u00eda Alcalde adelant\u00f3 avance del 70%, con 211 mil afiliados, cantidad superior a los miembros del PAN, en el pa\u00eds.<\/p>\n<p>En un ambiente crispado al interior de<strong> Morena<\/strong>\u00a0en la entidad, originado por confrontaciones internas como la intentona de destituci\u00f3n del presidente del Comit\u00e9 Ejecutivo Estatal, Jacinto Gonz\u00e1lez Varona y las prematuras <strong>ante pre-campa\u00f1as<\/strong> de m\u00e1s de media docena de aspirantes a la candidatura a la gubernatura del estado, fen\u00f3meno pol\u00edtico que se observa por primera vez en un partido, frente al apaciguamiento del PRI, principal partido opositor.<\/p>\n<p>La dirigente nacional considera una \u201c<strong>haza\u00f1a organizativa<\/strong>\u201d la meta de afiliaci\u00f3n, as\u00ed como la integraci\u00f3n de 71 mil 500 comit\u00e9s seccionales, en Guerrero, 6 mil 835. Estructura fundamental la cual ha carecido <strong>Morena<\/strong>\u00a0desde su fundaci\u00f3n, igual sin comit\u00e9s municipales.<\/p>\n<p>En su momento el ex presidente Andr\u00e9s Manuel L\u00f3pez Obrador consider\u00f3 innecesario la integraci\u00f3n de comit\u00e9s municipales y seccionales, para evitar infiltraciones de militantes de otros partidos, que podr\u00edan influir en los procesos internos de selecci\u00f3n de candidatos a cargos de elecci\u00f3n popular.<\/p>\n<p>La nueva estrategia pol\u00edtica obedece al fortalecimiento de este instituto pol\u00edtico con miras al proceso electoral de 2027, donde se habr\u00e1n de renovar 17 gubernaturas, la C\u00e1mara de Diputados federal, 17 congresos locales, 2 mil 424 presidencias municipales, adem\u00e1s 16 alcald\u00edas de la Ciudad de M\u00e9xico y la renovaci\u00f3n de la segunda parte del Poder Judicial de la Federaci\u00f3n.<\/p>\n<p>Luisa Mar\u00eda Alcalde justific\u00f3 el activismo anticipado de los aspirantes morenistas a la gubernatura, expresando que tienen derecho a \u201clevantar la mano\u201d, no como el \u201c<em>tapadismo<\/em>\u201d de anta\u00f1o en los tiempos del prianismo.<\/p>\n<p>En Guerrero se est\u00e1 generando un proselitismo desmedido en territorio y en redes sociales, con la publicaci\u00f3n de encuestas \u201c<strong>patito<\/strong>\u201d. La \u00fanica aspirante que se ha abstenido de publicar encuestas es la chilpancingue\u00f1a Esthela Dami\u00e1n Peralta, subsecretaria de Prevenci\u00f3n de las Violencias de la Secretar\u00eda de Seguridad P\u00fablica del gobierno federal, quien estrat\u00e9gicamente maneja sus aspiraciones pol\u00edticas.<\/p>\n<p>Se espera que con la visita de la dirigente nacional amaine la tormenta pol\u00edtica y se esperen a los tiempos que marcan los estatutos internos y las leyes electorales.<\/p>\n<p><strong>Marea Baja.-<\/strong> El promotor cultural Enrique Moreno, mejor conocido como \u201c<strong>Pajarito<\/strong>\u201d, no descansa ni un momento en sus actividades a lo largo de cuatro d\u00e9cadas, por esa raz\u00f3n fue objeto de un merecido homenaje hace unos d\u00edas en \u201cSinfon\u00eda del Mar\u201d, recibiendo las felicitaci\u00f3n de innumerables artistas locales y promotores culturales.<\/p>\n<p>Ahora ha programado un <strong>Gran Concierto de Rock por la Paz<\/strong>, el 23 de agosto, en la entrada del Parque Papagayo, frente al asta bandera, en el espacio de las fuentes danzarinas, a partir de las seis de la tarde, donde participar\u00e1n los grupos de rock, \u201cSolt\u00e1zar\u201d, \u201cLumens\u201d, \u201cDrackth\u00e1r\u201d, \u201cLa Tertulia\u201d y \u201cSe\u00f1orita Mojarra\u201d.<\/p>\n<p><strong>Marea Alta.-<\/strong> Con la novedad que la semana pasada arribaron a las instalaciones de la Base Naval, los barcos que dar\u00e1n el servicio de transporte mar\u00edtimo <em>\u201cMarib\u00fas<\/em>\u201d, rebautizado \u201c<em>Marinab\u00fas<\/em>\u201d, porque ser\u00e1\u00a0 operado por la Secretar\u00eda de Marina (<strong>Semar\/Marina<\/strong>).<\/p>\n<p>Sin duda el proyecto, adem\u00e1s de coadyuvar con la movilidad local, resultar\u00e1 gran atractivo para los visitantes que tendr\u00e1n la oportunidad de navegar en el majestuoso mar de Acapulco.<\/p>\n<p>Sin embargo, se esperaban atractivas embarcaciones o ferrys modernos de \u00faltima generaci\u00f3n, pues los que llegaron son anticuados armastrotes reconstruidos en los astilleros navales.<\/p>\n<p><strong>Maremoto.-<\/strong> El delegado de Bienestar en Guerrero, <strong>Iv\u00e1n Hern\u00e1ndez D\u00edaz<\/strong>, se anda promocionando en las redes sociales con recursos p\u00fablicos, pagando una exagerada publicidad, previendo obtener alguna candidatura en el proceso electoral que est\u00e1 a la vuelta.<\/p>\n<p>Hern\u00e1ndez D\u00edaz ha mostrado una ineficiencia absoluta en el manejo de los programas sociales, que le han acarreado infinidad de protestas en todas las regiones, debido a su inexperiencia administrativa, a todas luces manifiesta.<\/p>\n<p>El delegado de Bienestar est\u00e1 convencido que se merece una buena candidatura por el hecho de pertenecer a la secta \u201c<em>Nu\u00f1ista<\/em>\u201d, por eso anda desbocado en agenciarse alguna posici\u00f3n pol\u00edtica federal o local, y ya siente que va en <em>caballo de hacienda<\/em>.<\/p>\n<p><em>) ACAPULCO PRESS | <a href=\"https:\/\/www.facebook.com\/Steparious\/\" target=\"_blank\" rel=\"noopener\">fb.me\/steparious<\/a><\/em><\/p>\n<p>&nbsp;<\/p>\n","protected":false},"excerpt":{"rendered":"<p>En el marco de la Campa\u00f1a Nacional de Afiliaci\u00f3n de Morena, la dirigente nacional, Luisa Mar\u00eda Alcalde Luj\u00e1n, se reuni\u00f3 en la capital del estado<\/p>\n","protected":false},"author":1,"featured_media":1259751,"comment_status":"closed","ping_status":"open","sticky":false,"template":"","format":"standard","meta":{"footnotes":""},"categories":[2071,1991],"tags":[12503,13305,15575],"class_list":["post-1259750","post","type-post","status-publish","format-standard","has-post-thumbnail","hentry","category-opinion-analisis-columnas","category-libertad-de-expresion","tag-maremagnum","tag-morena-guerrero","tag-ricardo-castillo-barrientos"],"_links":{"self":[{"href":"https:\/\/www.acapulcopress.com\/index.php\/wp-json\/wp\/v2\/posts\/1259750","targetHints":{"allow":["GET"]}}],"collection":[{"href":"https:\/\/www.acapulcopress.com\/index.php\/wp-json\/wp\/v2\/posts"}],"about":[{"href":"https:\/\/www.acapulcopress.com\/index.php\/wp-json\/wp\/v2\/types\/post"}],"author":[{"embeddable":true,"href":"https:\/\/www.acapulcopress.com\/index.php\/wp-json\/wp\/v2\/users\/1"}],"replies":[{"embeddable":true,"href":"https:\/\/www.acapulcopress.com\/index.php\/wp-json\/wp\/v2\/comments?post=1259750"}],"version-history":[{"count":2,"href":"https:\/\/www.acapulcopress.com\/index.php\/wp-json\/wp\/v2\/posts\/1259750\/revisions"}],"predecessor-version":[{"id":1259753,"href":"https:\/\/www.acapulcopress.com\/index.php\/wp-json\/wp\/v2\/posts\/1259750\/revisions\/1259753"}],"wp:featuredmedia":[{"embeddable":true,"href":"https:\/\/www.acapulcopress.com\/index.php\/wp-json\/wp\/v2\/media\/1259751"}],"wp:attachment":[{"href":"https:\/\/www.acapulcopress.com\/index.php\/wp-json\/wp\/v2\/media?parent=1259750"}],"wp:term":[{"taxonomy":"category","embeddable":true,"href":"https:\/\/www.acapulcopress.com\/index.php\/wp-json\/wp\/v2\/categories?post=1259750"},{"taxonomy":"post_tag","embeddable":true,"href":"https:\/\/www.acapulcopress.com\/index.php\/wp-json\/wp\/v2\/tags?post=1259750"}],"curies":[{"name":"wp","href":"https:\/\/api.w.org\/{rel}","templated":true}]}}