{"id":1259754,"date":"2025-08-20T22:07:56","date_gmt":"2025-08-21T04:07:56","guid":{"rendered":"https:\/\/www.acapulcopress.com\/?p=1259754"},"modified":"2025-08-21T09:33:57","modified_gmt":"2025-08-21T15:33:57","slug":"trabajamos-para-consolidar-un-acapulco-mas-seguro-y-un-guerrero-mas-fuerte","status":"publish","type":"post","link":"https:\/\/www.acapulcopress.com\/index.php\/2025\/08\/20\/trabajamos-para-consolidar-un-acapulco-mas-seguro-y-un-guerrero-mas-fuerte\/","title":{"rendered":"\u00abTrabajamos para consolidar un Acapulco m\u00e1s seguro y un Guerrero m\u00e1s fuerte\u00bb"},"content":{"rendered":"<p>ACAPULCO * 20 de agosto 2025<br \/>\n<em>) Gobierno de Guerrero<\/em><br \/>\nCon la firme convicci\u00f3n de continuar en la ruta de coordinaci\u00f3n con las diferentes instituciones de seguridad, para \u00abconsolidar un Acapulco <a href=\"https:\/\/www.acapulcopress.com\/wp-content\/uploads\/2025\/08\/guerrero-fuerte3.jpg\"><img loading=\"lazy\" decoding=\"async\" class=\"alignleft wp-image-1259757 size-cmsmasters-square-thumb\" src=\"https:\/\/www.acapulcopress.com\/wp-content\/uploads\/2025\/08\/guerrero-fuerte3-360x360.jpg\" alt=\"\" width=\"360\" height=\"360\" srcset=\"https:\/\/www.acapulcopress.com\/wp-content\/uploads\/2025\/08\/guerrero-fuerte3-360x360.jpg 360w, https:\/\/www.acapulcopress.com\/wp-content\/uploads\/2025\/08\/guerrero-fuerte3-150x150.jpg 150w, https:\/\/www.acapulcopress.com\/wp-content\/uploads\/2025\/08\/guerrero-fuerte3-70x70.jpg 70w\" sizes=\"auto, (max-width: 360px) 100vw, 360px\" \/><\/a>m\u00e1s seguro, un Guerrero m\u00e1s fuerte, un presente y un futuro de paz, de bienestar, de desarrollo y de justicia social\u00bb, la gobernadora Evelyn Salgado Pineda asisti\u00f3 a la ceremonia de inauguraci\u00f3n de las instalaciones del 51 Batall\u00f3n de la Guardia Nacional, en donde reconoci\u00f3 el trabajo de esta corporaci\u00f3n.<\/p>\n<p>En compa\u00f1\u00eda del comandante de la Guardia Nacional, Hern\u00e1n Cort\u00e9s Hern\u00e1ndez, la mandataria estatal destac\u00f3 la importancia de seguir sumando esfuerzos, para fortalecer la capacidad de inteligencia, acci\u00f3n y respuesta.<\/p>\n<p>Y enfatiz\u00f3: \u00abDesde aqu\u00ed se fortalece nuestra capacidad de inteligencia, de acci\u00f3n y de respuesta; desde aqu\u00ed se crear\u00e1 nueva eficacia operativa, se acortar\u00e1n los tiempos de respuesta y se fortalecer\u00e1 la presencia territorial que es tan importante, asegurando una cobertura m\u00e1s amplia y cercana de nuestras fuerzas del orden\u00bb.<\/p>\n<p>En su mensaje, Salgado Pineda dijo que, con esto, se da un paso firme para garantizar la paz duradera, con acciones concretas y razonadas, encaminadas a un mejor futuro para todas las familias de Guerrero. En este contexto, expres\u00f3 su reconocimiento y gratitud a todos los integrantes de la Guardia Nacional, que \u00abconstruyen paz desde abajo, en el territorio, con presencia permanente y con principios que gu\u00edan cada paso\u00bb.<\/p>\n<p><a href=\"https:\/\/www.acapulcopress.com\/wp-content\/uploads\/2025\/08\/guerrero-fuerte.jpg\"><img loading=\"lazy\" decoding=\"async\" class=\"alignleft wp-image-1259756 size-cmsmasters-square-thumb\" src=\"https:\/\/www.acapulcopress.com\/wp-content\/uploads\/2025\/08\/guerrero-fuerte-360x360.jpg\" alt=\"\" width=\"360\" height=\"360\" srcset=\"https:\/\/www.acapulcopress.com\/wp-content\/uploads\/2025\/08\/guerrero-fuerte-360x360.jpg 360w, https:\/\/www.acapulcopress.com\/wp-content\/uploads\/2025\/08\/guerrero-fuerte-150x150.jpg 150w, https:\/\/www.acapulcopress.com\/wp-content\/uploads\/2025\/08\/guerrero-fuerte-70x70.jpg 70w\" sizes=\"auto, (max-width: 360px) 100vw, 360px\" \/><\/a>Enseguida, el Coordinador Regional de la Guardia Nacional Regi\u00f3n Sur-Sureste, Sa\u00fal Luna Jaimes, dijo que esta inauguraci\u00f3n constituye un paso significativo en la estrategia de Seguridad P\u00fablica articulada desde el Gobierno de M\u00e9xico y que es, resultado de la visi\u00f3n institucional que busca una Guardia Nacional profesional, territorialmente anclada y cercana a la sociedad.<\/p>\n<p>Con estas nuevas instalaciones, en Guerrero se cuenta con la Coordinaci\u00f3n Estatal, 5 batallones, 19 compa\u00f1\u00edas, 2 secciones de seguridad a instalaciones aeroportuarias, una compa\u00f1\u00eda de seguridad a v\u00edas de comunicaci\u00f3n y un mando especial.<\/p>\n<p>Enseguida se llev\u00f3 a cabo el corte de list\u00f3n inaugural y se realiz\u00f3 un recorrido por las instalaciones que conforman este batall\u00f3n asentado en el puerto de Acapulco.<\/p>\n<p><em>) ACAPULCO PRESS | <a href=\"https:\/\/www.facebook.com\/Steparious\/\" target=\"_blank\" rel=\"noopener\">fb.me\/steparious<\/a><\/em><\/p>\n","protected":false},"excerpt":{"rendered":"<p>ACAPULCO * 20 de agosto 2025 ) Gobierno de Guerrero Con la firme convicci\u00f3n de continuar en la ruta de coordinaci\u00f3n con las diferentes instituciones de seguridad, para \u00abconsolidar un Acapulco m\u00e1s seguro, un Guerrero m\u00e1s fuerte, un presente y un futuro de paz, de bienestar, de desarrollo y de justicia social\u00bb, la gobernadora Evelyn&#8230;<\/p>\n","protected":false},"author":1,"featured_media":1259755,"comment_status":"closed","ping_status":"open","sticky":false,"template":"","format":"standard","meta":{"footnotes":""},"categories":[1980,1983],"tags":[],"class_list":["post-1259754","post","type-post","status-publish","format-standard","has-post-thumbnail","hentry","category-goverment-2","category-guerrerogob"],"_links":{"self":[{"href":"https:\/\/www.acapulcopress.com\/index.php\/wp-json\/wp\/v2\/posts\/1259754","targetHints":{"allow":["GET"]}}],"collection":[{"href":"https:\/\/www.acapulcopress.com\/index.php\/wp-json\/wp\/v2\/posts"}],"about":[{"href":"https:\/\/www.acapulcopress.com\/index.php\/wp-json\/wp\/v2\/types\/post"}],"author":[{"embeddable":true,"href":"https:\/\/www.acapulcopress.com\/index.php\/wp-json\/wp\/v2\/users\/1"}],"replies":[{"embeddable":true,"href":"https:\/\/www.acapulcopress.com\/index.php\/wp-json\/wp\/v2\/comments?post=1259754"}],"version-history":[{"count":1,"href":"https:\/\/www.acapulcopress.com\/index.php\/wp-json\/wp\/v2\/posts\/1259754\/revisions"}],"predecessor-version":[{"id":1259758,"href":"https:\/\/www.acapulcopress.com\/index.php\/wp-json\/wp\/v2\/posts\/1259754\/revisions\/1259758"}],"wp:featuredmedia":[{"embeddable":true,"href":"https:\/\/www.acapulcopress.com\/index.php\/wp-json\/wp\/v2\/media\/1259755"}],"wp:attachment":[{"href":"https:\/\/www.acapulcopress.com\/index.php\/wp-json\/wp\/v2\/media?parent=1259754"}],"wp:term":[{"taxonomy":"category","embeddable":true,"href":"https:\/\/www.acapulcopress.com\/index.php\/wp-json\/wp\/v2\/categories?post=1259754"},{"taxonomy":"post_tag","embeddable":true,"href":"https:\/\/www.acapulcopress.com\/index.php\/wp-json\/wp\/v2\/tags?post=1259754"}],"curies":[{"name":"wp","href":"https:\/\/api.w.org\/{rel}","templated":true}]}}