{"id":1259760,"date":"2025-08-22T09:56:41","date_gmt":"2025-08-22T15:56:41","guid":{"rendered":"https:\/\/www.acapulcopress.com\/?p=1259760"},"modified":"2025-08-23T08:11:20","modified_gmt":"2025-08-23T14:11:20","slug":"se-cumple-anhelo-con-hospital-de-especialidades-del-issste","status":"publish","type":"post","link":"https:\/\/www.acapulcopress.com\/index.php\/2025\/08\/22\/se-cumple-anhelo-con-hospital-de-especialidades-del-issste\/","title":{"rendered":"Se cumple anhelo con Hospital de Especialidades del ISSSTE"},"content":{"rendered":"<p>Marem\u00e1gnum<br \/>\n\u00bb <a href=\"https:\/\/www.facebook.com\/ricardocastill01\" target=\"_blank\" rel=\"noopener\"><strong>RICARDO<\/strong> | <strong>CASTILLO BARRIENTOS<\/strong><\/a><\/p>\n<p>Este d\u00eda viernes 22 de agosto se cumple un acariciado anhelo de la burocracia guerrerense, federal y estatal, con la puesta en marcha del Hospital Regional de Alta Especialidad del ISSSTE (<strong>HRAE<\/strong>), en Acapulco, a cargo de la presidenta de M\u00e9xico, Claudia Sheinbaum Pardo, despu\u00e9s del compromiso adquirido por el ex presidente Andr\u00e9s Manuel L\u00f3pez Obrador de poner en funcionamiento un hospital de alto nivel, en las instalaciones del cercenado Centro de Convenciones.<\/p>\n<p>Los trabajadores al servicio del estado, familiares y pensionados, ven\u00edan soportando el c\u00famulo de deficiencias cotidianas como la demora de citas y cuadro b\u00e1sico de medicamentos incompleto, en las unidades hospitalarias de Acapulco, Chilpancingo, Iguala y las unidades m\u00e9dicas perif\u00e9ricas, con atenci\u00f3n de primer nivel (medicina preventiva) y segundo nivel (especialidades y cirug\u00edas menores).<\/p>\n<p>Las cirug\u00edas mayores se ten\u00edan que derivar con un buen tiempo de espera, al Hospital Regional de Cuernavaca, al Centro M\u00e9dico \u201c20 de Noviembre\u201d y al Hospital Regional \u201cLic. Adolfo L\u00f3pez Mateos\u201d, en la Ciudad de M\u00e9xico, con las dificultades de tipo econ\u00f3mico, laboral y familiar.<\/p>\n<p>Una ardua y prolongada lucha magisterial hizo factible el cumplimiento de su justa demanda, considerada casi imposible ante <strong>o\u00eddos sordos<\/strong> de autoridades federales por la magnitud de la inversi\u00f3n superior a los <strong>3 mil millones de pesos<\/strong>.<\/p>\n<p>El nuevo Hospital Regional de Alta Especialidad del ISSSTE, dispondr\u00e1 de equipo m\u00e9dico de alta gama o \u00faltima generaci\u00f3n para otorgar servicio en todas las especialidades, hasta en medicina nuclear, comprendiendo laboratorios, banco de sangre, tomograf\u00eda, mastograf\u00eda, ultrasonido y rayos X, para atender cirug\u00edas de urgencias, tococirug\u00edas, ginecoobstetricia y densitometr\u00eda.<\/p>\n<p>Contar\u00e1 con 44 consultorios, 50 m\u00e1quinas de hemodi\u00e1lisis, 6 de di\u00e1lisis y 18 equipos de quimioterapia. Entre las especialidades se encuentran: psiquiatr\u00eda, endocrinolog\u00eda, angiolog\u00eda, alergolog\u00eda, neurolog\u00eda, medicina interna, oncolog\u00eda, pediatr\u00eda, ortopedia, traumatolog\u00eda y cardiolog\u00eda.<\/p>\n<p>Como Hospital Regional recibir\u00e1 pacientes derivados de los estados de <strong>Oaxaca y Michoac\u00e1n<\/strong>, de los municipios aleda\u00f1os a la entidad que carecen de atenci\u00f3n m\u00e9dica de alta especialidad.<\/p>\n<p>La poblaci\u00f3n derechohabiente del ISSSTE en Guerrero es superior a los <strong>650 mil<\/strong> trabajadores, familiares y pensionados, lo cual revela que el nuevo centro m\u00e9dico deber\u00e1 tener una gran capacidad resolutiva, con calidad y calidez, que superen todas las deficiencias que se han venido arrastrando en m\u00e9dicos, enfermeras, medicamentos y equipos hospitalarios.<\/p>\n<p><strong>Marea Baja.-<\/strong> Recuerdo a Jaime Irra Carceda cuando fuimos\u00a0 estudiantes en la Prepa 2, muy inquieto y propositivo en las lides universitarias, hacia mancuerna con Lorenzo Ram\u00edrez Gallardo, presidente de la Sociedad de Alumnos.<\/p>\n<p>Despu\u00e9s se fue a Chilpancingo a continuar con sus estudios, pero le gan\u00f3 m\u00e1s el periodismo que abraz\u00f3 con abnegaci\u00f3n y profesionalismo, en compa\u00f1\u00eda de los periodistas m\u00e1s brillantes de la \u00e9poca, forjando una nueva generaci\u00f3n de <em>tundem\u00e1quinas<\/em>, entre ellos, el propio Jaime, Pedro Julio Valdez, Andr\u00e9s Campuzano, Gustavo Salazar y Leoncio Dom\u00ednguez Covarrubias, maestro universitario.<\/p>\n<p>Le toc\u00f3 el turno al amigo Irra, como tantos amigos que han dejado el plano existencial. Cumpli\u00f3 con creces y pas\u00f3 la prueba de fuego con profesionalismo como periodista, poeta y escritor. \u00a1Hasta siempre comandante! Mis condolencias fraternas a su hermano \u00c1ngel, a su hijo Jaime, a su esposa y a la familia.<\/p>\n<p><strong>Marea Alta.-<\/strong> Fuerte la pol\u00e9mica desatada por el ejercicio de prueba del Marinab\u00fas por la bah\u00eda de Acapulco, observ\u00e1ndose con m\u00e1s detalles las caracter\u00edsticas de la embarcaci\u00f3n, no resultando lo esperado, cuando se insiste en nuevos atractivos tur\u00edsticos para el resurgimiento del puerto.<\/p>\n<p>La cosa no para ah\u00ed, pues pasaron por alto los insignes mandos navales, que los pasajeros del Marinab\u00fas arribar\u00e1n a la terminal del muelle de Puerto Marqu\u00e9s y de ese lugar tendr\u00e1n que abordar otro medio de transporte para trasladarse a la glorieta del bulevar de Las Naciones, implicando m\u00e1s gasto, al menos que la MARINA absorba el costo, o los traslade en su propia flota de veh\u00edculos. Por esta serie de cosas, proyectos novedosos se reducen a su m\u00ednima expresi\u00f3n.<\/p>\n<p><strong>Maremoto.-<\/strong> Pedro Segura Balladares o Valladares, hay confusi\u00f3n en la primera letra de su segundo apellido, unos lo ponen con B grande y otros con V chica, pero es el mismo que sali\u00f3 bien librado de las supuestas acusaciones de tres testigos protegidos de la FGR, que lo hab\u00edan se\u00f1alado como part\u00edcipe de la desaparici\u00f3n de los 43 estudiantes de Ayotzinapa, la noche tr\u00e1gica del 26 de septiembre de 2014, en Iguala.<\/p>\n<p>Hay quienes argumentan que el fondo de su detenci\u00f3n se debi\u00f3 porque acostumbraba despotricar contra los gobiernos federal y estatal, o por pretender ser candidato a gobernador del estado y era la forma de frenarlo y darle su \u201cestate quieto\u201d.<\/p>\n<p>La grave acusaci\u00f3n que le formularon a Pedro Segura, fue porque en el hotel \u201cVida en el Lago\u201d, esa noche tr\u00e1gica llevaron cautivos, a seis estudiantes. Ciertamente por esa fecha, ese hotel estaba abandonado y pertenec\u00eda a la familia Checa Kuri, empresarios de abolengo de Taxco. Pedro Segura lo adquiri\u00f3 cinco a\u00f1os despu\u00e9s, por lo que se desvaneci\u00f3 la endeble acusaci\u00f3n, gozando de libertad y cabal salud.<br \/>\n<em>) <a href=\"https:\/\/www.facebook.com\/acapulcopress\/\" target=\"_blank\" rel=\"noopener\">ACAPULCO PRESS<\/a> | <a href=\"https:\/\/www.facebook.com\/Steparious\/\" target=\"_blank\" rel=\"noopener\">fb.me\/steparious<\/a><\/em><\/p>\n","protected":false},"excerpt":{"rendered":"<p>Este d\u00eda viernes 22 de agosto se cumple un acariciado anhelo de la burocracia guerrerense, federal y estatal, con la puesta en marcha <\/p>\n","protected":false},"author":1,"featured_media":1259761,"comment_status":"closed","ping_status":"open","sticky":false,"template":"","format":"standard","meta":{"footnotes":""},"categories":[2071,1991],"tags":[12503,18707,15575],"class_list":["post-1259760","post","type-post","status-publish","format-standard","has-post-thumbnail","hentry","category-opinion-analisis-columnas","category-libertad-de-expresion","tag-maremagnum","tag-pedro-segura","tag-ricardo-castillo-barrientos"],"_links":{"self":[{"href":"https:\/\/www.acapulcopress.com\/index.php\/wp-json\/wp\/v2\/posts\/1259760","targetHints":{"allow":["GET"]}}],"collection":[{"href":"https:\/\/www.acapulcopress.com\/index.php\/wp-json\/wp\/v2\/posts"}],"about":[{"href":"https:\/\/www.acapulcopress.com\/index.php\/wp-json\/wp\/v2\/types\/post"}],"author":[{"embeddable":true,"href":"https:\/\/www.acapulcopress.com\/index.php\/wp-json\/wp\/v2\/users\/1"}],"replies":[{"embeddable":true,"href":"https:\/\/www.acapulcopress.com\/index.php\/wp-json\/wp\/v2\/comments?post=1259760"}],"version-history":[{"count":2,"href":"https:\/\/www.acapulcopress.com\/index.php\/wp-json\/wp\/v2\/posts\/1259760\/revisions"}],"predecessor-version":[{"id":1259763,"href":"https:\/\/www.acapulcopress.com\/index.php\/wp-json\/wp\/v2\/posts\/1259760\/revisions\/1259763"}],"wp:featuredmedia":[{"embeddable":true,"href":"https:\/\/www.acapulcopress.com\/index.php\/wp-json\/wp\/v2\/media\/1259761"}],"wp:attachment":[{"href":"https:\/\/www.acapulcopress.com\/index.php\/wp-json\/wp\/v2\/media?parent=1259760"}],"wp:term":[{"taxonomy":"category","embeddable":true,"href":"https:\/\/www.acapulcopress.com\/index.php\/wp-json\/wp\/v2\/categories?post=1259760"},{"taxonomy":"post_tag","embeddable":true,"href":"https:\/\/www.acapulcopress.com\/index.php\/wp-json\/wp\/v2\/tags?post=1259760"}],"curies":[{"name":"wp","href":"https:\/\/api.w.org\/{rel}","templated":true}]}}