{"id":1259812,"date":"2025-08-03T15:03:18","date_gmt":"2025-08-03T21:03:18","guid":{"rendered":"https:\/\/www.acapulcopress.com\/?p=1259812"},"modified":"2025-08-23T12:06:57","modified_gmt":"2025-08-23T18:06:57","slug":"buscan-regularizar-asentamientos-irregulares-y-certeza-jurisica-sobre-predios","status":"publish","type":"post","link":"https:\/\/www.acapulcopress.com\/index.php\/2025\/08\/03\/buscan-regularizar-asentamientos-irregulares-y-certeza-jurisica-sobre-predios\/","title":{"rendered":"Buscan regularizar asentamientos irregulares y certeza jur\u00edsica sobre predios"},"content":{"rendered":"<p>CHILPANCINGO * 3 de agosto 2025<br \/>\n<em>) LXVI legislatura | Guerrero<\/em><br \/>\nPara que se regularicen los asentamientos humanos, urbanos ejidales o comunales en el Estado y garantizar la certeza jur\u00eddica patrimonial de sus predios, el Congreso del Estado exhort\u00f3 a diversas dependencias a implementar los programas correspondientes.<\/p>\n<p>El dictamen emitido por la Comisi\u00f3n de Asuntos Pol\u00edticos y Gobernaci\u00f3n, derivado de una propuesta de la diputada <strong>Ana Lilia Botello Figueroa<\/strong> y a la que se sum\u00f3 el diputado <strong>Carlos Eduardo Bello Solano<\/strong>, establece que la propiedad privada es un derecho humano que se encuentra previsto en la Constituci\u00f3n Pol\u00edtica de los Estados Unidos Mexicanos, tratados internacionales y leyes locales.<\/p>\n<p>Asimismo, refiere que la Ley General de Asentamientos Humanos, Ordenamiento Territorial y Desarrollo Urbano ordena que las normas b\u00e1sicas e instrumentos de gesti\u00f3n son de observancia general en el ordenamiento de los asentamientos humanos en el pa\u00eds, por lo que deben generarse programas y acciones con pleno respeto a los derechos humanos, siendo obligaci\u00f3n del Estado promoverlos, respetarlos, protegerlos y garantizarlos plenamente.<\/p>\n<p>Tambi\u00e9n se\u00f1ala que a trav\u00e9s del Programa para Regularizar Asentamientos Humanos para el Ejercicio Fiscal 2025 se deben realizar las gestiones administrativas, jur\u00eddicas y t\u00e9cnicas necesarias para regularizar asentamientos humanos e incorporarlos a la formalidad y al desarrollo territorial ordenado, para que sea posible realizar la acreditaci\u00f3n legal de la propiedad.<\/p>\n<p>Por ello, el Congreso del Estado exhort\u00f3 al Instituto del Suelo Sustentable; al Registro Agrario Nacional; y a la Procuradur\u00eda Agraria, del gobierno federal, para que en coordinaci\u00f3n con la Secretar\u00eda de Planeaci\u00f3n y Desarrollo Regional, y el Registro P\u00fablico de la Propiedad y del Comercio del Estado de Guerrero, se ejecuten programas de Regularizaci\u00f3n de Asentamientos Humanos, Regularizaci\u00f3n y Registro de Actos Jur\u00eddicos Agrarios, en su vertiente de regularizaci\u00f3n, certificaci\u00f3n y titulaci\u00f3n de las tierras ejidales y comunales.<\/p>\n<p>Esto, con el objetivo de facilitar el ejercicio del derecho a la propiedad al apoyar a personas de escasos recursos que poseen un lote, pero que a\u00fan no han podido acceder a la regularizaci\u00f3n y certeza jur\u00eddica de su propiedad.<\/p>\n<p>De esta manera, se plantea que a trav\u00e9s del Programa para Regularizar Asentamientos Humanos para el Ejercicio Fiscal 2025 se realicen las gestiones administrativas, jur\u00eddicas y t\u00e9cnicas para regularizar asentamientos humanos e incorporarlos a la formalidad y al desarrollo territorial ordenado.<\/p>\n<p>Con este exhorto, se pretende facilitar el ejercicio y garantizar el derecho a la propiedad al apoyar a personas en situaci\u00f3n de marginaci\u00f3n que poseen un lote, pero que a\u00fan no han podido acceder a la regularizaci\u00f3n de su propiedad.<\/p>\n<p>) <a href=\"https:\/\/www.facebook.com\/acapulcopress\" target=\"_blank\" rel=\"noopener\">ACAPULCO PRESS<\/a> | <a href=\"https:\/\/www.facebook.com\/Steparious\" target=\"_blank\" rel=\"noopener\">fb.me\/steparious<\/a><\/p>\n","protected":false},"excerpt":{"rendered":"<p>CHILPANCINGO * 3 de agosto 2025 ) LXVI legislatura | Guerrero Para que se regularicen los asentamientos humanos, urbanos ejidales o comunales en el Estado y garantizar la certeza jur\u00eddica patrimonial de sus predios, el Congreso del Estado exhort\u00f3 a diversas dependencias a implementar los programas correspondientes. El dictamen emitido por la Comisi\u00f3n de Asuntos&#8230;<\/p>\n","protected":false},"author":1,"featured_media":1259813,"comment_status":"closed","ping_status":"open","sticky":false,"template":"","format":"standard","meta":{"footnotes":""},"categories":[2037,61],"tags":[3851,5187,18372],"class_list":["post-1259812","post","type-post","status-publish","format-standard","has-post-thumbnail","hentry","category-congreso-de-guerrero","category-legislacion","tag-ana-lilia-botello-figueroa","tag-carlos-eduardo-bello-solano","tag-lxvi-legislatura-guerrero"],"_links":{"self":[{"href":"https:\/\/www.acapulcopress.com\/index.php\/wp-json\/wp\/v2\/posts\/1259812","targetHints":{"allow":["GET"]}}],"collection":[{"href":"https:\/\/www.acapulcopress.com\/index.php\/wp-json\/wp\/v2\/posts"}],"about":[{"href":"https:\/\/www.acapulcopress.com\/index.php\/wp-json\/wp\/v2\/types\/post"}],"author":[{"embeddable":true,"href":"https:\/\/www.acapulcopress.com\/index.php\/wp-json\/wp\/v2\/users\/1"}],"replies":[{"embeddable":true,"href":"https:\/\/www.acapulcopress.com\/index.php\/wp-json\/wp\/v2\/comments?post=1259812"}],"version-history":[{"count":1,"href":"https:\/\/www.acapulcopress.com\/index.php\/wp-json\/wp\/v2\/posts\/1259812\/revisions"}],"predecessor-version":[{"id":1259814,"href":"https:\/\/www.acapulcopress.com\/index.php\/wp-json\/wp\/v2\/posts\/1259812\/revisions\/1259814"}],"wp:featuredmedia":[{"embeddable":true,"href":"https:\/\/www.acapulcopress.com\/index.php\/wp-json\/wp\/v2\/media\/1259813"}],"wp:attachment":[{"href":"https:\/\/www.acapulcopress.com\/index.php\/wp-json\/wp\/v2\/media?parent=1259812"}],"wp:term":[{"taxonomy":"category","embeddable":true,"href":"https:\/\/www.acapulcopress.com\/index.php\/wp-json\/wp\/v2\/categories?post=1259812"},{"taxonomy":"post_tag","embeddable":true,"href":"https:\/\/www.acapulcopress.com\/index.php\/wp-json\/wp\/v2\/tags?post=1259812"}],"curies":[{"name":"wp","href":"https:\/\/api.w.org\/{rel}","templated":true}]}}