{"id":1259820,"date":"2025-08-25T18:54:40","date_gmt":"2025-08-26T00:54:40","guid":{"rendered":"https:\/\/www.acapulcopress.com\/?p=1259820"},"modified":"2025-08-25T19:00:02","modified_gmt":"2025-08-26T01:00:02","slug":"mayo-se-declaro-culpable-morira-en-prision-advierte-pam-bondi","status":"publish","type":"post","link":"https:\/\/www.acapulcopress.com\/index.php\/2025\/08\/25\/mayo-se-declaro-culpable-morira-en-prision-advierte-pam-bondi\/","title":{"rendered":"\u201cMayo\u201d se declar\u00f3 culpable; \u00abmorir\u00e1 en prisi\u00f3n\u00bb, advierte Pam Bondi"},"content":{"rendered":"<p>NUEVA YORK * 25 de agosto 2025<br \/>\n<em>) <a href=\"https:\/\/apnews.com\/article\/eeuu-mexico-mayo-zambada-narcotrafico-2220d9cda8b2e89ddf6b9fbb2a9fdb97\" target=\"_blank\" rel=\"noopener\">AP<\/a><\/em><br \/>\nEl exl\u00edder del c\u00e1rtel de Sinaloa <strong>Ismael<\/strong> \u201cEl Mayo\u201d<strong> Zambada <\/strong>se declar\u00f3 culpable el lunes de cargos federales de narcotr\u00e1fico, asegurando que lamentaba el haber ayudado a inundar a Estados Unidos con coca\u00edna, hero\u00edna y otras sustancias il\u00edcitas, y por haber alimentado la violencia en M\u00e9xico.<\/p>\n<p>\u201cReconozco el enorme da\u00f1o que las drogas ilegales le han causado a personas en Estados Unidos, M\u00e9xico y en otras partes\u201d, dijo a trav\u00e9s de un int\u00e9rprete. \u201cAsumo la responsabilidad de mis acciones y me disculpo con todas las personas que sufrieron o se vieron afectadas por mis actos\u201d.<\/p>\n<p>Bajo el liderazgo de Zambada y de<strong> Joaqu\u00edn<\/strong> \u201cEl Chapo\u201d<strong> Guzm\u00e1n<\/strong>, el <em>c\u00e1rtel de Sinaloa<\/em> pas\u00f3 de ser un grupo regional hasta convertirse en la organizaci\u00f3n de narcotr\u00e1fico m\u00e1s grande del mundo, afirman los fiscales.<\/p>\n<p>\u201cCulpable\u201d, dijo Zambada en espa\u00f1ol, al momento de presentar su declaraci\u00f3n en un tribunal de Brooklyn, ubicado a unos 3.500 kil\u00f3metros de su estado natal de Sinaloa.<\/p>\n<p>Reconoci\u00f3 la magnitud de la operaci\u00f3n del c\u00e1rtel de Sinaloa, incluyendo subordinados que establecieron relaciones con productores de coca\u00edna en Colombia, supervisaron la importaci\u00f3n de coca\u00edna a M\u00e9xico por v\u00eda mar\u00edtima y a\u00e9rea y el contrabando de las drogas hacia Estados Unidos. Reconoci\u00f3 que el c\u00e1rtel recaudaba cientos de millones de d\u00f3lares al a\u00f1o y que sus empleados pagaron sobornos a polic\u00edas y mandos militares en M\u00e9xico para operar libremente dentro del pa\u00eds.<\/p>\n<p>La secretaria de Justicia de Estados Unidos,<strong> Pam Bondi<\/strong>, viaj\u00f3 a Nueva York, donde calific\u00f3 la declaraci\u00f3n de culpabilidad de Zambada como una \u201cvictoria hist\u00f3rica\u201d y asegur\u00f3 que el capo \u201cmorir\u00e1 en una prisi\u00f3n federal de Estados Unidos, donde pertenece\u201d.<\/p>\n<p>Buscado por las autoridades estadounidenses durante m\u00e1s de dos d\u00e9cadas, Zambada fue arrestado en Texas el a\u00f1o pasado, hacia el final del gobierno del expresidente <strong>Joe Biden<\/strong>, cuando lleg\u00f3 en un avi\u00f3n privado a un aeropuerto de Texas junto a uno de los hijos de Guzm\u00e1n, <strong>Joaqu\u00edn Guzm\u00e1n L\u00f3pez<\/strong>. Zambada ha dicho que fue secuestrado en M\u00e9xico y llevado contra su voluntad a Estados Unidos.<\/p>\n<p><strong>Terry Cole<\/strong>, director de la <em>Administraci\u00f3n de Control de Drogas (DEA por sus iniciales en ingl\u00e9s),<\/em> dijo que durante sus d\u00e9cadas como agente los investigadores que persegu\u00edan a Zambada y otros capos del narcotr\u00e1fico por momentos eran advertidos de que \u201cpersegu\u00edan sombras\u201d que se cre\u00edan intocables.<\/p>\n<p><strong>* El legado del capo<br \/>\n<\/strong><br \/>\nSu arresto, junto con el de Guzm\u00e1n L\u00f3pez, desat\u00f3 sangrientos enfrentamientos en el estado de Sinaloa entre sus fuerzas y los partidarios de los hijos de Guzm\u00e1n, apodados \u201clos Chapitos\u201d.<\/p>\n<p>Un destacado negociador, Zambada era considerado el estratega del c\u00e1rtel, y se cre\u00eda que estaba m\u00e1s involucrado en las operaciones diarias en comparaci\u00f3n con Guzm\u00e1n. No obstante, los fiscales han dicho que Zambada tambi\u00e9n estaba involucrado en la violencia del grupo, e incluso lleg\u00f3 a ordenar el asesinato de su propio sobrino.<\/p>\n<p>En la capital de Sinaloa, Culiac\u00e1n, los cad\u00e1veres yacen en las calles o aparecen colgados de los pasos elevados. Los negocios cierran temprano porque la poblaci\u00f3n casi no sale al caer la noche. Las escuelas se paralizan durante los enfrentamientos y varios grupos de la sociedad, desde influencers hasta cuidadores de animales, se han visto afectados por el derramamiento de sangre.<\/p>\n<p><strong>* Pena de muerte descartada<\/strong><\/p>\n<p>Su declaraci\u00f3n de culpabilidad \u2014 dos semanas despu\u00e9s de que los fiscales indicaron que no buscar\u00edan la pena de muerte en su contra\u2014 se produce mientras el presidente <strong>Donald Trump<\/strong> y el Departamento de Justicia han intensificado su lucha contra los c\u00e1rteles del narcotr\u00e1fico. La Casa Blanca ha declarado a los c\u00e1rteles como organizaciones terroristas, ha desplegado activos militares frente a Venezuela y ha obligado al gobierno mexicano a entregar a varias decenas de cabecillas del c\u00e1rtel para ser procesados en Estados Unidos.<\/p>\n<p>El abogado de Zambada, <strong>Frank Perez<\/strong>, enfatiz\u00f3 que el acuerdo de culpabilidad no obliga a su cliente a cooperar con los investigadores del gobierno. A\u00f1adi\u00f3 que, en realidad, Zambada nunca quiso ir a juicio, y que una vez que la pena de muerte fue retirada, su \u201cenfoque cambi\u00f3 a aceptar la responsabilidad y seguir adelante\u201d.<\/p>\n<p>Bondi destac\u00f3 el rechazo de M\u00e9xico a la pena de muerte, lo cual es un factor en su disposici\u00f3n para extraditar a sospechosos hacia Estados Unidos. Aunque Zambada no fue extraditado, aludi\u00f3 al entendimiento entre las naciones de que \u201cno podemos buscar la pena de muerte\u201d para aquellos que lo son.<\/p>\n<p>Zambada, de 75 a\u00f1os, ser\u00e1 sentenciado a cadena perpetua el 13 de enero. Tambi\u00e9n se enfrenta a sanciones financieras por miles de millones de d\u00f3lares.<\/p>\n<p><strong>* Zambada describe sus operaciones<br \/>\n<\/strong><br \/>\nAl llegar a la sala del tribunal en Brooklyn, Zambada luci\u00f3 por momentos inestable, al grado que un agente lo sostuvo del brazo para llevarlo a su asiento en la mesa de los acusados.<\/p>\n<p>Mientras el juez <strong>Brian M. Cogan<\/strong> describ\u00eda los cargos en el acuerdo de culpabilidad, Zambada se sent\u00f3 atentamente y pas\u00f3 varias veces su mano derecha sobre su cabello blanco.<\/p>\n<p>Luego, en un discurso de ocho minutos ante el tribunal, Zambada relat\u00f3 su participaci\u00f3n en el negocio de las drogas ilegales desde su adolescencia, cuando, despu\u00e9s de dejar la escuela al concluir la primaria, plant\u00f3 marihuana por primera vez en 1969. Dijo que luego vendi\u00f3 hero\u00edna y otras drogas, pero especialmente coca\u00edna. Desde 1980 hasta el a\u00f1o pasado, \u00e9l y su c\u00e1rtel fueron responsables de transportar al menos 1,5 millones de kilogramos de coca\u00edna, la mayor\u00eda de los cuales fueron a Estados Unidos, dijo.<\/p>\n<p>En su acta acusatoria, la fiscal\u00eda asegur\u00f3 que Zambada y su organizaci\u00f3n tambi\u00e9n contrabandearon fentanilo y metanfetamina.<\/p>\n<p>Zambada se declar\u00f3 culpable de cargos de participar en una empresa criminal continua entre 1989 y 2024 y de asociaci\u00f3n delictuosa de crimen organizado, lo cual abarca la participaci\u00f3n en varios delitos desde 2000 hasta 2012.<\/p>\n<p>Guzm\u00e1n fue sentenciado a cadena perpetua tras su condena en el mismo tribunal federal en Brooklyn en 2019.<\/p>\n<p><em>)<a href=\"https:\/\/www.facebook.com\/acapulcopress\" target=\"_blank\" rel=\"noopener\"> ACAPULCO PRESS<\/a> |<a href=\"https:\/\/www.facebook.com\/Steparious\" target=\"_blank\" rel=\"noopener\"> fb.me\/steparious<\/a><\/em><\/p>\n","protected":false},"excerpt":{"rendered":"<p>NUEVA YORK * 25 de agosto 2025 ) AP El exl\u00edder del c\u00e1rtel de Sinaloa Ismael \u201cEl Mayo\u201d Zambada se declar\u00f3 culpable el lunes de cargos federales de narcotr\u00e1fico, asegurando que lamentaba el haber ayudado a inundar a Estados Unidos con coca\u00edna, hero\u00edna y otras sustancias il\u00edcitas, y por haber alimentado la violencia en M\u00e9xico&#8230;.<\/p>\n","protected":false},"author":1,"featured_media":1259821,"comment_status":"closed","ping_status":"open","sticky":false,"template":"","format":"standard","meta":{"footnotes":""},"categories":[1997],"tags":[4865,5304,5327,7016,7450,8902,10461,10795,10808,18712,17094],"class_list":["post-1259820","post","type-post","status-publish","format-standard","has-post-thumbnail","hentry","category-noticias-destacadas","tag-brian-m-cogan","tag-cartel-de-sinaloa","tag-casa-blanca","tag-dea","tag-donald-trump","tag-frank-perez","tag-ismael-el-mayo-zambada","tag-joaquin-el-chapo-guzman","tag-joaquin-guzman-lopez","tag-pam-bond","tag-terry-cole"],"_links":{"self":[{"href":"https:\/\/www.acapulcopress.com\/index.php\/wp-json\/wp\/v2\/posts\/1259820","targetHints":{"allow":["GET"]}}],"collection":[{"href":"https:\/\/www.acapulcopress.com\/index.php\/wp-json\/wp\/v2\/posts"}],"about":[{"href":"https:\/\/www.acapulcopress.com\/index.php\/wp-json\/wp\/v2\/types\/post"}],"author":[{"embeddable":true,"href":"https:\/\/www.acapulcopress.com\/index.php\/wp-json\/wp\/v2\/users\/1"}],"replies":[{"embeddable":true,"href":"https:\/\/www.acapulcopress.com\/index.php\/wp-json\/wp\/v2\/comments?post=1259820"}],"version-history":[{"count":3,"href":"https:\/\/www.acapulcopress.com\/index.php\/wp-json\/wp\/v2\/posts\/1259820\/revisions"}],"predecessor-version":[{"id":1259824,"href":"https:\/\/www.acapulcopress.com\/index.php\/wp-json\/wp\/v2\/posts\/1259820\/revisions\/1259824"}],"wp:featuredmedia":[{"embeddable":true,"href":"https:\/\/www.acapulcopress.com\/index.php\/wp-json\/wp\/v2\/media\/1259821"}],"wp:attachment":[{"href":"https:\/\/www.acapulcopress.com\/index.php\/wp-json\/wp\/v2\/media?parent=1259820"}],"wp:term":[{"taxonomy":"category","embeddable":true,"href":"https:\/\/www.acapulcopress.com\/index.php\/wp-json\/wp\/v2\/categories?post=1259820"},{"taxonomy":"post_tag","embeddable":true,"href":"https:\/\/www.acapulcopress.com\/index.php\/wp-json\/wp\/v2\/tags?post=1259820"}],"curies":[{"name":"wp","href":"https:\/\/api.w.org\/{rel}","templated":true}]}}