{"id":1259835,"date":"2025-08-25T19:55:55","date_gmt":"2025-08-26T01:55:55","guid":{"rendered":"https:\/\/www.acapulcopress.com\/?p=1259835"},"modified":"2025-08-25T20:24:05","modified_gmt":"2025-08-26T02:24:05","slug":"mc-pedira-que-edad-minima-para-votar-sea-de-16-anos","status":"publish","type":"post","link":"https:\/\/www.acapulcopress.com\/index.php\/2025\/08\/25\/mc-pedira-que-edad-minima-para-votar-sea-de-16-anos\/","title":{"rendered":"MC pedir\u00e1 que edad minima para votar sea de 16 a\u00f1os"},"content":{"rendered":"<p>CIUDAD DE M\u00c9XICO * 25 de agosto 2025<br \/>\n<em>)<a href=\"https:\/\/www.proceso.com.mx\/nacional\/2025\/8\/25\/movimiento-ciudadano-propondra-en-reforma-electoral-voto-desde-los-16-anos-357500.html\" target=\"_blank\" rel=\"noopener\"> Apro<\/a><br \/>\n<\/em>El coordinador de la bancada de<em> Movimiento Ciudadano (MC)<\/em> en el Senado, <strong>Clemente Casta\u00f1eda<\/strong>, inform\u00f3 que, en la discusi\u00f3n de la reforma electoral, su partido propondr\u00e1 que la edad para votar sea a partir de los 16 a\u00f1os y no de los 18 a\u00f1os, como ocurre actualmente.<\/p>\n<p>El emecista resalt\u00f3 que su propuesta de reducir la edad para votar es para fortalecer la participaci\u00f3n de las y los j\u00f3venes en los procesos democr\u00e1ticos, estableciendo el derecho a votar desde los 16 a\u00f1os.<\/p>\n<p>Las juventudes que reclaman derechos pol\u00edticos. A las juventudes les exigimos mucho y las atendemos poco; nos parece que \u00e9sta es una buena manera de reconocer a las juventudes como sujetos pol\u00edticos de derecho, por eso nosotros estamos planteando, como se hace ya en otros pa\u00edses, que a partir de los 16 a\u00f1os se pueda votar\u201d, explic\u00f3.<\/p>\n<p>Casta\u00f1eda detall\u00f3 que los j\u00f3venes de 16 y 17 a\u00f1os de edad pueden trabajar y pagar impuestos, por tanto, deber\u00edan tener voz y voto en los procesos democr\u00e1ticos para elegir a sus representantes.<\/p>\n<p>Adem\u00e1s, afirm\u00f3 que son las juventudes, las principales afectadas en las pol\u00edticas p\u00fablicas sobre educaci\u00f3n, medio ambiente, salud, deporte, entre otras.<\/p>\n<p>\u201cSi ya estamos en una discusi\u00f3n sobre derechos pol\u00edtico- electorales deber\u00edamos de ampliar derechos, hay que discutir a qu\u00e9 derechos nos referimos. De entrada, reconocer que ya est\u00e1n en una edad y condiciones de involucrarse activamente en la vida p\u00fablica, de poder elegir a sus representantes\u201d, enfatiz\u00f3.<\/p>\n<p><em>) <a href=\"https:\/\/www.facebook.com\/acapulcopress\" target=\"_blank\" rel=\"noopener\">ACAPULCO PRESS<\/a> |<a href=\"https:\/\/www.facebook.com\/Steparious\" target=\"_blank\" rel=\"noopener\"> fb.me\/steparious<\/a><\/em><\/p>\n","protected":false},"excerpt":{"rendered":"<p>El coordinador de la bancada de Movimiento Ciudadano (MC) en el Senado, Clemente Casta\u00f1eda, inform\u00f3 que, en la discusi\u00f3n de la reforma electoral, su partido propondr\u00e1 que la edad para votar sea a partir <\/p>\n<p>El emecista resalt\u00f3 que su propuesta de reducir la edad para votar es para fortalecer la participaci\u00f3n de las y los j\u00f3venes en los procesos democr\u00e1ticos, estableciendo el derecho a votar desde los 16 a\u00f1os.<\/p>\n<p>Las juventudes que reclaman derechos pol\u00edticos. A las juventudes les exigimos mucho y las atendemos poco; nos parece que \u00e9sta es una buena manera de reconocer a las juventudes como sujetos pol\u00edticos de derecho, por eso nosotros estamos planteando, como se hace ya en otros pa\u00edses, que a partir de los 16 a\u00f1os se pueda votar\u201d, explic\u00f3.<\/p>\n","protected":false},"author":1,"featured_media":1259836,"comment_status":"closed","ping_status":"open","sticky":false,"template":"","format":"standard","meta":{"footnotes":""},"categories":[2009],"tags":[5876,13334],"class_list":["post-1259835","post","type-post","status-publish","format-standard","has-post-thumbnail","hentry","category-politics","tag-clemente-castaneda","tag-movimiento-ciudadano-mc"],"_links":{"self":[{"href":"https:\/\/www.acapulcopress.com\/index.php\/wp-json\/wp\/v2\/posts\/1259835","targetHints":{"allow":["GET"]}}],"collection":[{"href":"https:\/\/www.acapulcopress.com\/index.php\/wp-json\/wp\/v2\/posts"}],"about":[{"href":"https:\/\/www.acapulcopress.com\/index.php\/wp-json\/wp\/v2\/types\/post"}],"author":[{"embeddable":true,"href":"https:\/\/www.acapulcopress.com\/index.php\/wp-json\/wp\/v2\/users\/1"}],"replies":[{"embeddable":true,"href":"https:\/\/www.acapulcopress.com\/index.php\/wp-json\/wp\/v2\/comments?post=1259835"}],"version-history":[{"count":5,"href":"https:\/\/www.acapulcopress.com\/index.php\/wp-json\/wp\/v2\/posts\/1259835\/revisions"}],"predecessor-version":[{"id":1259843,"href":"https:\/\/www.acapulcopress.com\/index.php\/wp-json\/wp\/v2\/posts\/1259835\/revisions\/1259843"}],"wp:featuredmedia":[{"embeddable":true,"href":"https:\/\/www.acapulcopress.com\/index.php\/wp-json\/wp\/v2\/media\/1259836"}],"wp:attachment":[{"href":"https:\/\/www.acapulcopress.com\/index.php\/wp-json\/wp\/v2\/media?parent=1259835"}],"wp:term":[{"taxonomy":"category","embeddable":true,"href":"https:\/\/www.acapulcopress.com\/index.php\/wp-json\/wp\/v2\/categories?post=1259835"},{"taxonomy":"post_tag","embeddable":true,"href":"https:\/\/www.acapulcopress.com\/index.php\/wp-json\/wp\/v2\/tags?post=1259835"}],"curies":[{"name":"wp","href":"https:\/\/api.w.org\/{rel}","templated":true}]}}