{"id":1259857,"date":"2025-08-26T19:02:03","date_gmt":"2025-08-27T01:02:03","guid":{"rendered":"https:\/\/www.acapulcopress.com\/?p=1259857"},"modified":"2025-08-26T19:02:03","modified_gmt":"2025-08-27T01:02:03","slug":"estado-reafirmo-en-ayutla-compromiso-de-respeto-hacia-pueblos-originarios","status":"publish","type":"post","link":"https:\/\/www.acapulcopress.com\/index.php\/2025\/08\/26\/estado-reafirmo-en-ayutla-compromiso-de-respeto-hacia-pueblos-originarios\/","title":{"rendered":"Estado reafirm\u00f3 en Ayutla compromiso de respeto hacia pueblos originarios"},"content":{"rendered":"<p>AYUTLA * 26 de agosto 2025<br \/>\n<em>) Gobierno de Guerrero<\/em><br \/>\nCon el prop\u00f3sito de fortalecer la seguridad y la gobernabilidad en la regi\u00f3n, el subsecretario de Desarrollo Pol\u00edtico y Social,<strong> Francisco Rodr\u00edguez Cisneros<\/strong>, encabez\u00f3 una reuni\u00f3n en la cabecera municipal de Ayutla con autoridades comunitarias y la participaci\u00f3n de la <a href=\"https:\/\/www.acapulcopress.com\/wp-content\/uploads\/2025\/08\/ayutla4.jpg\"><img loading=\"lazy\" decoding=\"async\" class=\"alignleft wp-image-1259859 size-cmsmasters-square-thumb\" src=\"https:\/\/www.acapulcopress.com\/wp-content\/uploads\/2025\/08\/ayutla4-360x360.jpg\" alt=\"\" width=\"360\" height=\"360\" srcset=\"https:\/\/www.acapulcopress.com\/wp-content\/uploads\/2025\/08\/ayutla4-360x360.jpg 360w, https:\/\/www.acapulcopress.com\/wp-content\/uploads\/2025\/08\/ayutla4-150x150.jpg 150w, https:\/\/www.acapulcopress.com\/wp-content\/uploads\/2025\/08\/ayutla4-70x70.jpg 70w\" sizes=\"auto, (max-width: 360px) 100vw, 360px\" \/><\/a>coordinadora del Concejo de los Pueblos con funciones de presidenta municipal,<strong> Elizabeth Calixto Leyva<\/strong>, con quien se reafirm\u00f3 el compromiso de unidad y respeto hacia los pueblos originarios.<\/p>\n<p>El subsecretario destac\u00f3 que el Gobierno del Estado mantiene una relaci\u00f3n de reconocimiento, trato digno y coordinaci\u00f3n con el municipio de Ayutla, que se rige bajo el sistema del Concejo y subray\u00f3 que la administraci\u00f3n estatal trabaja como facilitador y acompa\u00f1ante de las comunidades para atender las causas de la violencia, fortalecer la seguridad y garantizar la paz social, con el respaldo de la Secretar\u00eda de la Defensa Nacional y la Guardia Nacional.<\/p>\n<p>En su intervenci\u00f3n, la coordinadora del Concejo de los Pueblos con funciones de presidenta municipal, Elizabeth Calixto Leyva, agradeci\u00f3 a nombre de las comunidades la atenci\u00f3n de la gobernadora, Evelyn Salgado Pineda, en materia de seguridad y programas sociales, as\u00ed como el apoyo del Gobierno de M\u00e9xico a trav\u00e9s de la subsecretaria Roc\u00edo B\u00e1rcenas, quien recientemente llev\u00f3 a Ayutla el Tianguis del Bienestar y reconoci\u00f3 que estas acciones contribuyen a atender las causas que generan la violencia y reiter\u00f3 el compromiso de trabajar de manera coordinada con los tres \u00f3rdenes de gobierno.<\/p>\n<p>Por su parte las autoridades comunitarias manifestaron que en ning\u00fan momento la organizaci\u00f3n de los pueblos ha buscado la confrontaci\u00f3n con el Estado Mexicano, al cual expresaron su respeto, al igual que al Gobierno del Estado, enfatizaron que su inter\u00e9s es mantener un trato digno, coordinaci\u00f3n efectiva y sumar esfuerzos por la paz y la justicia.<\/p>\n<p>Respecto a versiones difundidas en redes sociales sobre una supuesta irrupci\u00f3n armada, Rodr\u00edguez Cisneros aclar\u00f3 que esas afirmaciones son falsas y precis\u00f3 que ese tema no fue abordado en la mesa de trabajo, por los que hizo un llamado a los medios a manejar con responsabilidad la informaci\u00f3n para evitar confusiones, reiterando que las actividades cotidianas y comerciales se desarrollan con normalidad en las comunidades de la regi\u00f3n.<\/p>\n<p><em>) <a href=\"https:\/\/www.facebook.com\/acapulcopress\" target=\"_blank\" rel=\"noopener\">ACAPULCO PRESS<\/a> | <a href=\"https:\/\/www.facebook.com\/acapulcopress\" target=\"_blank\" rel=\"noopener\">fb.me\/steparious<\/a><\/em><\/p>\n","protected":false},"excerpt":{"rendered":"<p>AYUTLA * 26 de agosto 2025 ) Gobierno de Guerrero Con el prop\u00f3sito de fortalecer la seguridad y la gobernabilidad en la regi\u00f3n, el subsecretario de Desarrollo Pol\u00edtico y Social, Francisco Rodr\u00edguez Cisneros, encabez\u00f3 una reuni\u00f3n en la cabecera municipal de Ayutla con autoridades comunitarias y la participaci\u00f3n de la coordinadora del Concejo de los&#8230;<\/p>\n","protected":false},"author":1,"featured_media":1259859,"comment_status":"closed","ping_status":"open","sticky":false,"template":"","format":"standard","meta":{"footnotes":""},"categories":[2080],"tags":[18723,8894],"class_list":["post-1259857","post","type-post","status-publish","format-standard","has-post-thumbnail","hentry","category-regiones-de-guerrero","tag-elizabeth-calixto-leyva","tag-francisco-rodriguez-cisneros"],"_links":{"self":[{"href":"https:\/\/www.acapulcopress.com\/index.php\/wp-json\/wp\/v2\/posts\/1259857","targetHints":{"allow":["GET"]}}],"collection":[{"href":"https:\/\/www.acapulcopress.com\/index.php\/wp-json\/wp\/v2\/posts"}],"about":[{"href":"https:\/\/www.acapulcopress.com\/index.php\/wp-json\/wp\/v2\/types\/post"}],"author":[{"embeddable":true,"href":"https:\/\/www.acapulcopress.com\/index.php\/wp-json\/wp\/v2\/users\/1"}],"replies":[{"embeddable":true,"href":"https:\/\/www.acapulcopress.com\/index.php\/wp-json\/wp\/v2\/comments?post=1259857"}],"version-history":[{"count":1,"href":"https:\/\/www.acapulcopress.com\/index.php\/wp-json\/wp\/v2\/posts\/1259857\/revisions"}],"predecessor-version":[{"id":1259860,"href":"https:\/\/www.acapulcopress.com\/index.php\/wp-json\/wp\/v2\/posts\/1259857\/revisions\/1259860"}],"wp:featuredmedia":[{"embeddable":true,"href":"https:\/\/www.acapulcopress.com\/index.php\/wp-json\/wp\/v2\/media\/1259859"}],"wp:attachment":[{"href":"https:\/\/www.acapulcopress.com\/index.php\/wp-json\/wp\/v2\/media?parent=1259857"}],"wp:term":[{"taxonomy":"category","embeddable":true,"href":"https:\/\/www.acapulcopress.com\/index.php\/wp-json\/wp\/v2\/categories?post=1259857"},{"taxonomy":"post_tag","embeddable":true,"href":"https:\/\/www.acapulcopress.com\/index.php\/wp-json\/wp\/v2\/tags?post=1259857"}],"curies":[{"name":"wp","href":"https:\/\/api.w.org\/{rel}","templated":true}]}}