{"id":1259868,"date":"2025-08-26T20:14:17","date_gmt":"2025-08-27T02:14:17","guid":{"rendered":"https:\/\/www.acapulcopress.com\/?p=1259868"},"modified":"2025-08-26T20:15:10","modified_gmt":"2025-08-27T02:15:10","slug":"gobernadora-gestiona-en-cdmx-proyectos-de-abasto-y-desarrollo-para-el-campo-guerrerense","status":"publish","type":"post","link":"https:\/\/www.acapulcopress.com\/index.php\/2025\/08\/26\/gobernadora-gestiona-en-cdmx-proyectos-de-abasto-y-desarrollo-para-el-campo-guerrerense\/","title":{"rendered":"Gobernadora gestiona en Cdmx proyectos de desarrollo para el campo guerrerense"},"content":{"rendered":"<p>CIUDAD DE M\u00c9XICO * 26 de agosto 2025<br \/>\n<em>) Gobierno de Guerrero<\/em><br \/>\n<a href=\"https:\/\/www.acapulcopress.com\/wp-content\/uploads\/2025\/08\/evelyn-cdmx3.jpg\"><img loading=\"lazy\" decoding=\"async\" class=\"alignleft wp-image-1259871 size-cmsmasters-square-thumb\" src=\"https:\/\/www.acapulcopress.com\/wp-content\/uploads\/2025\/08\/evelyn-cdmx3-360x360.jpg\" alt=\"\" width=\"360\" height=\"360\" srcset=\"https:\/\/www.acapulcopress.com\/wp-content\/uploads\/2025\/08\/evelyn-cdmx3-360x360.jpg 360w, https:\/\/www.acapulcopress.com\/wp-content\/uploads\/2025\/08\/evelyn-cdmx3-150x150.jpg 150w, https:\/\/www.acapulcopress.com\/wp-content\/uploads\/2025\/08\/evelyn-cdmx3-70x70.jpg 70w\" sizes=\"auto, (max-width: 360px) 100vw, 360px\" \/><\/a>La gobernadora Evelyn Salgado Pineda sostuvo una reuni\u00f3n de trabajo en la Ciudad de M\u00e9xico con la directora general de Alimentaci\u00f3n para el Bienestar, Mar\u00eda Luisa Albores Gonz\u00e1lez, en la que se revisaron y gestionaron proyectos estrat\u00e9gicos para Guerrero para impulsar las Tiendas del Bienestar, el acopio y distribuci\u00f3n de ma\u00edz.<\/p>\n<p>La mandataria estatal, quien fue acompa\u00f1ada por el secretario de Agricultura, Ganader\u00eda, Pesca y Desarrollo Rural de Guerrero, Alejandro Zepeda Castorena, destac\u00f3 que estas acciones fortalecer\u00e1n el desarrollo del campo y adelant\u00f3 que \u201cse vienen buenas noticias para nuestras productoras y productores de caf\u00e9, jamaica, ma\u00edz, coco y muchos m\u00e1s, porque cada acci\u00f3n que emprendemos abre m\u00e1s oportunidades y mejora la vida de las y los guerrerenses\u201d.<\/p>\n<p><em>) <a href=\"https:\/\/www.facebook.com\/acapulcopress\" target=\"_blank\" rel=\"noopener\">ACAPULCO PRESS<\/a> | <a href=\"https:\/\/www.facebook.com\/Steparious\" target=\"_blank\" rel=\"noopener\">fb.me\/steparious<\/a><\/em><\/p>\n","protected":false},"excerpt":{"rendered":"<p>CIUDAD DE M\u00c9XICO * 26 de agosto 2025 ) Gobierno de Guerrero La gobernadora Evelyn Salgado Pineda sostuvo una reuni\u00f3n de trabajo en la Ciudad de M\u00e9xico con la directora general de Alimentaci\u00f3n para el Bienestar, Mar\u00eda Luisa Albores Gonz\u00e1lez, en la que se revisaron y gestionaron proyectos estrat\u00e9gicos para Guerrero para impulsar las Tiendas&#8230;<\/p>\n","protected":false},"author":1,"featured_media":1259870,"comment_status":"closed","ping_status":"open","sticky":false,"template":"","format":"standard","meta":{"footnotes":""},"categories":[1980,1983],"tags":[],"class_list":["post-1259868","post","type-post","status-publish","format-standard","has-post-thumbnail","hentry","category-goverment-2","category-guerrerogob"],"_links":{"self":[{"href":"https:\/\/www.acapulcopress.com\/index.php\/wp-json\/wp\/v2\/posts\/1259868","targetHints":{"allow":["GET"]}}],"collection":[{"href":"https:\/\/www.acapulcopress.com\/index.php\/wp-json\/wp\/v2\/posts"}],"about":[{"href":"https:\/\/www.acapulcopress.com\/index.php\/wp-json\/wp\/v2\/types\/post"}],"author":[{"embeddable":true,"href":"https:\/\/www.acapulcopress.com\/index.php\/wp-json\/wp\/v2\/users\/1"}],"replies":[{"embeddable":true,"href":"https:\/\/www.acapulcopress.com\/index.php\/wp-json\/wp\/v2\/comments?post=1259868"}],"version-history":[{"count":2,"href":"https:\/\/www.acapulcopress.com\/index.php\/wp-json\/wp\/v2\/posts\/1259868\/revisions"}],"predecessor-version":[{"id":1259874,"href":"https:\/\/www.acapulcopress.com\/index.php\/wp-json\/wp\/v2\/posts\/1259868\/revisions\/1259874"}],"wp:featuredmedia":[{"embeddable":true,"href":"https:\/\/www.acapulcopress.com\/index.php\/wp-json\/wp\/v2\/media\/1259870"}],"wp:attachment":[{"href":"https:\/\/www.acapulcopress.com\/index.php\/wp-json\/wp\/v2\/media?parent=1259868"}],"wp:term":[{"taxonomy":"category","embeddable":true,"href":"https:\/\/www.acapulcopress.com\/index.php\/wp-json\/wp\/v2\/categories?post=1259868"},{"taxonomy":"post_tag","embeddable":true,"href":"https:\/\/www.acapulcopress.com\/index.php\/wp-json\/wp\/v2\/tags?post=1259868"}],"curies":[{"name":"wp","href":"https:\/\/api.w.org\/{rel}","templated":true}]}}